{"id":9627,"date":"2018-12-27T13:59:04","date_gmt":"2018-12-27T16:59:04","guid":{"rendered":"http:\/\/observatorioconurbano.ungs.edu.ar\/?p=9627"},"modified":"2025-04-05T19:25:19","modified_gmt":"2025-04-05T22:25:19","slug":"poblacion-con-dificultad-o-limitacion-permanente-y-prevalencia-de-la-dificultad-o-limitacion-permanente-segun-sexo-y-grupo-de-edad-2-2","status":"publish","type":"post","link":"https:\/\/observatorioconurbano.ungs.edu.ar\/?p=9627","title":{"rendered":"Prevalencia de poblaci\u00f3n con dificultad de 6 a\u00f1os y m\u00e1s por regiones. Localidades de 5.000 habitantes y m\u00e1s. En porcentajes"},"content":{"rendered":"<p>Gran Buenos Aires, Cuyo, Noreste, Noroeste, Regi\u00f3n Pampeana, Regi\u00f3n Patag\u00f3nica y total pa\u00eds. A\u00f1o 2018<\/p>\n<!-- WP Attachments -->\r\n        <div style=\"width:100%;margin:10px 0 10px 0;\">\r\n            <h3>Documentos<\/h3>\r\n        <ul class=\"post-attachments\"><li class=\"post-attachment mime-application-pdf\">                                                                                                                                                                                                                                                                              <a target=\"_blank\" rel=\"noopener noreferrer\" href=\"https:\/\/observatorioconurbano.ungs.edu.ar\/?p=9627&#038;download=13118\">376-Poblacion-con-discapacidad-2018<\/a> <\/li><li class=\"post-attachment mime-application-vnd-ms-excel\">                                                                                                                                                                                                                                                                              <a target=\"_blank\" rel=\"noopener noreferrer\" href=\"https:\/\/observatorioconurbano.ungs.edu.ar\/?p=9627&#038;download=13119\">376-Poblacion-con-discapacidad-2018<\/a> <\/li><\/ul><\/div>","protected":false},"excerpt":{"rendered":"<p>Gran Buenos Aires, Cuyo, Noreste, Noroeste, Regi\u00f3n Pampeana, Regi\u00f3n Patag\u00f3nica  [&#8230;]<\/p>\n","protected":false},"author":2,"featured_media":0,"comment_status":"closed","ping_status":"closed","sticky":false,"template":"","format":"standard","meta":{"_exactmetrics_skip_tracking":false,"_exactmetrics_sitenote_active":false,"_exactmetrics_sitenote_note":"","_exactmetrics_sitenote_category":0,"footnotes":""},"categories":[13,323,3,16,7,229,5,4],"tags":[453,454,455],"class_list":["post-9627","post","type-post","status-publish","format-standard","hentry","category-area-metropolitana-de-buenos-aires","category-discapacidad","category-indicadores","category-partidos","category-politicas-sociales","category-salud","category-temas","category-territorios","tag-discapacidad","tag-gran-buenos-aires-area-metropolitana-de-buenos-aires","tag-poblacion-con-dificultad"],"_links":{"self":[{"href":"https:\/\/observatorioconurbano.ungs.edu.ar\/index.php?rest_route=\/wp\/v2\/posts\/9627","targetHints":{"allow":["GET"]}}],"collection":[{"href":"https:\/\/observatorioconurbano.ungs.edu.ar\/index.php?rest_route=\/wp\/v2\/posts"}],"about":[{"href":"https:\/\/observatorioconurbano.ungs.edu.ar\/index.php?rest_route=\/wp\/v2\/types\/post"}],"author":[{"embeddable":true,"href":"https:\/\/observatorioconurbano.ungs.edu.ar\/index.php?rest_route=\/wp\/v2\/users\/2"}],"replies":[{"embeddable":true,"href":"https:\/\/observatorioconurbano.ungs.edu.ar\/index.php?rest_route=%2Fwp%2Fv2%2Fcomments&post=9627"}],"version-history":[{"count":1,"href":"https:\/\/observatorioconurbano.ungs.edu.ar\/index.php?rest_route=\/wp\/v2\/posts\/9627\/revisions"}],"predecessor-version":[{"id":9630,"href":"https:\/\/observatorioconurbano.ungs.edu.ar\/index.php?rest_route=\/wp\/v2\/posts\/9627\/revisions\/9630"}],"wp:attachment":[{"href":"https:\/\/observatorioconurbano.ungs.edu.ar\/index.php?rest_route=%2Fwp%2Fv2%2Fmedia&parent=9627"}],"wp:term":[{"taxonomy":"category","embeddable":true,"href":"https:\/\/observatorioconurbano.ungs.edu.ar\/index.php?rest_route=%2Fwp%2Fv2%2Fcategories&post=9627"},{"taxonomy":"post_tag","embeddable":true,"href":"https:\/\/observatorioconurbano.ungs.edu.ar\/index.php?rest_route=%2Fwp%2Fv2%2Ftags&post=9627"}],"curies":[{"name":"wp","href":"https:\/\/api.w.org\/{rel}","templated":true}]}}