{"id":7968,"date":"2017-11-05T10:32:54","date_gmt":"2017-11-05T13:32:54","guid":{"rendered":"http:\/\/observatorioconurbano.ungs.edu.ar\/?p=7968"},"modified":"2019-09-22T12:47:18","modified_gmt":"2019-09-22T15:47:18","slug":"mas-30-experiencias-se-reunieron-seminario-taller-observatorios-socio-territoriales-america-latina","status":"publish","type":"post","link":"https:\/\/observatorioconurbano.ungs.edu.ar\/?p=7968","title":{"rendered":"M\u00e1s de 30 experiencias se reunieron en Seminario-taller sobre Observatorios socio-territoriales de Am\u00e9rica Latina"},"content":{"rendered":"<p><div class=\"fusion-fullwidth fullwidth-box fusion-builder-row-1 nonhundred-percent-fullwidth non-hundred-percent-height-scrolling\" style=\"--awb-background-position:left top;--awb-border-radius-top-left:0px;--awb-border-radius-top-right:0px;--awb-border-radius-bottom-right:0px;--awb-border-radius-bottom-left:0px;--awb-padding-top:20px;--awb-padding-bottom:20px;--awb-border-sizes-top:0px;--awb-border-sizes-bottom:0px;--awb-flex-wrap:wrap;\" ><div class=\"fusion-builder-row fusion-row\"><div class=\"fusion-layout-column fusion_builder_column fusion-builder-column-0 fusion_builder_column_1_2 1_2 fusion-one-half fusion-column-first\" style=\"--awb-bg-size:cover;width:48%; margin-right: 4%;\"><div class=\"fusion-column-wrapper fusion-flex-column-wrapper-legacy\"><div class=\"fusion-text fusion-text-1\"><p>M\u00e1s de un centenar de asistentes en representaci\u00f3n de una treintena de instituciones acad\u00e9micas, gubernamentales y de organizaciones de la sociedad civil, se dieron cita en el seminario-taller \u201cObservatorios socio-territoriales de Am\u00e9rica Latina: avances y desaf\u00edos\u201d. La jornada, llevada a cabo en la Facultad de Sociales de la Universidad de Buenos Aires (UBA) el 30 y 31 de octubre pasado, cont\u00f3 con una nutrida presencia de experiencias provenientes de Argentina, Chile, Brasil, Colombia, M\u00e9xico y Uruguay.<\/p>\n<p>El acad\u00e9mico brasile\u00f1o expuso la historia y la evoluci\u00f3n de la experiencia del <a href=\"http:\/\/www.observatoriodasmetropoles.net\" target=\"_blank\" rel=\"noopener noreferrer\">Observat\u00f3rio Das Metropoles<\/a> (IPPUR &#8211; Instituto de Pesquisa e Planejamento Urbano e Regional da Universidade Federal do Rio de Janeiro).<\/p>\n<p>La actividad fue organizada por la <a href=\"http:\/\/observatorioconurbano.ungs.edu.ar\/?p=7019\" target=\"_blank\" rel=\"noopener noreferrer\">Red de Observatorios Territoriales de Am\u00e9rica Latina -en conformaci\u00f3n-<\/a>, que desde el 2016 viene trabajando de forma articulada, nucleando experiencias del cono sur y M\u00e9xico, y de la cual el Observatorio del Conurbano Bonaerense (ICO-UNGS), forma parte.<\/p>\n<p>El panel de presentaci\u00f3n cont\u00f3 con las voces de Carolina Mera, directora del Instituto de Investigaciones Gino Germani (UBA), Nicol\u00e1s Rivas, director de la carrera de Trabajo Social (UBA), Gustavo Kohan, director del Instituto del Conurbano (UNGS) y Hugo Arrillaga, en representaci\u00f3n de la Asociaci\u00f3n de Universidades Grupo Montevideo (AUGM). La mesa, integrada por representantes de las instituciones organizadoras de las jornadas, destac\u00f3 la importancia de la articulaci\u00f3n entre Observatorios.<\/p>\n<p><strong>Conferencia magistral<\/strong><\/p>\n<p>En la apertura de la primera jornada, se desarroll\u00f3 la conferencia magistral \u201cObservat\u00f3rio Das Metropoles: investigaci\u00f3n en red y acci\u00f3n\u201d, a cargo del Dr. Luiz Cesar Queiroz Ribeiro, fundador y coordinador de dicha red de instituciones de Brasil.<\/p>\n<\/div><div class=\"fusion-clearfix\"><\/div><\/div><\/div><div class=\"fusion-layout-column fusion_builder_column fusion-builder-column-1 fusion_builder_column_1_2 1_2 fusion-one-half fusion-column-last\" style=\"--awb-bg-size:cover;width:48%;\"><div class=\"fusion-column-wrapper fusion-flex-column-wrapper-legacy\"><div class=\"fusion-text fusion-text-2\"><p>El acad\u00e9mico brasile\u00f1o expuso la historia y la evoluci\u00f3n de la experiencia del <a href=\"http:\/\/www.observatoriodasmetropoles.net\">Observat\u00f3rio Das Metropoles<\/a> (IPPUR &#8211; Instituto de Pesquisa e Planejamento Urbano e Regional da Universidade Federal do Rio de Janeiro). Durante la charla, abord\u00f3 aspectos conceptuales y metodol\u00f3gicos sobre la red, y sobre su organizaci\u00f3n y estructura. Tambi\u00e9n hizo especial hincapi\u00e9 en la producci\u00f3n de conocimiento e informaci\u00f3n calificada, y su posterior difusi\u00f3n e incidencia sobre los actores de gobierno y de la sociedad sociedad civil, que a lo largo de dos d\u00e9cadas ha logrado impulsar cambios en las pol\u00edticas p\u00fablicas del vecino pa\u00eds. Destac\u00f3 tambi\u00e9n los retos y desaf\u00edos a futuro frente a la realidad actual de la pol\u00edtica brasile\u00f1a.<\/p>\n<p><strong>Sobre las jornadas<\/strong><\/p>\n<p>La agenda de ambas jornadas se complet\u00f3 con la exposici\u00f3n de 25 experiencias de Observatorios, Institutos y Centros de Estudios de Universidades p\u00fablicas y privadas, adem\u00e1s de gobiernos provinciales y locales.<\/p>\n<p>Las tem\u00e1ticas presentadas incluyeron: aspectos sociales y econ\u00f3micos; conflictos sociales; acceso y an\u00e1lisis de informaci\u00f3n p\u00fablica; institucionalidad, estudios electorales e integraci\u00f3n regional; evaluaci\u00f3n y difusi\u00f3n de pol\u00edticas y gesti\u00f3n p\u00fablica; ciudades y gobiernos locales; derechos de la ni\u00f1ez y adolescencia; relaciones econ\u00f3micas internacionales; territorio y fen\u00f3menos urbanos, entre otros.<\/p>\n<p>Asimismo, se desarrollaron dos talleres de trabajo sobre aspectos te\u00f3ricos y metodol\u00f3gicos, y sobre estrategias relativas a la comunicaci\u00f3n, difusi\u00f3n y visualizaci\u00f3n de datos. La coordinaci\u00f3n estuvo a cargo de miembros de los mismos observatorios, con una metodolog\u00eda de reflexi\u00f3n sobre la experiencia propia, aciertos, dificultades y desaf\u00edos. De los mismos surgieron lineamientos para conformar una agenda de trabajo com\u00fan, en el camino a continuar formalizando la Red de Observatorios Socio-Territoriales de Am\u00e9rica Latina.<\/p>\n<\/div><div class=\"fusion-clearfix\"><\/div><\/div><\/div><div class=\"fusion-layout-column fusion_builder_column fusion-builder-column-2 fusion_builder_column_1_6 1_6 fusion-one-sixth fusion-column-first\" style=\"--awb-bg-size:cover;width:13.3333%; margin-right: 4%;\"><div class=\"fusion-column-wrapper fusion-flex-column-wrapper-legacy\"><div class=\"fusion-clearfix\"><\/div><\/div><\/div><div class=\"fusion-layout-column fusion_builder_column fusion-builder-column-3 fusion_builder_column_2_3 2_3 fusion-two-third\" style=\"--awb-padding-right:auto;--awb-padding-left:auto;--awb-bg-position:center center;--awb-bg-size:cover;width:65.3333%; margin-right: 4%;\"><div class=\"fusion-column-wrapper fusion-flex-column-wrapper-legacy\"><div class=\"fusion-post-slider fusion-flexslider fusion-flexslider-loading flexslider-attachments flexslider-lightbox\"><ul class=\"slides\"><li data-thumb=\"https:\/\/observatorioconurbano.ungs.edu.ar\/wp-content\/uploads\/seminario-taller-1.jpg\"><a href=\"https:\/\/observatorioconurbano.ungs.edu.ar\/wp-content\/uploads\/seminario-taller-1.jpg\" data-title=\"seminario-taller-(1)\" title=\"seminario-taller-(1)\" data-caption=\"\" data-rel=\"prettyPhoto[flex_1]\"><img decoding=\"async\" width=\"800\" height=\"600\" class=\"wp-image-7976\" src=\"https:\/\/observatorioconurbano.ungs.edu.ar\/wp-content\/uploads\/seminario-taller-1.jpg\" alt=\"\" \/><\/a><\/li><li data-thumb=\"https:\/\/observatorioconurbano.ungs.edu.ar\/wp-content\/uploads\/seminario-taller-2.jpg\"><a href=\"https:\/\/observatorioconurbano.ungs.edu.ar\/wp-content\/uploads\/seminario-taller-2.jpg\" data-title=\"seminario-taller-(2)\" title=\"seminario-taller-(2)\" data-caption=\"\" data-rel=\"prettyPhoto[flex_1]\"><img decoding=\"async\" width=\"800\" height=\"600\" class=\"wp-image-7977\" src=\"https:\/\/observatorioconurbano.ungs.edu.ar\/wp-content\/uploads\/seminario-taller-2.jpg\" alt=\"\" \/><\/a><\/li><li data-thumb=\"https:\/\/observatorioconurbano.ungs.edu.ar\/wp-content\/uploads\/seminario-taller-3.jpg\"><a href=\"https:\/\/observatorioconurbano.ungs.edu.ar\/wp-content\/uploads\/seminario-taller-3.jpg\" data-title=\"seminario-taller-(3)\" title=\"seminario-taller-(3)\" data-caption=\"\" data-rel=\"prettyPhoto[flex_1]\"><img decoding=\"async\" width=\"800\" height=\"600\" class=\"wp-image-7978\" src=\"https:\/\/observatorioconurbano.ungs.edu.ar\/wp-content\/uploads\/seminario-taller-3.jpg\" alt=\"\" \/><\/a><\/li><li data-thumb=\"https:\/\/observatorioconurbano.ungs.edu.ar\/wp-content\/uploads\/seminario-taller-4.jpg\"><a href=\"https:\/\/observatorioconurbano.ungs.edu.ar\/wp-content\/uploads\/seminario-taller-4.jpg\" data-title=\"seminario-taller-(4)\" title=\"seminario-taller-(4)\" data-caption=\"\" data-rel=\"prettyPhoto[flex_1]\"><img decoding=\"async\" width=\"800\" height=\"600\" class=\"wp-image-7979\" src=\"https:\/\/observatorioconurbano.ungs.edu.ar\/wp-content\/uploads\/seminario-taller-4.jpg\" alt=\"\" \/><\/a><\/li><li data-thumb=\"https:\/\/observatorioconurbano.ungs.edu.ar\/wp-content\/uploads\/seminario-taller-5.jpg\"><a href=\"https:\/\/observatorioconurbano.ungs.edu.ar\/wp-content\/uploads\/seminario-taller-5.jpg\" data-title=\"seminario-taller-(5)\" title=\"seminario-taller-(5)\" data-caption=\"\" data-rel=\"prettyPhoto[flex_1]\"><img decoding=\"async\" width=\"800\" height=\"600\" class=\"wp-image-7980\" src=\"https:\/\/observatorioconurbano.ungs.edu.ar\/wp-content\/uploads\/seminario-taller-5.jpg\" alt=\"\" \/><\/a><\/li><li data-thumb=\"https:\/\/observatorioconurbano.ungs.edu.ar\/wp-content\/uploads\/seminario-taller-6.jpg\"><a href=\"https:\/\/observatorioconurbano.ungs.edu.ar\/wp-content\/uploads\/seminario-taller-6.jpg\" data-title=\"seminario-taller-(6)\" title=\"seminario-taller-(6)\" data-caption=\"\" data-rel=\"prettyPhoto[flex_1]\"><img decoding=\"async\" width=\"800\" height=\"600\" class=\"wp-image-7981\" src=\"https:\/\/observatorioconurbano.ungs.edu.ar\/wp-content\/uploads\/seminario-taller-6.jpg\" alt=\"\" \/><\/a><\/li><li data-thumb=\"https:\/\/observatorioconurbano.ungs.edu.ar\/wp-content\/uploads\/seminario-taller-7.jpg\"><a href=\"https:\/\/observatorioconurbano.ungs.edu.ar\/wp-content\/uploads\/seminario-taller-7.jpg\" data-title=\"seminario-taller-(7)\" title=\"seminario-taller-(7)\" data-caption=\"\" data-rel=\"prettyPhoto[flex_1]\"><img decoding=\"async\" width=\"800\" height=\"600\" class=\"wp-image-7982\" src=\"https:\/\/observatorioconurbano.ungs.edu.ar\/wp-content\/uploads\/seminario-taller-7.jpg\" alt=\"\" \/><\/a><\/li><li data-thumb=\"https:\/\/observatorioconurbano.ungs.edu.ar\/wp-content\/uploads\/seminario-taller-8.jpg\"><a href=\"https:\/\/observatorioconurbano.ungs.edu.ar\/wp-content\/uploads\/seminario-taller-8.jpg\" data-title=\"seminario-taller-(8)\" title=\"seminario-taller-(8)\" data-caption=\"\" data-rel=\"prettyPhoto[flex_1]\"><img decoding=\"async\" width=\"800\" height=\"600\" class=\"wp-image-7983\" src=\"https:\/\/observatorioconurbano.ungs.edu.ar\/wp-content\/uploads\/seminario-taller-8.jpg\" alt=\"\" \/><\/a><\/li><li data-thumb=\"https:\/\/observatorioconurbano.ungs.edu.ar\/wp-content\/uploads\/seminario-taller-9.jpg\"><a href=\"https:\/\/observatorioconurbano.ungs.edu.ar\/wp-content\/uploads\/seminario-taller-9.jpg\" data-title=\"seminario-taller-(9)\" title=\"seminario-taller-(9)\" data-caption=\"\" data-rel=\"prettyPhoto[flex_1]\"><img decoding=\"async\" width=\"1182\" height=\"600\" class=\"wp-image-7984\" src=\"https:\/\/observatorioconurbano.ungs.edu.ar\/wp-content\/uploads\/seminario-taller-9.jpg\" alt=\"\" \/><\/a><\/li><\/ul><\/div><div class=\"flexslider fat\"><\/div><div class=\"fusion-clearfix\"><\/div><\/div><\/div><div class=\"fusion-layout-column fusion_builder_column fusion-builder-column-4 fusion_builder_column_1_6 1_6 fusion-one-sixth fusion-column-last\" style=\"--awb-bg-size:cover;width:13.3333%;\"><div class=\"fusion-column-wrapper fusion-flex-column-wrapper-legacy\"><div class=\"fusion-clearfix\"><\/div><\/div><\/div><\/div><\/div><div class=\"fusion-fullwidth fullwidth-box fusion-builder-row-2 nonhundred-percent-fullwidth non-hundred-percent-height-scrolling\" style=\"--awb-background-position:left top;--awb-border-radius-top-left:0px;--awb-border-radius-top-right:0px;--awb-border-radius-bottom-right:0px;--awb-border-radius-bottom-left:0px;--awb-padding-top:20px;--awb-padding-bottom:20px;--awb-border-sizes-top:0px;--awb-border-sizes-bottom:0px;--awb-flex-wrap:wrap;\" ><div class=\"fusion-builder-row fusion-row\"><div class=\"fusion-layout-column fusion_builder_column fusion-builder-column-5 fusion_builder_column_1_1 1_1 fusion-one-full fusion-column-first fusion-column-last\" style=\"--awb-bg-size:cover;\"><div class=\"fusion-column-wrapper fusion-flex-column-wrapper-legacy\"><div class=\"fusion-text fusion-text-3\"><p>VER M\u00c1S FOTOS<a href=\"https:\/\/drive.google.com\/drive\/folders\/0B_nWxUrukNqrb0oxMk12Sy1EaFE\" target=\"_blank\" rel=\"noopener noreferrer\"> AQU\u00cd<\/a><\/p>\n<\/div><div class=\"fusion-clearfix\"><\/div><\/div><\/div><\/div><\/div><\/p>\n","protected":false},"excerpt":{"rendered":"","protected":false},"author":2,"featured_media":7988,"comment_status":"closed","ping_status":"closed","sticky":false,"template":"","format":"standard","meta":{"_exactmetrics_skip_tracking":false,"_exactmetrics_sitenote_active":false,"_exactmetrics_sitenote_note":"","_exactmetrics_sitenote_category":0,"footnotes":""},"categories":[249,202],"tags":[],"class_list":["post-7968","post","type-post","status-publish","format-standard","has-post-thumbnail","hentry","category-actividades","category-agenda"],"_links":{"self":[{"href":"https:\/\/observatorioconurbano.ungs.edu.ar\/index.php?rest_route=\/wp\/v2\/posts\/7968","targetHints":{"allow":["GET"]}}],"collection":[{"href":"https:\/\/observatorioconurbano.ungs.edu.ar\/index.php?rest_route=\/wp\/v2\/posts"}],"about":[{"href":"https:\/\/observatorioconurbano.ungs.edu.ar\/index.php?rest_route=\/wp\/v2\/types\/post"}],"author":[{"embeddable":true,"href":"https:\/\/observatorioconurbano.ungs.edu.ar\/index.php?rest_route=\/wp\/v2\/users\/2"}],"replies":[{"embeddable":true,"href":"https:\/\/observatorioconurbano.ungs.edu.ar\/index.php?rest_route=%2Fwp%2Fv2%2Fcomments&post=7968"}],"version-history":[{"count":19,"href":"https:\/\/observatorioconurbano.ungs.edu.ar\/index.php?rest_route=\/wp\/v2\/posts\/7968\/revisions"}],"predecessor-version":[{"id":11411,"href":"https:\/\/observatorioconurbano.ungs.edu.ar\/index.php?rest_route=\/wp\/v2\/posts\/7968\/revisions\/11411"}],"wp:featuredmedia":[{"embeddable":true,"href":"https:\/\/observatorioconurbano.ungs.edu.ar\/index.php?rest_route=\/wp\/v2\/media\/7988"}],"wp:attachment":[{"href":"https:\/\/observatorioconurbano.ungs.edu.ar\/index.php?rest_route=%2Fwp%2Fv2%2Fmedia&parent=7968"}],"wp:term":[{"taxonomy":"category","embeddable":true,"href":"https:\/\/observatorioconurbano.ungs.edu.ar\/index.php?rest_route=%2Fwp%2Fv2%2Fcategories&post=7968"},{"taxonomy":"post_tag","embeddable":true,"href":"https:\/\/observatorioconurbano.ungs.edu.ar\/index.php?rest_route=%2Fwp%2Fv2%2Ftags&post=7968"}],"curies":[{"name":"wp","href":"https:\/\/api.w.org\/{rel}","templated":true}]}}