{"id":7110,"date":"2021-08-23T11:49:41","date_gmt":"2021-08-23T14:49:41","guid":{"rendered":"http:\/\/observatorioconurbano.ungs.edu.ar\/?p=7110"},"modified":"2021-10-27T15:05:55","modified_gmt":"2021-10-27T18:05:55","slug":"red-comunitaria-encuentro-tiempos-duros-esperanza","status":"publish","type":"post","link":"https:\/\/observatorioconurbano.ungs.edu.ar\/?p=7110","title":{"rendered":"Red Comunitaria El Encuentro: tiempos duros, con esperanza"},"content":{"rendered":"<div class=\"fusion-fullwidth fullwidth-box fusion-builder-row-1 nonhundred-percent-fullwidth non-hundred-percent-height-scrolling\" style=\"--awb-background-position:left top;--awb-border-radius-top-left:0px;--awb-border-radius-top-right:0px;--awb-border-radius-bottom-right:0px;--awb-border-radius-bottom-left:0px;--awb-padding-top:20px;--awb-padding-bottom:20px;--awb-border-sizes-top:0px;--awb-border-sizes-bottom:0px;--awb-flex-wrap:wrap;\" ><div class=\"fusion-builder-row fusion-row\"><div class=\"fusion-layout-column fusion_builder_column fusion-builder-column-0 fusion_builder_column_2_5 2_5 fusion-two-fifth fusion-column-first\" style=\"--awb-bg-size:cover;width:37.6%; margin-right: 4%;\"><div class=\"fusion-column-wrapper fusion-flex-column-wrapper-legacy\"><div class=\"fusion-image-element in-legacy-container\" style=\"--awb-caption-title-font-family:var(--h2_typography-font-family);--awb-caption-title-font-weight:var(--h2_typography-font-weight);--awb-caption-title-font-style:var(--h2_typography-font-style);--awb-caption-title-size:var(--h2_typography-font-size);--awb-caption-title-transform:var(--h2_typography-text-transform);--awb-caption-title-line-height:var(--h2_typography-line-height);--awb-caption-title-letter-spacing:var(--h2_typography-letter-spacing);\"><span class=\" fusion-imageframe imageframe-none imageframe-1 hover-type-none\"><img decoding=\"async\" src=\"http:\/\/observatorioconurbano.ungs.edu.ar\/wp-content\/uploads\/Equipo-Traccionador-de-Red-El-Encuentro-500.jpg\" alt class=\"img-responsive\"\/><\/span><\/div><div class=\"fusion-sep-clear\"><\/div><div class=\"fusion-separator fusion-full-width-sep\" style=\"margin-left: auto;margin-right: auto;width:100%;\"><\/div><div class=\"fusion-sep-clear\"><\/div><div class=\"fusion-clearfix\"><\/div><\/div><\/div><div class=\"fusion-layout-column fusion_builder_column fusion-builder-column-1 fusion_builder_column_3_5 3_5 fusion-three-fifth fusion-column-last\" style=\"--awb-bg-size:cover;width:58.4%;\"><div class=\"fusion-column-wrapper fusion-flex-column-wrapper-legacy\"><div class=\"fusion-text fusion-text-1\"><p style=\"text-align: right;\"><em>Por Anabella Zamora [1]<\/em><\/p>\n<\/div><div class=\"fusion-text fusion-text-2\"><p>Las cifras que el INDEC dio a conocer en la Encuesta Permanente de Hogares (EPH) para el segundo, tercer y cuarto trimestre del 2016, muestran una grave situaci\u00f3n en el Conurbano Bonaerense en lo que respecta a pobreza.<\/p>\n<p>De acuerdo a los indicadores correspondientes al cuarto trimestre de 2016, <a href=\"http:\/\/observatorioconurbano.ungs.edu.ar\/wp-content\/uploads\/304-Pobreza-IV-Trim.-2016.pdf\" target=\"_blank\" rel=\"noopener noreferrer\">m\u00e1s de 4 millones de\u00a0 personas son pobres, es decir, un 34,1%<\/a> del total de la poblaci\u00f3n que vive en el Conurbano (m\u00e1s de 11 millones de habitantes).<\/p>\n<p>A su vez, seg\u00fan estos resultados, los menores de 18 a\u00f1os que son pobres <a href=\"http:\/\/observatorioconurbano.ungs.edu.ar\/wp-content\/uploads\/304-Pobreza-IV-Trim.-2016.pdf\" target=\"_blank\" rel=\"noopener noreferrer\">\u00a0superan el\u00a0 1 mill\u00f3n y medio, que representan un 49,6%<\/a> del total de esa poblaci\u00f3n (en el Conurbano viven m\u00e1s de 3 millones de menores de 18 a\u00f1os).<\/p>\n<p>Frente a estas cifras, quisimos conocer c\u00f3mo se vive esta realidad en los barrios del Conurbano. Por eso entrevistamos a referentes de la\u00a0<a href=\"http:\/\/redelencuentro.blogspot.com.ar\/\" target=\"_blank\" rel=\"noopener noreferrer\">Red \u00a0Comunitaria El Encuentro<\/a>.<\/p>\n<p>Esta Red, con 25 a\u00f1os de trayectoria, est\u00e1 integrada por 15 centros comunitarios que\u00a0 destinan su trabajo a una poblaci\u00f3n cuyas caracter\u00edsticas m\u00e1s significativas son: \u00a0alta cantidad de ni\u00f1os y j\u00f3venes; \u00a0precariedad en la situaci\u00f3n laboral; bajos niveles de escolarizaci\u00f3n de la poblaci\u00f3n adulta; gran cantidad de j\u00f3venes que quedan afuera del mercado laboral y de la escuela; y altos niveles de pobreza, con grandes proporciones de hogares con necesidades b\u00e1sicas insatisfechas, que se encuentran bajo la l\u00ednea de pobreza y bajo la l\u00ednea de indigencia. [&#8230;]<\/p>\n<p><em>[ Ver la nota\u00a0completa en el PDF adjunto ]<\/em><\/p>\n<p><em>[1]\u00a0Encargada de Comunicaci\u00f3n, equipo t\u00e9cnico Observatorio del Conurbano. Lic. en Comunicaci\u00f3n Social y Periodista<\/em><\/p>\n<\/div><div class=\"fusion-clearfix\"><\/div><\/div><\/div><\/div><\/div>\n<!-- WP Attachments -->\r\n        <div style=\"width:100%;margin:10px 0 10px 0;\">\r\n            <h3>Documentos<\/h3>\r\n        <ul class=\"post-attachments\"><li class=\"post-attachment mime-application-pdf\">                                                                                                                                                                                                                                                                              <a target=\"_blank\" rel=\"noopener noreferrer\" href=\"https:\/\/observatorioconurbano.ungs.edu.ar\/?p=7110&#038;download=7134\">entrevista-Red-Comunitaria-El-Encuentro<\/a> <\/li><\/ul><\/div>","protected":false},"excerpt":{"rendered":"<p>Documentos entrevista-Red-Comunitaria-El-Encuentro<\/p>\n","protected":false},"author":2,"featured_media":7111,"comment_status":"closed","ping_status":"closed","sticky":false,"template":"","format":"standard","meta":{"_exactmetrics_skip_tracking":false,"_exactmetrics_sitenote_active":false,"_exactmetrics_sitenote_note":"","_exactmetrics_sitenote_category":0,"footnotes":""},"categories":[218,299,527],"tags":[],"class_list":["post-7110","post","type-post","status-publish","format-standard","has-post-thumbnail","hentry","category-documentos-del-observatorio","category-entrevistas-junio-2017","category-todas"],"_links":{"self":[{"href":"https:\/\/observatorioconurbano.ungs.edu.ar\/index.php?rest_route=\/wp\/v2\/posts\/7110","targetHints":{"allow":["GET"]}}],"collection":[{"href":"https:\/\/observatorioconurbano.ungs.edu.ar\/index.php?rest_route=\/wp\/v2\/posts"}],"about":[{"href":"https:\/\/observatorioconurbano.ungs.edu.ar\/index.php?rest_route=\/wp\/v2\/types\/post"}],"author":[{"embeddable":true,"href":"https:\/\/observatorioconurbano.ungs.edu.ar\/index.php?rest_route=\/wp\/v2\/users\/2"}],"replies":[{"embeddable":true,"href":"https:\/\/observatorioconurbano.ungs.edu.ar\/index.php?rest_route=%2Fwp%2Fv2%2Fcomments&post=7110"}],"version-history":[{"count":6,"href":"https:\/\/observatorioconurbano.ungs.edu.ar\/index.php?rest_route=\/wp\/v2\/posts\/7110\/revisions"}],"predecessor-version":[{"id":11416,"href":"https:\/\/observatorioconurbano.ungs.edu.ar\/index.php?rest_route=\/wp\/v2\/posts\/7110\/revisions\/11416"}],"wp:featuredmedia":[{"embeddable":true,"href":"https:\/\/observatorioconurbano.ungs.edu.ar\/index.php?rest_route=\/wp\/v2\/media\/7111"}],"wp:attachment":[{"href":"https:\/\/observatorioconurbano.ungs.edu.ar\/index.php?rest_route=%2Fwp%2Fv2%2Fmedia&parent=7110"}],"wp:term":[{"taxonomy":"category","embeddable":true,"href":"https:\/\/observatorioconurbano.ungs.edu.ar\/index.php?rest_route=%2Fwp%2Fv2%2Fcategories&post=7110"},{"taxonomy":"post_tag","embeddable":true,"href":"https:\/\/observatorioconurbano.ungs.edu.ar\/index.php?rest_route=%2Fwp%2Fv2%2Ftags&post=7110"}],"curies":[{"name":"wp","href":"https:\/\/api.w.org\/{rel}","templated":true}]}}