{"id":5445,"date":"2016-06-29T06:50:33","date_gmt":"2016-06-29T09:50:33","guid":{"rendered":"http:\/\/observatorioconurbano.ungs.edu.ar\/?p=5445"},"modified":"2019-09-22T12:47:21","modified_gmt":"2019-09-22T15:47:21","slug":"entrevista-a-antonio-fernandez","status":"publish","type":"post","link":"https:\/\/observatorioconurbano.ungs.edu.ar\/?p=5445","title":{"rendered":"La dictadura en el Conurbano: entrevista a Antonio Fern\u00e1ndez"},"content":{"rendered":"<p><div class=\"fusion-fullwidth fullwidth-box fusion-builder-row-1 nonhundred-percent-fullwidth non-hundred-percent-height-scrolling\" style=\"--awb-background-position:left top;--awb-border-radius-top-left:0px;--awb-border-radius-top-right:0px;--awb-border-radius-bottom-right:0px;--awb-border-radius-bottom-left:0px;--awb-padding-top:20px;--awb-padding-bottom:20px;--awb-border-sizes-top:0px;--awb-border-sizes-bottom:0px;--awb-flex-wrap:wrap;\" ><div class=\"fusion-builder-row fusion-row\"><div class=\"fusion-layout-column fusion_builder_column fusion-builder-column-0 fusion_builder_column_1_2 1_2 fusion-one-half fusion-column-first\" style=\"--awb-bg-size:cover;width:48%; margin-right: 4%;\"><div class=\"fusion-column-wrapper fusion-flex-column-wrapper-legacy\"><div class=\"fusion-image-element in-legacy-container\" style=\"--awb-caption-title-font-family:var(--h2_typography-font-family);--awb-caption-title-font-weight:var(--h2_typography-font-weight);--awb-caption-title-font-style:var(--h2_typography-font-style);--awb-caption-title-size:var(--h2_typography-font-size);--awb-caption-title-transform:var(--h2_typography-text-transform);--awb-caption-title-line-height:var(--h2_typography-line-height);--awb-caption-title-letter-spacing:var(--h2_typography-letter-spacing);\"><span class=\" fusion-imageframe imageframe-none imageframe-1 hover-type-none\"><img decoding=\"async\" src=\"http:\/\/observatorioconurbano.ungs.edu.ar\/wp-content\/uploads\/Imagen-Antonio-Fernandez600.jpg\" alt class=\"img-responsive\"\/><\/span><\/div><div class=\"fusion-sep-clear\"><\/div><div class=\"fusion-separator fusion-full-width-sep\" style=\"margin-left: auto;margin-right: auto;margin-top:30px;margin-bottom:30px;width:100%;\"><\/div><div class=\"fusion-sep-clear\"><\/div><div class=\"fusion-text fusion-text-1\"><p style=\"text-align: right;\"><em>Por Francisco J. Cardozo (1)<\/em><\/p>\n<p>&nbsp;<\/p>\n<p><em><strong>Antonio Fern\u00e1ndez: \u201cEn Campo de Mayo pasaron m\u00e1s de 5.000 detenidos desaparecidos. (\u2026) era una zona donde ten\u00edas hasta un hospital maternal clandestino, (\u2026). Y ten\u00edan un aeropuerto dispuesto a hacer desaparecer a los detenidos\u201d<\/strong><\/em><\/p>\n<p><em>Militante comprometido con la cuesti\u00f3n social desde los 15 a\u00f1os, se convierte en uno de los primeros seminaristas obreros: trabaja en f\u00e1bricas de alimentos, metalurgia y cer\u00e1mica, siempre asumiendo un compromiso gremial. A fin del 75 es secuestrado y recluido en una c\u00e1rcel semiclandestina en la localidad de Coronda (Santa Fe). A poco del golpe, y gracias a la intervenci\u00f3n \u201cdel obispo de los pobres\u201d Alberto Devoto (quien lo hab\u00eda acercado al seminario), su detenci\u00f3n se legaliza y permanece recluido hasta 1982.<\/em><br \/>\n<em> Cuando recupera su libertad, se asienta en Grand Bourg y retoma su militancia, trabajando en organizaciones territoriales, gremiales y de derechos humanos. Su labor como maestro y directivo de escuela lo lleva a integrar SUTEBA y defender activamente la escuela p\u00fablica de las pol\u00edticas neoliberales.<\/em><br \/>\n<em> De manos de P\u00e9rez Esquivel, en 1995, Antonio recibe un reconocimiento por su trabajo social y solidario. Esto lo acerca a la organizaci\u00f3n, y junto a un grupo de compa\u00f1eros crean el SERPAJ Zona Norte. En 2001, impulsa el Movimiento de Trabajadores Comunitarios de General Sarmiento. Frente a la crisis, trabaja para resolver la urgencia del hambre y el aislamiento: organiza ollas populares y convoca al trabajo com\u00fan, para evitar la ruptura de las redes sociales. Un momento clave en su camino de lucha por la memoria, la verdad y la justicia se da en 2005, cuando protagoniza el nacimiento de la Comisi\u00f3n por la Recuperaci\u00f3n de la Memoria de Campo de Mayo. Este colectivo, integrado por decenas de instituciones (la UNGS, organizaciones pol\u00edticas, sociales, de DDHH), ser\u00e1 el primero en ingresar a Campo de Mayo realizando actividades masivas, colocando placas frente a lo que fue la maternidad clandestina (el hospital) y reclamando la apertura de los juicios por muertes y desapariciones perpetradas all\u00ed en la \u00faltima dictadura.<\/em><\/p>\n<blockquote>\n<p>\u00bfC\u00f3mo fueron sus inicios de su trabajo comunitario en la zona de Ex. Gral Sarmiento?<\/p>\n<\/blockquote>\n<p>La \u00faltima etapa de c\u00e1rcel ejerc\u00ed como maestro all\u00ed dentro ense\u00f1ando a mis compa\u00f1eros que eran analfabetos. Cuando salgo comprendo que hab\u00eda un movimiento importante, \u201cel movimiento docente\u201d as\u00ed que me compromet\u00ed con el sindicato en la construcci\u00f3n y el comienzo de lo que luego fue el SUTEBA, en el 84\u00b4-85\u00b4. De ah\u00ed en adelante el compromiso era el trabajo profundo, tanto con el sistema educativo en si como el trabajo con los pibes y los padres, lo que nos llev\u00f3 a profundizar el trabajo territorial con las organizaciones.<br \/>\nLuego vino la crisis del 2001, y en mi caso el impulso de un movimiento social que llamamos \u00abMovimiento de trabajadores comunitarios\u00bb, que nos llev\u00f3 a fomentar cooperativas, grupos de trabajos, mucha relaci\u00f3n de escuela con la comunidad. Fue la \u00e9poca en que las escuelas comenzaban a abrir sus puertas para su comunidad, con patios abiertos y otros proyectos que fueron surgiendo en el sistema educativo. Esto hizo que nos relacion\u00e1ramos con los organismos de derechos humanos, entre ellos el SERPAJ, que reconoce ese trabajo, y en los 90\u00b4 me entregan un reconocimiento por el trabajo realizado con las comunidades. Este primer paso hizo que busc\u00e1ramos un mayor compromiso, y por ello construimos un espacio local denominado \u201cServicio de Paz y Justicia, Zona Norte\u00bb. De ah\u00ed en adelante el trabajo principal estuvo relacionado con los Derechos Humanos, pero en un marco integral: Derechos Sociales, Derechos Econ\u00f3micos, todo lo que ha sido la pelea de nuestro pueblo por la conquista de derechos. Fundamentalmente en el marco de recuperar todo aquello que ha vivido nuestro pueblo, recuperar su memoria, su historia. Esto nos llevo a estar comprometidos todo el tiempo con el tema de la recuperaci\u00f3n de la memoria en esta regi\u00f3n.<\/p>\n<blockquote>\n<p>\u00bfQu\u00e9 incidencia tuvo en la regi\u00f3n el trabajo realizado con SERPAJ Zona Norte?<\/p>\n<\/blockquote>\n<p>Signific\u00f3 una relaci\u00f3n profunda con los barrios y la historia de cada una de estas comunidades. En el caso nuestro entendimos que Campo de Mayo tuvo mucho que ver con todo lo malo que surgi\u00f3 en esta regi\u00f3n y entonces impulsamos la investigaci\u00f3n sobre el papel que tuvo Campo de Mayo y fuimos entendiendo que no era solo una fuerza militar, sino que estaba comprometida con un sistema pol\u00edtico y econ\u00f3mico de la regi\u00f3n. Por lo cual esta fuerza era la que, en cierta medida, hab\u00eda impulsado la represi\u00f3n de todos aquellos que estaban en contra de sus proyectos. Siendo nosotros, en mi caso delegado de una f\u00e1brica de la zona, entend\u00ed que eran ellos junto con los patrones y los sectores de poder de la zona, los que hab\u00edan impedido que sigui\u00e9ramos creciendo, sigui\u00e9ramos exigiendo las conquistas laborales que en ese momento est\u00e1bamos pidiendo. Esto llev\u00f3 a que muchos de mis compa\u00f1eros de los delegados, hayan pasado por ese lugar.<\/p>\n<blockquote>\n<p>\u00bfConsideras que en el Conurbano se conoce la historia de lo que pas\u00f3 en la dictadura? \u00bfC\u00f3mo pens\u00e1s que conserva la gente esa historia?<\/p>\n<\/blockquote>\n<p>Primero debo decir que la zona en la que estamos comprometidos nosotros, San Miguel, Jos\u00e9 C. Paz, Malvinas- es decir, el ex Gral. Sarmiento- , hab\u00eda sido trabajado muy bien por el sistema de poder, porque viv\u00edan ac\u00e1, en Campo de Mayo-. Como se sigue haciendo hoy en d\u00eda desde los medios de comunicaci\u00f3n, le hac\u00edan creer a la gente que la represi\u00f3n era una respuesta a lo que hab\u00edan hecho, era por algo. De alguna manera era toda una fuerza militar que estaba muy comprometida con los territorios., que reprim\u00eda o enfrentaba todo lo que fuera oposici\u00f3n.<br \/>\nPor eso, cuando nosotros empezamos a trabajar en nuestro territorio tuvimos que hacer una tarea muy lento, muy profunda tambi\u00e9n. Era muy importante el papel de las escuelas, trabajar con los padres de los pibes, porque ah\u00ed muchos de estos padres por primera vez comenzaban a hablar de lo que les hab\u00eda pasado a ellos como miembros de esta comunidad, en los barrios. Jos\u00e9 C. Paz, una de las partes m\u00e1s pobres del ex General Sarmiento, era el lugar donde el equipo nacional de futbol entrenaba. Por lo cual dicha zona estaba totalmente militarizada, nadie pod\u00eda pensar o decir algo distinto. Un poco por el encanto del futbol, pero otro tanto porque la represi\u00f3n lo imped\u00eda. Cuando nosotros comenzamos a entrar a esas zonas, empezamos a ver que la gente de los barrios ten\u00eda mucho por decir y contar de la represi\u00f3n, que no era solo del futbol y el deporte.<\/p>\n<\/div><div class=\"fusion-clearfix\"><\/div><\/div><\/div><div class=\"fusion-layout-column fusion_builder_column fusion-builder-column-1 fusion_builder_column_1_2 1_2 fusion-one-half fusion-column-last\" style=\"--awb-bg-size:cover;width:48%;\"><div class=\"fusion-column-wrapper fusion-flex-column-wrapper-legacy\"><div class=\"fusion-text fusion-text-2\"><blockquote>\n<p>\u00bfConsideras que el accionar represivo tuvo alguna particularidad en la regi\u00f3n?<\/p>\n<\/blockquote>\n<p>Yo creo que la represi\u00f3n cay\u00f3 muy fuerte sobre el Conurbano, porque all\u00e1 por los 60-70, nuestro pueblo que ven\u00eda del interior, no solamente asentarse a nuestro territorio, sino tambi\u00e9n a organizarse. Y todo esto ha significado el nacimiento de luchas muy potentes, porque en todo el Conurbano existieron fuerzas dispuestas a luchar por mejoras.<br \/>\nEs cierto que aquellos que ven\u00edamos de experiencia de lucha en el peronismo, antes de los 70. Nos relacion\u00e1bamos muy fuerte con las f\u00e1bricas, entonces el delegado del barrio estaba relacionado con las f\u00e1bricas textiles y conform\u00e1bamos una fuerza suficiente como para impulsar acciones. Justamente por eso necesitaron organizarse las fuerzas militares en conjunto con los civiles aliados, como por ejemplo en Campo de Mayo, para destruir estos movimientos. Porque cuando ellos fueron por la represi\u00f3n, no reprimieron solo a un sector subversivo, sino que iban contra un sector social que estaba cuestionando el poder. Por eso ten\u00edan control de gran parte del Conurbano. Ac\u00e1 en el ex Gral. Sarmiento, desplegaron una fuerza donde cualquier vecino pasaba a ser enemigo, especialmente aquel que participaba de alguna actividad pol\u00edtica, o sindical, o social, o estudiantil.<br \/>\nSiendo maestro, uno de los primeros lugares donde me toco trabajar fue la escuela N\u00ba 54, -actualmente la escuela N\u00ba 20- de Grand Bourg y tomamos contacto con los padres de esa poblaci\u00f3n y ellos nos fueron contando como esa zona estaba controlada militarmente. Si bien conoc\u00edamos que all\u00ed la Directora Susana Pertierra fue llevada y desaparecida, investigando la escuela nos dimos cuenta que hab\u00eda una portera con una hija adolescente y tambi\u00e9n otros docentes que tambi\u00e9n fueron secuestrados. Donde hoy se recupera la zona de \u201cEl cilindro\u201d, donde actualmente se encuentra el Palacio Municipal de Malvinas Argentinas, era una zona militar. Inclusive tenemos noticias de una persona detenida en ese sitio , que sobrevivi\u00f3 a la detenci\u00f3n , pero hoy est\u00e1 muerta: Aurelia Tejerina. Ella hablaba de una cantidad grande de detenidos que estuvieron en ese lugar. Otras historias que conocemos son del El barrio \u00abLa Manuelita\u00bb, ya que varios de mis compa\u00f1eros viv\u00edan ah\u00ed en el `76. Cando van a buscar al Sacerdote Jorge Adur, lo secuestran junto a otros seminaristas y ese barrio pas\u00f3 a ser una zona militarizada<\/p>\n<blockquote>\n<p>\u00bfQu\u00e9 otros actores civiles estuvieron involucrados en el proceso?<\/p>\n<\/blockquote>\n<p>Las patronales de las f\u00e1bricas m\u00e1s importantes de la regi\u00f3n, como el caso de la Ford, Mercedes Benz. el a\u00f1o pasado logramos algunos juicios en relaci\u00f3n a lo que sucedi\u00f3 en la empresa astillera \u00abAstarsa\u00bb en Tigre. Se ha trabajado con lo sucedido con el movimiento obrero en la \u00e9poca de la dictadura, de los cuales muchos detenidos fueron llevados a Campo de Mayo, y en estos juicios se pudo trabajar la responsabilidad empresarial y tambi\u00e9n la responsabilidad de algunos sectores del sindicalismo, porque tambi\u00e9n muchos de ellos entregaron a sus compa\u00f1eros.<\/p>\n<p>Habitualmente se hablaba de este proceso como se habl\u00f3 del \u00abgolpe militar\u00bb, pero al poco tiempo empezamos a hablar de un \u00abgolpe c\u00edvico-militar\u00bb y no hace mucho tambi\u00e9n comenzamos a hablar de un \u00abgolpe c\u00edvico-militar y eclesi\u00e1stico\u00bb. En el caso de Campo de Mayo, hemos trabajado sobre el papel de los sectores eclesi\u00e1sticos en la maternidad clandestina. Las monjas y muchos de los m\u00e9dicos ten\u00edan grado militar, eran encargados de procesar el ingreso de una mujer embarazada, el parto, hasta que sal\u00eda. Y otro rol importante fue el de los capellanes, los 13 o 14 capellanes que hab\u00eda en Campo de Mayo pose\u00edan grados militares, por lo que estaban al frente de cada una de las acciones que emprend\u00eda esa escuela militar. . El cura con el grado de Mayor que estaba con esos 13 capellanes, Jos\u00e9 Luis Mecchia Agnola Pascuttini, proven\u00eda del nazismo, hab\u00eda participado en la Segunda Guerra Mundial, y cuando llega a Argentina se hace cura y lo ponen al frente de los capellanes. Muri\u00f3 hace unos a\u00f1os, y en la zona donde est\u00e1 la Universidad, el intendente de Malvinas Argentinas, J. Cariglino, puso su nombre a una calle,<br \/>\nReci\u00e9n el a\u00f1o pasado, pudimos ingresar un proyecto de juicio a los capellanes, pero ah\u00ed ha quedado porque hay complicidad tambi\u00e9n del Poder Judicial. Por lo tanto han decidido no avanzar tanto con los civiles, ll\u00e1mese empresarios, grupos pol\u00edticos, o eclesi\u00e1sticos. Algunos miembros del sector eclesi\u00e1stico, no solo recolectaban datos, sino que eran participes de las torturas durante el Proceso. Eran quienes calmaban las conciencias de esa fuerza militar, cuando algunos se cuestionaban lo que estaban haciendo. Ellos todo lo bendec\u00edan, bendec\u00edan las picanas, bendec\u00edan los fusiles, porque era un combate contra lo peor, que ellos dec\u00edan era el comunismo, era un combate contra el mal. Esa era la iglesia, aunque tambi\u00e9n sabemos que hubo compa\u00f1eros, entre ellos unos obispos que fueron muertos por su compromiso. Pero era un sector chico y no ten\u00edan fuerza para cambiar esta historia,.<\/p>\n<blockquote>\n<p>\u00bfQu\u00e9 rol tuvo Campo de Mayo en la represi\u00f3n en esta zona?<\/p>\n<\/blockquote>\n<p>Por Campo de Mayo han pasado m\u00e1s de 5.000 detenidos desaparecidos. Adem\u00e1s hab\u00eda un hospital maternal clandestino, donde muchas de las detenidas y desaparecidas eran llevadas a tener a sus hijos. Y ten\u00edan un aeropuerto en el mismo predio, que usaban para desaparecer a los detenidos Un ex colimba Ib\u00e1\u00f1ez, que estuvo trabajando all\u00ed , ve\u00eda como semanalmente llevaban cantidad de gente a esos aviones.. No solamente Ib\u00e1\u00f1ez lo cont\u00f3 en su momento, por suerte cerca de 600 ex colimbas han podido contar esa historia, y eso nos ha ayudado a recuperar gran parte de lo que pas\u00f3 en esta regi\u00f3n.<\/p>\n<blockquote>\n<p>\u00bfQu\u00e9 avances hay del trabajo realizado por SERPAJ Zona Norte all\u00ed?<\/p>\n<\/blockquote>\n<p>Es muy importante lo que se ha hecho en Campo de Mayo, en conjunto con varias organizaciones, entre ellas la Universidad Nacional de General Sarmiento con su equipo de trabajo \u00abMemoria y Territorio\u00bb, junto al equipo de SUTEBA. No solo se han podido poner placas y se\u00f1alamientos all\u00ed dentro, sino que hemos trabajado mucho la historia de lo que ha pasado. Esto fue muy importante para el trabajo con los pibes, con las escuelas, con las organizaciones sociales barriales. Hemos conseguido testimonios, de mucha gente que antes ten\u00eda miedo, pero que han ayudado en varias causas penales. Es cierto que se avanz\u00f3 poco con las causas penales,, pero ya hay 16 en condiciones de iniciar los juicios con el testimonio de cerca de 600 personas involucradas que han sufrido la represi\u00f3n.<\/p>\n<blockquote>\n<p>\u00bfA 40 a\u00f1os de la instalaci\u00f3n de la dictadura, que reflexi\u00f3n se puede hacer respecto de los aprendizajes realizados en el camino de la recuperaci\u00f3n de la memoria,? \u00bf Qu\u00e9 legado se puede dejar a otras generaciones?<\/p>\n<\/blockquote>\n<p>Yo creo que aprendimos a resistir, y aprendimos que hay derechos que no podemos seguir entregando, que es necesario el otro, es necesaria la unidad, es necesario el trabajo paciente. Tambi\u00e9n creo que, en cierta medida, , al gobierno actual le costar\u00e1 un poco m\u00e1s intentar profundizar lo que iniciaron all\u00e1 con los gobiernos neoliberales en la dictadura, Si bien en cierto que avanzaron en estos \u00faltimos meses, tambi\u00e9n es cierto que hemos aprendido que debemos salir y ganar la calles y ocupar los espacios. El hecho de recuperar la democracia, tambi\u00e9n es recuperar la fuerza que tenemos para no perder los derechos, y creo que hoy estamos hasta cuestionando la designaci\u00f3n de alguien que fue elegido democr\u00e1ticamente, que representa un modelo social que nuestro pueblo en el marco de una democracia queremos que cambie porque no estamos dispuestos a que siga adelante.<br \/>\nOir departe de la gente \u00abesto no queremos\u00bb es lo que nos lleva a decir que hemos aprendido. Que no estamos dispuestos a seguir entregando nada, y que si bien todav\u00eda tienen poder como para seguir reprimiendo o parando la protesta social o seguir mintiendo por sus medios de comunicaci\u00f3n, cada vez les cuesta m\u00e1s.<\/p>\n<\/div><div class=\"fusion-clearfix\"><\/div><\/div><\/div><\/div><\/div><div class=\"fusion-fullwidth fullwidth-box fusion-builder-row-2 hundred-percent-fullwidth non-hundred-percent-height-scrolling\" style=\"--awb-border-radius-top-left:0px;--awb-border-radius-top-right:0px;--awb-border-radius-bottom-right:0px;--awb-border-radius-bottom-left:0px;--awb-overflow:visible;--awb-flex-wrap:wrap;\" ><div class=\"fusion-builder-row fusion-row\"><div class=\"fusion-layout-column fusion_builder_column fusion-builder-column-2 fusion_builder_column_1_1 1_1 fusion-one-full fusion-column-first fusion-column-last fusion-column-no-min-height\" style=\"--awb-bg-size:cover;--awb-margin-bottom:0px;\"><div class=\"fusion-column-wrapper fusion-flex-column-wrapper-legacy\"><div class=\"fusion-text fusion-text-3\"><blockquote>\n<p>(1) Licenciado en Comunicaci\u00f3n de la Universidad Nacional de General Sarmiento. Especialista en Gesti\u00f3n y Evaluaci\u00f3n de Instituciones Educativas, de la Universidad Nacional de Tres de Febrero. Actualmente desarrolla su actividad profesional en la Direcci\u00f3n General de Coordinaci\u00f3n T\u00e9cnica Administrativa del Instituto del Conurbano, y como colaborador en el \u00e1rea de Comunicaci\u00f3n del Observatorio del Conurbano Bonaerense.<\/p>\n<\/blockquote>\n<\/div><div class=\"fusion-clearfix\"><\/div><\/div><\/div><\/div><\/div><\/p>\n<!-- WP Attachments -->\r\n        <div style=\"width:100%;margin:10px 0 10px 0;\">\r\n            <h3>Documentos<\/h3>\r\n        <ul class=\"post-attachments\"><li class=\"post-attachment mime-image-jpeg\">                                                                                                                                                                                                                                                                              <a target=\"_blank\" rel=\"noopener noreferrer\" href=\"https:\/\/observatorioconurbano.ungs.edu.ar\/?p=5445&#038;download=5448\">Imagen-Antonio-Fernandez600<\/a> <\/li><\/ul><\/div>","protected":false},"excerpt":{"rendered":"<p>Documentos Imagen-Antonio-Fernandez600<\/p>\n","protected":false},"author":2,"featured_media":0,"comment_status":"closed","ping_status":"closed","sticky":false,"template":"","format":"standard","meta":{"_exactmetrics_skip_tracking":false,"_exactmetrics_sitenote_active":false,"_exactmetrics_sitenote_note":"","_exactmetrics_sitenote_category":0,"footnotes":""},"categories":[249],"tags":[],"class_list":["post-5445","post","type-post","status-publish","format-standard","hentry","category-actividades"],"_links":{"self":[{"href":"https:\/\/observatorioconurbano.ungs.edu.ar\/index.php?rest_route=\/wp\/v2\/posts\/5445","targetHints":{"allow":["GET"]}}],"collection":[{"href":"https:\/\/observatorioconurbano.ungs.edu.ar\/index.php?rest_route=\/wp\/v2\/posts"}],"about":[{"href":"https:\/\/observatorioconurbano.ungs.edu.ar\/index.php?rest_route=\/wp\/v2\/types\/post"}],"author":[{"embeddable":true,"href":"https:\/\/observatorioconurbano.ungs.edu.ar\/index.php?rest_route=\/wp\/v2\/users\/2"}],"replies":[{"embeddable":true,"href":"https:\/\/observatorioconurbano.ungs.edu.ar\/index.php?rest_route=%2Fwp%2Fv2%2Fcomments&post=5445"}],"version-history":[{"count":11,"href":"https:\/\/observatorioconurbano.ungs.edu.ar\/index.php?rest_route=\/wp\/v2\/posts\/5445\/revisions"}],"predecessor-version":[{"id":11467,"href":"https:\/\/observatorioconurbano.ungs.edu.ar\/index.php?rest_route=\/wp\/v2\/posts\/5445\/revisions\/11467"}],"wp:attachment":[{"href":"https:\/\/observatorioconurbano.ungs.edu.ar\/index.php?rest_route=%2Fwp%2Fv2%2Fmedia&parent=5445"}],"wp:term":[{"taxonomy":"category","embeddable":true,"href":"https:\/\/observatorioconurbano.ungs.edu.ar\/index.php?rest_route=%2Fwp%2Fv2%2Fcategories&post=5445"},{"taxonomy":"post_tag","embeddable":true,"href":"https:\/\/observatorioconurbano.ungs.edu.ar\/index.php?rest_route=%2Fwp%2Fv2%2Ftags&post=5445"}],"curies":[{"name":"wp","href":"https:\/\/api.w.org\/{rel}","templated":true}]}}