{"id":5392,"date":"2016-06-18T17:11:16","date_gmt":"2016-06-18T20:11:16","guid":{"rendered":"http:\/\/observatorioconurbano.ungs.edu.ar\/?p=5392"},"modified":"2025-03-20T11:29:26","modified_gmt":"2025-03-20T14:29:26","slug":"centros-clandestinos-de-detencion-durante-la-dictadura-civico-militar-entre-1976-y-1982","status":"publish","type":"post","link":"https:\/\/observatorioconurbano.ungs.edu.ar\/?p=5392","title":{"rendered":"Centros Clandestinos de Detenci\u00f3n durante la dictadura c\u00edvico-militar entre 1976 y 1982"},"content":{"rendered":"<p>Partido, nombre, direcci\u00f3n, descripci\u00f3n, fecha de se\u00f1alizaci\u00f3n, uso o dependencia. Regi\u00f3n Metropolitana de Buenos Aires<\/p>\n<!-- WP Attachments -->\r\n        <div style=\"width:100%;margin:10px 0 10px 0;\">\r\n            <h3>Documentos<\/h3>\r\n        <ul class=\"post-attachments\"><li class=\"post-attachment mime-application-pdf\">                                                                                                                                                                                                                                                                              <a target=\"_blank\" rel=\"noopener noreferrer\" href=\"https:\/\/observatorioconurbano.ungs.edu.ar\/?p=5392&#038;download=21338\">217-Centros-Clandestinos-de-detencion-1976-1982<\/a> <\/li><li class=\"post-attachment mime-application-vnd-ms-excel\">                                                                                                                                                                                                                                                                              <a target=\"_blank\" rel=\"noopener noreferrer\" href=\"https:\/\/observatorioconurbano.ungs.edu.ar\/?p=5392&#038;download=21339\">217-Centros-Clandestinos-de-detencion-1976-1982<\/a> <\/li><\/ul><\/div>","protected":false},"excerpt":{"rendered":"<p>Partido, nombre, direcci\u00f3n, descripci\u00f3n, fecha de se\u00f1alizaci\u00f3n, uso o dependencia.  [&#8230;]<\/p>\n","protected":false},"author":2,"featured_media":0,"comment_status":"closed","ping_status":"closed","sticky":false,"template":"","format":"standard","meta":{"_exactmetrics_skip_tracking":false,"_exactmetrics_sitenote_active":false,"_exactmetrics_sitenote_note":"","_exactmetrics_sitenote_category":0,"footnotes":""},"categories":[387,15,220],"tags":[],"class_list":["post-5392","post","type-post","status-publish","format-standard","hentry","category-centros-clandestinos-de-detencion","category-conurbano-bonaerense","category-historia"],"_links":{"self":[{"href":"https:\/\/observatorioconurbano.ungs.edu.ar\/index.php?rest_route=\/wp\/v2\/posts\/5392","targetHints":{"allow":["GET"]}}],"collection":[{"href":"https:\/\/observatorioconurbano.ungs.edu.ar\/index.php?rest_route=\/wp\/v2\/posts"}],"about":[{"href":"https:\/\/observatorioconurbano.ungs.edu.ar\/index.php?rest_route=\/wp\/v2\/types\/post"}],"author":[{"embeddable":true,"href":"https:\/\/observatorioconurbano.ungs.edu.ar\/index.php?rest_route=\/wp\/v2\/users\/2"}],"replies":[{"embeddable":true,"href":"https:\/\/observatorioconurbano.ungs.edu.ar\/index.php?rest_route=%2Fwp%2Fv2%2Fcomments&post=5392"}],"version-history":[{"count":4,"href":"https:\/\/observatorioconurbano.ungs.edu.ar\/index.php?rest_route=\/wp\/v2\/posts\/5392\/revisions"}],"predecessor-version":[{"id":21340,"href":"https:\/\/observatorioconurbano.ungs.edu.ar\/index.php?rest_route=\/wp\/v2\/posts\/5392\/revisions\/21340"}],"wp:attachment":[{"href":"https:\/\/observatorioconurbano.ungs.edu.ar\/index.php?rest_route=%2Fwp%2Fv2%2Fmedia&parent=5392"}],"wp:term":[{"taxonomy":"category","embeddable":true,"href":"https:\/\/observatorioconurbano.ungs.edu.ar\/index.php?rest_route=%2Fwp%2Fv2%2Fcategories&post=5392"},{"taxonomy":"post_tag","embeddable":true,"href":"https:\/\/observatorioconurbano.ungs.edu.ar\/index.php?rest_route=%2Fwp%2Fv2%2Ftags&post=5392"}],"curies":[{"name":"wp","href":"https:\/\/api.w.org\/{rel}","templated":true}]}}