{"id":5140,"date":"2016-05-16T05:35:49","date_gmt":"2016-05-16T08:35:49","guid":{"rendered":"http:\/\/observatorioconurbano.ungs.edu.ar\/?p=5140"},"modified":"2019-09-22T12:47:22","modified_gmt":"2019-09-22T15:47:22","slug":"gestion-territorial-integrada-para-el-sector-salud","status":"publish","type":"post","link":"https:\/\/observatorioconurbano.ungs.edu.ar\/?p=5140","title":{"rendered":"Gesti\u00f3n territorial integrada para el sector salud"},"content":{"rendered":"<div class=\"fusion-fullwidth fullwidth-box fusion-builder-row-1 nonhundred-percent-fullwidth non-hundred-percent-height-scrolling\" style=\"--awb-background-position:left top;--awb-border-radius-top-left:0px;--awb-border-radius-top-right:0px;--awb-border-radius-bottom-right:0px;--awb-border-radius-bottom-left:0px;--awb-padding-top:20px;--awb-padding-bottom:20px;--awb-border-sizes-top:0px;--awb-border-sizes-bottom:0px;--awb-flex-wrap:wrap;\" ><div class=\"fusion-builder-row fusion-row\"><div class=\"fusion-layout-column fusion_builder_column fusion-builder-column-0 fusion_builder_column_1_6 1_6 fusion-one-sixth fusion-column-first\" style=\"--awb-bg-size:cover;\"><div class=\"fusion-column-wrapper fusion-flex-column-wrapper-legacy\"><div class=\"fusion-image-element in-legacy-container\" style=\"--awb-caption-title-font-family:var(--h2_typography-font-family);--awb-caption-title-font-weight:var(--h2_typography-font-weight);--awb-caption-title-font-style:var(--h2_typography-font-style);--awb-caption-title-size:var(--h2_typography-font-size);--awb-caption-title-transform:var(--h2_typography-text-transform);--awb-caption-title-line-height:var(--h2_typography-line-height);--awb-caption-title-letter-spacing:var(--h2_typography-letter-spacing);\"><span class=\" fusion-imageframe imageframe-none imageframe-1 hover-type-none\"><img decoding=\"async\" src=\"http:\/\/observatorioconurbano.ungs.edu.ar\/wp-content\/uploads\/654_Tapas_Gestion_Territorial_Chiara_W_134.jpg\" alt class=\"img-responsive\"\/><\/span><\/div><div class=\"fusion-clearfix\"><\/div><\/div><\/div><div class=\"fusion-layout-column fusion_builder_column fusion-builder-column-1 fusion_builder_column_5_6 5_6 fusion-five-sixth fusion-column-last\" style=\"--awb-bg-size:cover;\"><div class=\"fusion-column-wrapper fusion-flex-column-wrapper-legacy\"><div class=\"fusion-text fusion-text-1\"><p><strong>C\u00f3d: <\/strong>CT01<br \/>\n<strong>Gesti\u00f3n territorial integrada para el sector salud<\/strong><\/p>\n<p><a href=\"http:\/\/www.ungs.edu.ar\/areas\/publicaciones_autores\/49\/chiara-magdalena.html\">Chiara, Magdalena<\/a>;\u00a0 (<em>Compiladora<\/em>)<br \/>\n<a href=\"http:\/\/www.ungs.edu.ar\/areas\/publicaciones_autores\/49\/chiara-magdalena.html\">Chiara, Magdalena<\/a>;<br \/>\n<a href=\"http:\/\/www.ungs.edu.ar\/areas\/publicaciones_autores\/90\/catenazzi-andrea.html\">Catenazzi, Andrea<\/a>;<br \/>\n<a href=\"http:\/\/www.ungs.edu.ar\/areas\/publicaciones_autores\/434\/di-virgilio-ma-mercedes.html\">Di Virgilio, Ma. Mercedes<\/a>;<br \/>\n<a href=\"http:\/\/www.ungs.edu.ar\/areas\/publicaciones_autores\/491\/moro-javier.html\">Moro, Javier<\/a>;<br \/>\n<a href=\"http:\/\/www.ungs.edu.ar\/areas\/publicaciones_autores\/591\/ariovich-ana.html\">Ariovich, Ana<\/a>;<br \/>\n<a href=\"http:\/\/www.ungs.edu.ar\/areas\/publicaciones_autores\/948\/tobar-federico.html\">Tobar, Federico<\/a>;<\/p>\n<p>Editorial: UNGS<br \/>\n<a href=\"http:\/\/www.ungs.edu.ar\/areas\/publicaciones_temas\/74\/cuadernos-de-trabajo.html\">Cuadernos de trabajo<\/a> N\u00ba 01<br \/>\nISBN: 978-987-630-198-5 &#8211; 176 &#8211; Marzo de 2015 &#8211;<\/p>\n<p>Publicaci\u00f3n en formato: <a href=\"http:\/\/www.ungs.edu.ar\/cm\/uploaded_files\/publicaciones\/654_Gestion%20territorial%20integrada%20para%20el%20sector%20salud%20WEB.pdf\" target=\"_blank\" rel=\"noopener noreferrer\">PDF (654_Gestion territorial integrada para el sector salud WEB.pdf)<\/a><\/p>\n<\/div><div class=\"fusion-clearfix\"><\/div><\/div><\/div><div class=\"fusion-layout-column fusion_builder_column fusion-builder-column-2 fusion_builder_column_1_1 1_1 fusion-one-full fusion-column-first fusion-column-last fusion-column-no-min-height\" style=\"--awb-bg-size:cover;--awb-margin-bottom:0px;\"><div class=\"fusion-column-wrapper fusion-flex-column-wrapper-legacy\"><div class=\"fusion-text fusion-text-2\"><p><strong>Abstract:<\/strong><br \/>\nLa incidencia del territorio en la pol\u00edtica sanitaria viene siendo abordada desde campos disciplinares diferentes sin llegar a conformar un corpus conceptual que d\u00e9 cuenta de la complejidad de los problemas que se constituyen en esa encrucijada. Las desiguales condiciones de vida, los procesos de movilidad, las barreras en el acceso y las relaciones entre establecimientos y servicios en los territorios son parte de los problemas que se destacan en la agenda de los gestores.<br \/>\nEste Cuaderno de Trabajo busca aportar conceptos que ayuden a los responsables de los niveles intermedios de la gesti\u00f3n a comprender las relaciones de mutuo condicionamiento entre territorio y pol\u00edtica sanitaria.<br \/>\nPara ello, condensa contribuciones de distintos autores que pasan en limpio los aportes de los estudios territoriales, del an\u00e1lisis de pol\u00edticas y conceptualizaciones m\u00e1s cl\u00e1sicas de la salud p\u00fablica.<br \/>\nEl trabajo finaliza con un estudio de caso en el que cada uno de los m\u00f3dulos en que se organiza este cuaderno cobra vida en el Municipio de Santa Catalina del Estado de San Ceferino, a prop\u00f3sito de la implementaci\u00f3n de un programa de salud para la materno-infancia.<\/p>\n<\/div><div class=\"fusion-clearfix\"><\/div><\/div><\/div><\/div><\/div>\n","protected":false},"excerpt":{"rendered":"","protected":false},"author":2,"featured_media":6720,"comment_status":"closed","ping_status":"closed","sticky":false,"template":"","format":"standard","meta":{"_exactmetrics_skip_tracking":false,"_exactmetrics_sitenote_active":false,"_exactmetrics_sitenote_note":"","_exactmetrics_sitenote_category":0,"footnotes":""},"categories":[257,212],"tags":[],"class_list":["post-5140","post","type-post","status-publish","format-standard","has-post-thumbnail","hentry","category-libros","category-publicaciones"],"_links":{"self":[{"href":"https:\/\/observatorioconurbano.ungs.edu.ar\/index.php?rest_route=\/wp\/v2\/posts\/5140","targetHints":{"allow":["GET"]}}],"collection":[{"href":"https:\/\/observatorioconurbano.ungs.edu.ar\/index.php?rest_route=\/wp\/v2\/posts"}],"about":[{"href":"https:\/\/observatorioconurbano.ungs.edu.ar\/index.php?rest_route=\/wp\/v2\/types\/post"}],"author":[{"embeddable":true,"href":"https:\/\/observatorioconurbano.ungs.edu.ar\/index.php?rest_route=\/wp\/v2\/users\/2"}],"replies":[{"embeddable":true,"href":"https:\/\/observatorioconurbano.ungs.edu.ar\/index.php?rest_route=%2Fwp%2Fv2%2Fcomments&post=5140"}],"version-history":[{"count":8,"href":"https:\/\/observatorioconurbano.ungs.edu.ar\/index.php?rest_route=\/wp\/v2\/posts\/5140\/revisions"}],"predecessor-version":[{"id":11473,"href":"https:\/\/observatorioconurbano.ungs.edu.ar\/index.php?rest_route=\/wp\/v2\/posts\/5140\/revisions\/11473"}],"wp:featuredmedia":[{"embeddable":true,"href":"https:\/\/observatorioconurbano.ungs.edu.ar\/index.php?rest_route=\/wp\/v2\/media\/6720"}],"wp:attachment":[{"href":"https:\/\/observatorioconurbano.ungs.edu.ar\/index.php?rest_route=%2Fwp%2Fv2%2Fmedia&parent=5140"}],"wp:term":[{"taxonomy":"category","embeddable":true,"href":"https:\/\/observatorioconurbano.ungs.edu.ar\/index.php?rest_route=%2Fwp%2Fv2%2Fcategories&post=5140"},{"taxonomy":"post_tag","embeddable":true,"href":"https:\/\/observatorioconurbano.ungs.edu.ar\/index.php?rest_route=%2Fwp%2Fv2%2Ftags&post=5140"}],"curies":[{"name":"wp","href":"https:\/\/api.w.org\/{rel}","templated":true}]}}