{"id":4310,"date":"2015-12-23T10:12:05","date_gmt":"2015-12-23T13:12:05","guid":{"rendered":"http:\/\/observatorioconurbano.ungs.edu.ar\/?p=4310"},"modified":"2021-08-22T20:52:46","modified_gmt":"2021-08-22T23:52:46","slug":"la-participacion-ciudadana-en-el-conurbano-bonaerense-su-trayectoria-a-lo-largo-de-lasultimas-dos-decadas","status":"publish","type":"post","link":"https:\/\/observatorioconurbano.ungs.edu.ar\/?p=4310","title":{"rendered":"La participaci\u00f3n ciudadana en el Conurbano Bonaerense: su trayectoria a lo largo de las \u00faltimas dos d\u00e9cadas"},"content":{"rendered":"<p><div class=\"fusion-fullwidth fullwidth-box fusion-builder-row-1 nonhundred-percent-fullwidth non-hundred-percent-height-scrolling\" style=\"--awb-border-radius-top-left:0px;--awb-border-radius-top-right:0px;--awb-border-radius-bottom-right:0px;--awb-border-radius-bottom-left:0px;--awb-flex-wrap:wrap;\" ><div class=\"fusion-builder-row fusion-row\"><div class=\"fusion-layout-column fusion_builder_column fusion-builder-column-0 fusion_builder_column_1_1 1_1 fusion-one-full fusion-column-first fusion-column-last\" style=\"--awb-bg-size:cover;--awb-margin-bottom:0px;\"><div class=\"fusion-column-wrapper fusion-flex-column-wrapper-legacy\"><div class=\"fusion-clearfix\"><\/div><\/div><\/div><\/div><\/div><div class=\"fusion-fullwidth fullwidth-box fusion-builder-row-2 nonhundred-percent-fullwidth non-hundred-percent-height-scrolling\" style=\"--awb-background-position:left top;--awb-border-radius-top-left:0px;--awb-border-radius-top-right:0px;--awb-border-radius-bottom-right:0px;--awb-border-radius-bottom-left:0px;--awb-padding-top:20px;--awb-padding-right:0px;--awb-padding-bottom:20px;--awb-padding-left:0px;--awb-border-sizes-top:0px;--awb-border-sizes-bottom:0px;--awb-flex-wrap:wrap;\" ><div class=\"fusion-builder-row fusion-row\"><div class=\"fusion-layout-column fusion_builder_column fusion-builder-column-1 fusion_builder_column_1_1 1_1 fusion-one-full fusion-column-first fusion-column-last\" style=\"--awb-bg-size:cover;\"><div class=\"fusion-column-wrapper fusion-flex-column-wrapper-legacy\"><div class=\"fusion-text fusion-text-1\"><p><strong><img decoding=\"async\" class=\"alignleft size-full wp-image-4312\" src=\"http:\/\/observatorioconurbano.ungs.edu.ar\/wp-content\/uploads\/plenario580.jpg\" alt=\"plenario580\" width=\"580\" height=\"384\" \/><\/strong><\/p>\n<p><em>Por Carolina Foglia [1]<\/em><\/p>\n<p><strong>Introducci\u00f3n <\/strong><\/p>\n<p>Este art\u00edculo se propone realizar una reflexi\u00f3n situada sobre las experiencias de participaci\u00f3n ciudadana en la Argentina. El \u00e9nfasis se colocar\u00e1 en el desarrollo que las mismas han tenidoen el territorio del Conurbano Bonaerense, en el per\u00edodo que abarca desde los a\u00f1os 90\u2019 hasta la actualidad. Para esto se identificaran tres momentos diferenciados, vinculados con la relaci\u00f3n que han establecido la sociedad y el Estado en los procesos de pol\u00edtica p\u00fablica.<\/p>\n<p>Pensar en clave de participaci\u00f3n ciudadana supone adoptar una perspectiva articulada que, no s\u00f3lo pone la lupa en las diferentes experiencias que tienen lugar dentro del \u00e1mbito asociativo (el de las organizaciones sociales o de la sociedad civil), sino que ubicaa \u00e9stas en relaci\u00f3n con el Estado.<\/p>\n<p>Esta noci\u00f3n refiere a modalidades de participaci\u00f3n m\u00e1s directas que aquellas previstas por los mecanismos de la democracia representativa. Es un abordaje que considera la intervenci\u00f3n de la ciudadan\u00eda en los procesos de pol\u00edticas p\u00fablicasen diferentes momentos del proceso de gesti\u00f3n de las mismas: (decisi\u00f3n, formulaci\u00f3n, implementaci\u00f3n, evaluaci\u00f3n y\/o control) y, en una variedad de campos (pol\u00edtica social, econ\u00f3mica, de seguridad, etc.).<\/p>\n<p>En esta l\u00ednea, es posible plantear claras diferencias entre el concepto de participaci\u00f3nciudadana, por un lado, y otras dos nociones vinculadas: la participaci\u00f3n pol\u00edtica y la participaci\u00f3n social.<\/p>\n<p>&nbsp;<\/p>\n<blockquote>\n<p><em>[1] Investigadora docente del \u00c1rea de Estado, Gobierno y Administraci\u00f3n P\u00fablica del Instituto del Conurbano, UNGS.\u00a0 Licenciada en Ciencia Pol\u00edtica de la Facultad de Ciencias Sociales de la Universidad de Buenos Aires.\u00a0 M\u00e1ster en Dise\u00f1o y Gesti\u00f3n de Pol\u00edticas y Programas Sociales en FLACSO \u2013 Sede Acad\u00e9mica Argentina.\u00a0 Ayudante de Primera de la Carrera de Lic. en Ciencia Pol\u00edtica\u00a0 de la Facultad de Ciencias Sociales de la UBA. Miembro del equipo de investigadores del Observatorio del Conurbano<\/em><\/p>\n<\/blockquote>\n<\/div><div class=\"fusion-clearfix\"><\/div><\/div><\/div><\/div><\/div><\/p>\n<!-- WP Attachments -->\r\n        <div style=\"width:100%;margin:10px 0 10px 0;\">\r\n            <h3>Documentos<\/h3>\r\n        <ul class=\"post-attachments\"><li class=\"post-attachment mime-application-pdf\">                                                                                                                                                                                                                                                                              <a target=\"_blank\" rel=\"noopener noreferrer\" href=\"https:\/\/observatorioconurbano.ungs.edu.ar\/?p=4310&#038;download=13565\">Documento-de-Trabajo-BN43<\/a> <\/li><\/ul><\/div>","protected":false},"excerpt":{"rendered":"<p>Documentos Documento-de-Trabajo-BN43<\/p>\n","protected":false},"author":2,"featured_media":7368,"comment_status":"closed","ping_status":"closed","sticky":false,"template":"","format":"standard","meta":{"_exactmetrics_skip_tracking":false,"_exactmetrics_sitenote_active":false,"_exactmetrics_sitenote_note":"","_exactmetrics_sitenote_category":0,"footnotes":""},"categories":[291,527],"tags":[],"class_list":["post-4310","post","type-post","status-publish","format-standard","has-post-thumbnail","hentry","category-articulos-centrales-diciembre-2015","category-todas"],"_links":{"self":[{"href":"https:\/\/observatorioconurbano.ungs.edu.ar\/index.php?rest_route=\/wp\/v2\/posts\/4310","targetHints":{"allow":["GET"]}}],"collection":[{"href":"https:\/\/observatorioconurbano.ungs.edu.ar\/index.php?rest_route=\/wp\/v2\/posts"}],"about":[{"href":"https:\/\/observatorioconurbano.ungs.edu.ar\/index.php?rest_route=\/wp\/v2\/types\/post"}],"author":[{"embeddable":true,"href":"https:\/\/observatorioconurbano.ungs.edu.ar\/index.php?rest_route=\/wp\/v2\/users\/2"}],"replies":[{"embeddable":true,"href":"https:\/\/observatorioconurbano.ungs.edu.ar\/index.php?rest_route=%2Fwp%2Fv2%2Fcomments&post=4310"}],"version-history":[{"count":13,"href":"https:\/\/observatorioconurbano.ungs.edu.ar\/index.php?rest_route=\/wp\/v2\/posts\/4310\/revisions"}],"predecessor-version":[{"id":13564,"href":"https:\/\/observatorioconurbano.ungs.edu.ar\/index.php?rest_route=\/wp\/v2\/posts\/4310\/revisions\/13564"}],"wp:featuredmedia":[{"embeddable":true,"href":"https:\/\/observatorioconurbano.ungs.edu.ar\/index.php?rest_route=\/wp\/v2\/media\/7368"}],"wp:attachment":[{"href":"https:\/\/observatorioconurbano.ungs.edu.ar\/index.php?rest_route=%2Fwp%2Fv2%2Fmedia&parent=4310"}],"wp:term":[{"taxonomy":"category","embeddable":true,"href":"https:\/\/observatorioconurbano.ungs.edu.ar\/index.php?rest_route=%2Fwp%2Fv2%2Fcategories&post=4310"},{"taxonomy":"post_tag","embeddable":true,"href":"https:\/\/observatorioconurbano.ungs.edu.ar\/index.php?rest_route=%2Fwp%2Fv2%2Ftags&post=4310"}],"curies":[{"name":"wp","href":"https:\/\/api.w.org\/{rel}","templated":true}]}}