{"id":3492,"date":"2015-10-01T09:40:27","date_gmt":"2015-10-01T12:40:27","guid":{"rendered":"http:\/\/observatorioconurbano.ungs.edu.ar\/?p=3492"},"modified":"2020-01-02T14:11:36","modified_gmt":"2020-01-02T17:11:36","slug":"consumo-de-farmacos-prevalencia-de-vida-del-ultimo-ano-y-del-ultimo-mes","status":"publish","type":"post","link":"https:\/\/observatorioconurbano.ungs.edu.ar\/?p=3492","title":{"rendered":"Consumo de f\u00e1rmacos: prevalencia de vida, del \u00faltimo a\u00f1o y del \u00faltimo mes."},"content":{"rendered":"<p>\u00c1rea Metropolitana de Buenos Aires (AMBA), Ciudad de Buenos Aires y total pa\u00eds. Noviembre de 2011<\/p>\n<!-- WP Attachments -->\r\n        <div style=\"width:100%;margin:10px 0 10px 0;\">\r\n            <h3>Documentos<\/h3>\r\n        <ul class=\"post-attachments\"><li class=\"post-attachment mime-application-pdf\">                                                                                                                                                                                                                                                                              <a target=\"_blank\" rel=\"noopener noreferrer\" href=\"https:\/\/observatorioconurbano.ungs.edu.ar\/?p=3492&#038;download=12470\">167-Prevalencia-de-vida-del-ultimo-anio-y-del-ultimo-mes-de-consumo-de-farmacos.-2011<\/a> <\/li><li class=\"post-attachment mime-application-vnd-ms-excel\">                                                                                                                                                                                                                                                                              <a target=\"_blank\" rel=\"noopener noreferrer\" href=\"https:\/\/observatorioconurbano.ungs.edu.ar\/?p=3492&#038;download=12471\">167-Prevalencia-de-vida-del-ultimo-anio-y-del-ultimo-mes-de-consumo-de-farmacos.-2011<\/a> <\/li><\/ul><\/div>","protected":false},"excerpt":{"rendered":"<p>\u00c1rea Metropolitana de Buenos Aires (AMBA), Ciudad de Buenos Aires  [&#8230;]<\/p>\n","protected":false},"author":2,"featured_media":0,"comment_status":"closed","ping_status":"closed","sticky":false,"template":"","format":"standard","meta":{"_exactmetrics_skip_tracking":false,"_exactmetrics_sitenote_active":false,"_exactmetrics_sitenote_note":"","_exactmetrics_sitenote_category":0,"footnotes":""},"categories":[13,321,7,229],"tags":[],"class_list":["post-3492","post","type-post","status-publish","format-standard","hentry","category-area-metropolitana-de-buenos-aires","category-consumo-problematico","category-politicas-sociales","category-salud"],"_links":{"self":[{"href":"https:\/\/observatorioconurbano.ungs.edu.ar\/index.php?rest_route=\/wp\/v2\/posts\/3492","targetHints":{"allow":["GET"]}}],"collection":[{"href":"https:\/\/observatorioconurbano.ungs.edu.ar\/index.php?rest_route=\/wp\/v2\/posts"}],"about":[{"href":"https:\/\/observatorioconurbano.ungs.edu.ar\/index.php?rest_route=\/wp\/v2\/types\/post"}],"author":[{"embeddable":true,"href":"https:\/\/observatorioconurbano.ungs.edu.ar\/index.php?rest_route=\/wp\/v2\/users\/2"}],"replies":[{"embeddable":true,"href":"https:\/\/observatorioconurbano.ungs.edu.ar\/index.php?rest_route=%2Fwp%2Fv2%2Fcomments&post=3492"}],"version-history":[{"count":3,"href":"https:\/\/observatorioconurbano.ungs.edu.ar\/index.php?rest_route=\/wp\/v2\/posts\/3492\/revisions"}],"predecessor-version":[{"id":10763,"href":"https:\/\/observatorioconurbano.ungs.edu.ar\/index.php?rest_route=\/wp\/v2\/posts\/3492\/revisions\/10763"}],"wp:attachment":[{"href":"https:\/\/observatorioconurbano.ungs.edu.ar\/index.php?rest_route=%2Fwp%2Fv2%2Fmedia&parent=3492"}],"wp:term":[{"taxonomy":"category","embeddable":true,"href":"https:\/\/observatorioconurbano.ungs.edu.ar\/index.php?rest_route=%2Fwp%2Fv2%2Fcategories&post=3492"},{"taxonomy":"post_tag","embeddable":true,"href":"https:\/\/observatorioconurbano.ungs.edu.ar\/index.php?rest_route=%2Fwp%2Fv2%2Ftags&post=3492"}],"curies":[{"name":"wp","href":"https:\/\/api.w.org\/{rel}","templated":true}]}}