{"id":23613,"date":"2026-03-06T21:50:42","date_gmt":"2026-03-07T00:50:42","guid":{"rendered":"https:\/\/observatorioconurbano.ungs.edu.ar\/?p=23613"},"modified":"2026-03-17T16:37:26","modified_gmt":"2026-03-17T19:37:26","slug":"mas-30-experiencias-se-reunieron-seminario-taller-observatorios-socio-territoriales-america-latina-2-2-3-3-4-2-2-2-2-3-2-2-2-2-3-2-2-2-2-2-2-2-2-2-2-2-2-2-2-2-2-3-3-2-2-3-2-2-2-2-2-2-2-2-2-2-2-2-2-20","status":"publish","type":"post","link":"https:\/\/observatorioconurbano.ungs.edu.ar\/?p=23613","title":{"rendered":"Recursero 8M: reflexiones y datos"},"content":{"rendered":"<p><div class=\"fusion-fullwidth fullwidth-box fusion-builder-row-1 fusion-flex-container nonhundred-percent-fullwidth non-hundred-percent-height-scrolling\" style=\"--awb-border-radius-top-left:0px;--awb-border-radius-top-right:0px;--awb-border-radius-bottom-right:0px;--awb-border-radius-bottom-left:0px;--awb-margin-top:-100px;--awb-margin-bottom:-80px;--awb-flex-wrap:wrap;\" ><div class=\"fusion-builder-row fusion-row fusion-flex-align-items-flex-start fusion-flex-content-wrap\" style=\"max-width:1144px;margin-left: calc(-4% \/ 2 );margin-right: calc(-4% \/ 2 );\"><div class=\"fusion-layout-column fusion_builder_column fusion-builder-column-0 fusion_builder_column_1_1 1_1 fusion-flex-column\" style=\"--awb-bg-size:cover;--awb-width-large:100%;--awb-margin-top-large:0px;--awb-spacing-right-large:1.92%;--awb-margin-bottom-large:20px;--awb-spacing-left-large:1.92%;--awb-width-medium:100%;--awb-order-medium:0;--awb-spacing-right-medium:1.92%;--awb-spacing-left-medium:1.92%;--awb-width-small:100%;--awb-order-small:0;--awb-spacing-right-small:1.92%;--awb-spacing-left-small:1.92%;\"><div class=\"fusion-column-wrapper fusion-column-has-shadow fusion-flex-justify-content-flex-start fusion-content-layout-column\"><div class=\"fusion-text fusion-text-1\" style=\"--awb-text-transform:none;\"><h1>Recursero 8M: reflexiones y datos<\/h1>\n<\/div><\/div><\/div><\/div><\/div><div class=\"fusion-fullwidth fullwidth-box fusion-builder-row-2 fusion-flex-container nonhundred-percent-fullwidth non-hundred-percent-height-scrolling\" style=\"--awb-background-position:left top;--awb-border-sizes-top:0px;--awb-border-sizes-bottom:0px;--awb-border-sizes-left:0px;--awb-border-sizes-right:0px;--awb-border-radius-top-left:0px;--awb-border-radius-top-right:0px;--awb-border-radius-bottom-right:0px;--awb-border-radius-bottom-left:0px;--awb-padding-top:20px;--awb-padding-bottom:50px;--awb-margin-top:80px;--awb-flex-wrap:wrap;\" ><div class=\"fusion-builder-row fusion-row fusion-flex-align-items-flex-start fusion-flex-content-wrap\" style=\"max-width:1144px;margin-left: calc(-4% \/ 2 );margin-right: calc(-4% \/ 2 );\"><div class=\"fusion-layout-column fusion_builder_column fusion-builder-column-1 fusion_builder_column_1_3 1_3 fusion-flex-column\" style=\"--awb-bg-blend:overlay;--awb-bg-size:cover;--awb-width-large:33.333333333333%;--awb-margin-top-large:0px;--awb-spacing-right-large:5.76%;--awb-margin-bottom-large:20px;--awb-spacing-left-large:5.76%;--awb-width-medium:100%;--awb-spacing-right-medium:1.92%;--awb-spacing-left-medium:1.92%;--awb-width-small:100%;--awb-spacing-right-small:1.92%;--awb-spacing-left-small:1.92%;\"><div class=\"fusion-column-wrapper fusion-flex-justify-content-flex-start fusion-content-layout-column\"><div class=\"fusion-image-element \" style=\"--awb-caption-title-font-family:var(--h2_typography-font-family);--awb-caption-title-font-weight:var(--h2_typography-font-weight);--awb-caption-title-font-style:var(--h2_typography-font-style);--awb-caption-title-size:var(--h2_typography-font-size);--awb-caption-title-transform:var(--h2_typography-text-transform);--awb-caption-title-line-height:var(--h2_typography-line-height);--awb-caption-title-letter-spacing:var(--h2_typography-letter-spacing);\"><span class=\" fusion-imageframe imageframe-none imageframe-1 hover-type-none\"><img decoding=\"async\" width=\"1000\" height=\"562\" title=\"Repositorio-1\" src=\"https:\/\/observatorioconurbano.ungs.edu.ar\/wp-content\/uploads\/Repositorio-1.png\" alt class=\"img-responsive wp-image-23612\" srcset=\"https:\/\/observatorioconurbano.ungs.edu.ar\/wp-content\/uploads\/Repositorio-1-200x112.png 200w, https:\/\/observatorioconurbano.ungs.edu.ar\/wp-content\/uploads\/Repositorio-1-400x225.png 400w, https:\/\/observatorioconurbano.ungs.edu.ar\/wp-content\/uploads\/Repositorio-1-600x337.png 600w, https:\/\/observatorioconurbano.ungs.edu.ar\/wp-content\/uploads\/Repositorio-1-800x450.png 800w, https:\/\/observatorioconurbano.ungs.edu.ar\/wp-content\/uploads\/Repositorio-1.png 1000w\" sizes=\"(max-width: 894px) 100vw, (max-width: 630px) 100vw, 400px\" \/><\/span><\/div><\/div><\/div><div class=\"fusion-layout-column fusion_builder_column fusion-builder-column-2 fusion_builder_column_2_3 2_3 fusion-flex-column buttonklein\" style=\"--awb-padding-top-medium:1158px;--awb-padding-right-medium:0px;--awb-padding-bottom-medium:0px;--awb-padding-top-small:0px;--awb-padding-bottom-small:0px;--awb-bg-size:cover;--awb-width-large:66.666666666667%;--awb-margin-top-large:0px;--awb-spacing-right-large:2.88%;--awb-margin-bottom-large:20px;--awb-spacing-left-large:2.88%;--awb-width-medium:100%;--awb-order-medium:0;--awb-spacing-right-medium:6.048%;--awb-margin-bottom-medium:0px;--awb-spacing-left-medium:1.92%;--awb-width-small:100%;--awb-order-small:0;--awb-spacing-right-small:1.92%;--awb-spacing-left-small:1.92%;\"><div class=\"fusion-column-wrapper fusion-column-has-shadow fusion-flex-justify-content-center fusion-content-layout-column\"><div class=\"fusion-text fusion-text-2 fusion-no-medium-visibility\" style=\"--awb-font-size:16px;--awb-text-transform:none;\"><p style=\"text-align: left;\"><span style=\"font-weight: 400;\">Presentamos un conjunto de notas e indicadores orientados a pensar las desigualdades de g\u00e9nero en el conurbano. Para ello recuperamos reflexiones de nuestras investigadores realizadas en a\u00f1os anteriores y un conjunto de indicadores de diversas fuentes<\/span><\/p>\n<\/div><div class=\"fusion-separator fusion-full-width-sep\" style=\"align-self: center;margin-left: auto;margin-right: auto;margin-top:5px;margin-bottom:5px;width:100%;\"><\/div><div class=\"fusion-text fusion-text-3\" style=\"--awb-font-size:16px;--awb-text-transform:none;\"><p><b>Cooperativa Frida Kalho: atenci\u00f3n interdisciplinaria, cooperativa y centrada en la integralidad<\/b><\/p>\n<p><a href=\"https:\/\/observatorioconurbano.ungs.edu.ar\/?p=21219\"><span style=\"font-weight: 400;\">https:\/\/observatorioconurbano.ungs.edu.ar\/?p=21219<\/span><\/a><span style=\"font-weight: 400;\">\u00a0<\/span><\/p>\n<p><span style=\"font-weight: 400;\">Conoc\u00e9 a la cooperativa \u00abFrida Kahlo\u00bb con m\u00e1s de 10 a\u00f1os de trayectoria que se enfoca en los ejes de salud y g\u00e9nero en San Miguel y Jos\u00e9 C Paz. Descubr\u00ed en esta entrevista cu\u00e1l es su mirada sobre las necesidades del Conurbano en materia de g\u00e9nero y qu\u00e9 problemas reconocen en el sistema de salud<\/span><\/p>\n<\/div><div class=\"fusion-separator fusion-full-width-sep\" style=\"align-self: center;margin-left: auto;margin-right: auto;margin-top:5px;margin-bottom:5px;width:100%;\"><\/div><div class=\"fusion-text fusion-text-4\" style=\"--awb-font-size:16px;--awb-text-transform:none;\"><p><span style=\"font-weight: 400;\">A un a\u00f1o de la sanci\u00f3n de la Ley 27.610, la implementaci\u00f3n del derecho al aborto en la provincia de Buenos Aires muestra avances concretos, pero tambi\u00e9n resistencias y desaf\u00edos. \u00bfC\u00f3mo se organiz\u00f3 el sistema de salud para garantizar el acceso? \u00bfQu\u00e9 rol juegaron los feminismos en la gesti\u00f3n? No te pierdas esta entrevista a Carlota Ram\u00edrez, responsable de la Direcci\u00f3n de Salud Sexual y Reproductiva bonaerense.\u00a0<\/span><\/p>\n<\/div><div class=\"fusion-separator fusion-full-width-sep\" style=\"align-self: center;margin-left: auto;margin-right: auto;margin-top:5px;margin-bottom:5px;width:100%;\"><\/div><div class=\"fusion-text fusion-text-5\" style=\"--awb-font-size:16px;--awb-text-transform:none;\"><p><span style=\"font-weight: 400;\">La organizaci\u00f3n del cuidado en el Conurbano Bonaerense expone un sistema sostenido principalmente por el trabajo de las mujeres, tanto en el \u00e1mbito dom\u00e9stico no remunerado como en el empleo en casas particulares y en espacios institucionales y comunitarios. Este bolet\u00edn analiza c\u00f3mo estas formas de provisi\u00f3n se articulan en condiciones desiguales y muchas veces precarias, y plantea los desaf\u00edos pendientes en materia de reconocimiento, redistribuci\u00f3n y pol\u00edticas p\u00fablicas de cuidado.<\/span><\/p>\n<\/div><div class=\"fusion-separator fusion-full-width-sep\" style=\"align-self: center;margin-left: auto;margin-right: auto;margin-top:5px;margin-bottom:5px;width:100%;\"><\/div><div class=\"fusion-text fusion-text-6\" style=\"--awb-font-size:16px;--awb-text-transform:none;\"><p><b>Indicadores:<\/b><\/p>\n<p><span style=\"font-weight: 400;\">En los indicadores, utilizamos datos de la Encuesta Permanente de Hogares (EPH) para variables vinculadas al mercado de trabajo, pobreza e indigencia.<\/span><\/p>\n<p><span style=\"font-weight: 400;\">Tambi\u00e9n se incorporan datos sobre trabajo no remunerado y distribuci\u00f3n del tiempo provenientes de la Encuesta Nacional de Uso del Tiempo (ENUT 2021).<\/span><\/p>\n<p><span style=\"font-weight: 400;\">Se utiliz\u00f3 el Censo Nacional de Poblaci\u00f3n, Hogares y Viviendas 2022 para dar cuenta de las caracter\u00edsticas demogr\u00e1ficas, los niveles educativos, las cobertura de salud y previsional, las migraciones y la composici\u00f3n de los hogares.\u00a0<\/span><\/p>\n<p><span style=\"font-weight: 400;\">Finalmente, se consideran registros sobre femicidios y travesticidios que permiten aproximarse a la problem\u00e1tica de la violencia de g\u00e9nero.\u00a0<\/span><\/p>\n<p><span style=\"font-weight: 400;\">En conjunto, esperamos que estos indicadores\u00a0 y notas permitan construir un panorama integral sobre las condiciones de vida de la poblaci\u00f3n, a partir de las desigualdades sociales y de g\u00e9nero.<\/span><\/p>\n<p><b>Mercado de trabajo, pobreza e indigencia &#8211; EPH<\/b><\/p>\n<ul>\n<li style=\"font-weight: 400;\" aria-level=\"1\"><span style=\"font-weight: 400;\">Desocupados por tiempo de b\u00fasqueda y sexo: <\/span><a href=\"http:\/\/observatorioconurbano.ungs.edu.ar\/?p=194\"><span style=\"font-weight: 400;\">Desocupados por tiempo de b\u00fasqueda y sexo. En porcentaje.<\/span><\/a><span style=\"font-weight: 400;\"> &#8211; 2016 a 2024<\/span><\/li>\n<li style=\"font-weight: 400;\" aria-level=\"1\"><span style=\"font-weight: 400;\">Ocupados por tama\u00f1o del establecimiento y sexo &#8211; 2016-2024: <\/span><a href=\"http:\/\/observatorioconurbano.ungs.edu.ar\/?p=193\"><span style=\"font-weight: 400;\">Ocupados por tama\u00f1o del establecimiento y sexo. En porcentaje <\/span><\/a><span style=\"font-weight: 400;\">&#8211; 2016 a 2024<\/span><\/li>\n<li style=\"font-weight: 400;\" aria-level=\"1\"><span style=\"font-weight: 400;\">Ocupados por categor\u00eda ocupacional y sexo 2016 &#8211; 2024: <\/span><a href=\"http:\/\/observatorioconurbano.ungs.edu.ar\/?p=191\"><span style=\"font-weight: 400;\">Ocupados por categor\u00eda ocupacional y sexo. En porcentaje<\/span><\/a><span style=\"font-weight: 400;\"> &#8211; 2016 a 2024<\/span><\/li>\n<li style=\"font-weight: 400;\" aria-level=\"1\"><span style=\"font-weight: 400;\">Cobertura previsional de personas en edad de jubilarse &#8211; 2003-2024: <\/span><a href=\"http:\/\/observatorioconurbano.ungs.edu.ar\/?p=5380\"><span style=\"font-weight: 400;\">Tasa de cobertura previsional de las personas en edad de jubilarse y poblaci\u00f3n absoluta en edad de jubilarse, seg\u00fan sexo.<\/span><\/a><span style=\"font-weight: 400;\">&#8211; 2003 a 2024<\/span><\/li>\n<li style=\"font-weight: 400;\" aria-level=\"1\"><span style=\"font-weight: 400;\">Cobertura previsional de adultos mayores &#8211; 2003-2024: <\/span><a href=\"http:\/\/observatorioconurbano.ungs.edu.ar\/?p=5385\"><span style=\"font-weight: 400;\">Tasa de cobertura previsional de los adultos mayores y poblaci\u00f3n total de adultos mayores, seg\u00fan sexo. En porcentaje<\/span><\/a><span style=\"font-weight: 400;\"> &#8211; 2003 a 2024<\/span><\/li>\n<li style=\"font-weight: 400;\" aria-level=\"1\"><span style=\"font-weight: 400;\">Nivel de Calificaci\u00f3n segun sexo: <\/span><a href=\"http:\/\/observatorioconurbano.ungs.edu.ar\/?p=6831\"><span style=\"font-weight: 400;\">Nivel de calificaci\u00f3n de la poblaci\u00f3n ocupada en la ocupaci\u00f3n principal, seg\u00fan sexo. En porcentajes<\/span><\/a><span style=\"font-weight: 400;\"> &#8211; 2016 a 2024<\/span><\/li>\n<li style=\"font-weight: 400;\" aria-level=\"1\"><span style=\"font-weight: 400;\">Asalariados no registrados por sexo y sector: <\/span><a href=\"http:\/\/observatorioconurbano.ungs.edu.ar\/?p=6835\"><span style=\"font-weight: 400;\">Asalariados no registrados seg\u00fan sexo y sector. En porcentajes<\/span><\/a><span style=\"font-weight: 400;\"> &#8211; 2016 a 2024<\/span><\/li>\n<li style=\"font-weight: 400;\" aria-level=\"1\"><span style=\"font-weight: 400;\">Presencia femenina en jefatura y direcci\u00f3n: <\/span><a href=\"http:\/\/observatorioconurbano.ungs.edu.ar\/?p=6840\"><span style=\"font-weight: 400;\">Presencia femenina en jefatura y direcci\u00f3n<\/span><\/a><span style=\"font-weight: 400;\"> &#8211; 2016 a 2024<\/span><\/li>\n<li style=\"font-weight: 400;\" aria-level=\"1\"><span style=\"font-weight: 400;\">Presencia femenina por rama: <\/span><a href=\"http:\/\/observatorioconurbano.ungs.edu.ar\/?p=6844\"><span style=\"font-weight: 400;\">Presencia femenina en poblaci\u00f3n ocupada, seg\u00fan rama de actividad. En porcentajes<\/span><\/a><span style=\"font-weight: 400;\"> &#8211; 2016 a 2024<\/span><\/li>\n<li style=\"font-weight: 400;\" aria-level=\"1\"><span style=\"font-weight: 400;\">Tasa de actividad seg\u00fan variables sociomogr\u00e1ficas: <\/span><a href=\"http:\/\/observatorioconurbano.ungs.edu.ar\/?p=8531\"><span style=\"font-weight: 400;\">Tasa de actividad, seg\u00fan variables sociodemogr\u00e1ficas<\/span><\/a><span style=\"font-weight: 400;\"> &#8211; 2003 a 2025<\/span><\/li>\n<li style=\"font-weight: 400;\" aria-level=\"1\"><span style=\"font-weight: 400;\">Tasa de desempleo seg\u00fan variables sociodemogr\u00e1ficas: <\/span><a href=\"http:\/\/observatorioconurbano.ungs.edu.ar\/?p=8536\"><span style=\"font-weight: 400;\">Tasa de desempleo, seg\u00fan variables sociodemogr\u00e1ficas<\/span><\/a><span style=\"font-weight: 400;\"> &#8211; 2003 a 2025<\/span><\/li>\n<li style=\"font-weight: 400;\" aria-level=\"1\"><span style=\"font-weight: 400;\">Tasa de empleo seg\u00fan variables sociodemogr\u00e1ficas: <\/span><a href=\"http:\/\/observatorioconurbano.ungs.edu.ar\/?p=8541\"><span style=\"font-weight: 400;\">Tasa de empleo, seg\u00fan variables sociodemogr\u00e1ficas<\/span><\/a><span style=\"font-weight: 400;\"> &#8211; 2003 a 2025<\/span><\/li>\n<li style=\"font-weight: 400;\" aria-level=\"1\"><span style=\"font-weight: 400;\">Indigencia seg\u00fan caracter\u00edsticas ocupacionales y jefe hogar: <\/span><a href=\"http:\/\/observatorioconurbano.ungs.edu.ar\/?p=9687\"><span style=\"font-weight: 400;\">Indigencia seg\u00fan caracter\u00edsticas ocupacionales y del jefe de hogar. Porcentaje de personas indigentes<\/span><\/a><span style=\"font-weight: 400;\"> &#8211; 2003 a 2025<\/span><\/li>\n<li style=\"font-weight: 400;\" aria-level=\"1\"><span style=\"font-weight: 400;\">\u00a0Indigencia seg\u00fan edad y sexo. Porcentaje de personas indigentes: <\/span><a href=\"http:\/\/observatorioconurbano.ungs.edu.ar\/?p=9691\"><span style=\"font-weight: 400;\">Indigencia seg\u00fan edad y sexo. Porcentaje de personas indigentes<\/span><\/a><span style=\"font-weight: 400;\"> &#8211; 2003 a 2025<\/span><\/li>\n<li style=\"font-weight: 400;\" aria-level=\"1\"><span style=\"font-weight: 400;\">Pobreza seg\u00fan caracter\u00edsticas ocupacionales y jefe de hogar: <\/span><a href=\"http:\/\/observatorioconurbano.ungs.edu.ar\/?p=9679\"><span style=\"font-weight: 400;\">Pobreza seg\u00fan caracter\u00edsticas ocupacionales y del jefe de hogar. Porcentaje de personas pobres <\/span><\/a><span style=\"font-weight: 400;\">&#8211; 2003 a 2025\u00a0<\/span><\/li>\n<li style=\"font-weight: 400;\" aria-level=\"1\"><span style=\"font-weight: 400;\">Pobreza seg\u00fan edad y sexo. Porcentaje de personas pobres: <\/span><a href=\"http:\/\/observatorioconurbano.ungs.edu.ar\/?p=9683\"><span style=\"font-weight: 400;\">Pobreza seg\u00fan edad y sexo. Porcentaje de personas pobres<\/span><\/a><span style=\"font-weight: 400;\"> &#8211; 2003 a 2025<\/span><\/li>\n<li style=\"font-weight: 400;\" aria-level=\"1\"><span style=\"font-weight: 400;\">Tasa de empleo no registrado seg\u00fan variables sociodemogr\u00e1ficas: <\/span><a href=\"http:\/\/observatorioconurbano.ungs.edu.ar\/?p=10061\"><span style=\"font-weight: 400;\">Tasa de empleo no registrado, seg\u00fan variables sociodemogr\u00e1ficas<\/span><\/a><span style=\"font-weight: 400;\"> &#8211; 2003 a 2025<\/span><\/li>\n<li style=\"font-weight: 400;\" aria-level=\"1\"><span style=\"font-weight: 400;\">Hogares unipersonales seg\u00fan sexo y edad: <\/span><a href=\"http:\/\/observatorioconurbano.ungs.edu.ar\/?p=17429\"><span style=\"font-weight: 400;\">Hogares unipersonales por sexo y decil de edad. En porcentaje<\/span><\/a><span style=\"font-weight: 400;\"> &#8211; 2016 a 2024<\/span><\/li>\n<li style=\"font-weight: 400;\" aria-level=\"1\"><span style=\"font-weight: 400;\">Mujeres jefas de hogar seg\u00fan: <\/span><a href=\"http:\/\/observatorioconurbano.ungs.edu.ar\/?p=17434\"><span style=\"font-weight: 400;\">Mujeres jefas de hogar seg\u00fan composici\u00f3n del hogar. En porcentaje<\/span><\/a><span style=\"font-weight: 400;\"> &#8211; 2016 a 2024<\/span><\/li>\n<li style=\"font-weight: 400;\" aria-level=\"1\"><span style=\"font-weight: 400;\">Poblaci\u00f3n sin ingresos propios seg\u00fan sexo: <\/span><a href=\"http:\/\/observatorioconurbano.ungs.edu.ar\/?p=17438\"><span style=\"font-weight: 400;\">Poblacion sin ingresos propios por sexo. En porcentaje<\/span><\/a><span style=\"font-weight: 400;\"> &#8211; 2016\u00a0 a 2024<\/span><\/li>\n<li style=\"font-weight: 400;\" aria-level=\"1\"><span style=\"font-weight: 400;\">Servicio dom\u00e9stico, cantidad de trabajadores-as, en absolutos y porcentajes: <\/span><a href=\"http:\/\/observatorioconurbano.ungs.edu.ar\/?p=18758\"><span style=\"font-weight: 400;\">Servicio dom\u00e9stico, cantidad de trabajadores-as, en absolutos y porcentajes<\/span><\/a><span style=\"font-weight: 400;\">. 2022 a 2025<\/span><\/li>\n<li style=\"font-weight: 400;\" aria-level=\"1\"><span style=\"font-weight: 400;\">Trabajadores\/as de servicio dom\u00e9stico, cantidad de hogares en los que se presta servicio: <\/span><a href=\"http:\/\/observatorioconurbano.ungs.edu.ar\/?p=18763\"><span style=\"font-weight: 400;\">Trabajadores\/as de servicio dom\u00e9stico, cantidad de hogares en los que se presta servicio.<\/span><\/a><span style=\"font-weight: 400;\"> &#8211; 2022 a 2025<\/span><\/li>\n<li style=\"font-weight: 400;\" aria-level=\"1\"><span style=\"font-weight: 400;\">Trabajadores\/as en servicio dom\u00e9stico, antig\u00fcedad laboral: <\/span><a href=\"http:\/\/observatorioconurbano.ungs.edu.ar\/?p=18767\"><span style=\"font-weight: 400;\">Trabajadores\/as en servicio dom\u00e9stico, antig\u00fcedad laboral.<\/span><\/a><span style=\"font-weight: 400;\"> &#8211; 2022 a 2024<\/span><\/li>\n<li style=\"font-weight: 400;\" aria-level=\"1\"><span style=\"font-weight: 400;\">Trabajadores\/as en servicio dom\u00e9stico, trabajo registrado: <\/span><a href=\"http:\/\/observatorioconurbano.ungs.edu.ar\/?p=18771\"><span style=\"font-weight: 400;\">Trabajadores\/as en servicio dom\u00e9stico, trabajo registrado.<\/span><\/a><span style=\"font-weight: 400;\"> &#8211; 2022 a 2024<\/span><\/li>\n<\/ul>\n<\/div><div class=\"fusion-separator fusion-full-width-sep\" style=\"align-self: center;margin-left: auto;margin-right: auto;margin-top:5px;margin-bottom:5px;width:100%;\"><\/div><div class=\"fusion-text fusion-text-7\" style=\"--awb-font-size:16px;--awb-text-transform:none;\"><p><b>Trabajo no remunerado &#8211; ENUT 2021<\/b><\/p>\n<ul>\n<li style=\"font-weight: 400;\" aria-level=\"1\"><span style=\"font-weight: 400;\">Trabajo remunerado y no remunerado por g\u00e9nero: <\/span><a href=\"https:\/\/observatorioconurbano.ungs.edu.ar\/?p=18728\"><span style=\"font-weight: 400;\">Trabajo remunerado y no remunerado por g\u00e9nero.<\/span><\/a><span style=\"font-weight: 400;\"> &#8211; 2021<\/span><\/li>\n<li style=\"font-weight: 400;\" aria-level=\"1\"><span style=\"font-weight: 400;\">Trabajo no remunerado por g\u00e9nero en porcentajes y condici\u00f3n de ocupaci\u00f3n: <\/span><a href=\"https:\/\/observatorioconurbano.ungs.edu.ar\/?p=18734\"><span style=\"font-weight: 400;\">Trabajo no remunerado por g\u00e9nero en porcentajes y condici\u00f3n de ocupaci\u00f3n.<\/span><\/a><span style=\"font-weight: 400;\"> &#8211; 2021<\/span><\/li>\n<li style=\"font-weight: 400;\" aria-level=\"1\"><span style=\"font-weight: 400;\">Trabajo no remunerado por g\u00e9nero, tiempo por participante y condici\u00f3n de ocupaci\u00f3n: <\/span><a href=\"https:\/\/observatorioconurbano.ungs.edu.ar\/?p=18738\"><span style=\"font-weight: 400;\">Trabajo no remunerado por g\u00e9nero, tiempo por participante y condici\u00f3n de ocupaci\u00f3n.<\/span><\/a><span style=\"font-weight: 400;\"> &#8211; 2021<\/span><\/li>\n<\/ul>\n<\/div><div class=\"fusion-separator fusion-full-width-sep\" style=\"align-self: center;margin-left: auto;margin-right: auto;margin-top:5px;margin-bottom:5px;width:100%;\"><\/div><div class=\"fusion-text fusion-text-8\" style=\"--awb-font-size:16px;--awb-text-transform:none;\"><p><b>Variables sociodemogr\u00e1ficas, educaci\u00f3n, cobertura de salud, migraciones, cobertura previsional. Censo 2022<\/b><\/p>\n<ul>\n<li style=\"font-weight: 400;\" aria-level=\"1\"><span style=\"font-weight: 400;\">Poblaci\u00f3n de 20 a\u00f1os y m\u00e1s que complet\u00f3 el nivel universitario, por sexo y grupo de edad: <\/span><a href=\"http:\/\/observatorioconurbano.ungs.edu.ar\/?p=203\"><span style=\"font-weight: 400;\">Poblaci\u00f3n de 20 a\u00f1os y m\u00e1s que complet\u00f3 el nivel universitario, por sexo y grupo de edad <\/span><\/a><span style=\"font-weight: 400;\">&#8211; 2010 y 2022<\/span><\/li>\n<li style=\"font-weight: 400;\" aria-level=\"1\"><span style=\"font-weight: 400;\">Poblaci\u00f3n por partido seg\u00fan sexo: <\/span><a href=\"http:\/\/observatorioconurbano.ungs.edu.ar\/?p=477\"><span style=\"font-weight: 400;\">Poblaci\u00f3n por partido seg\u00fan sexo<\/span><\/a><span style=\"font-weight: 400;\"> &#8211; 1869 a 2022<\/span><\/li>\n<li style=\"font-weight: 400;\" aria-level=\"1\"><span style=\"font-weight: 400;\">Poblaci\u00f3n total por sexo e \u00edndice de masculinidad, seg\u00fan edad en a\u00f1os simples y grupos quinquenales de edad: <\/span><a href=\"http:\/\/observatorioconurbano.ungs.edu.ar\/?p=478\"><span style=\"font-weight: 400;\">Poblaci\u00f3n total por sexo e \u00edndice de masculinidad, seg\u00fan edad en a\u00f1os simples y grupos quinquenales de edad<\/span><\/a><span style=\"font-weight: 400;\"> &#8211; 2001, 2010 y 2022<\/span><\/li>\n<li style=\"font-weight: 400;\" aria-level=\"1\"><span style=\"font-weight: 400;\">Jubilacion o pension por edad y sexo: <\/span><a href=\"http:\/\/observatorioconurbano.ungs.edu.ar\/?p=1291\"><span style=\"font-weight: 400;\">Poblaci\u00f3n por percepci\u00f3n de jubilaci\u00f3n o pensi\u00f3n, seg\u00fan sexo y grupo de edad<\/span><\/a><span style=\"font-weight: 400;\"> &#8211; 2001, 2010 y 2022<\/span><\/li>\n<li style=\"font-weight: 400;\" aria-level=\"1\"><span style=\"font-weight: 400;\">Poblaci\u00f3n nacida en pa\u00edses sudamericanos seg\u00fan sexo por partido: <\/span><a href=\"http:\/\/observatorioconurbano.ungs.edu.ar\/?p=6696\"><span style=\"font-weight: 400;\">Poblaci\u00f3n nacida en pa\u00edses sudamericanos, seg\u00fan sexo y pa\u00eds de nacimiento, por partido<\/span><\/a><span style=\"font-weight: 400;\"> &#8211; 2001, 2010 y 2022<\/span><\/li>\n<li style=\"font-weight: 400;\" aria-level=\"1\"><span style=\"font-weight: 400;\">Poblaci\u00f3n por tipo de cobertura de salud, seg\u00fan sexo y grupo de edad: <\/span><a href=\"http:\/\/observatorioconurbano.ungs.edu.ar\/?p=21108\"><span style=\"font-weight: 400;\">Poblaci\u00f3n por tipo de cobertura de salud, seg\u00fan sexo y grupo de edad<\/span><\/a><span style=\"font-weight: 400;\"> &#8211; 2022<\/span><\/li>\n<li style=\"font-weight: 400;\" aria-level=\"1\"><span style=\"font-weight: 400;\">Poblaci\u00f3n de 3 a\u00f1os y m\u00e1s por condici\u00f3n de asistencia escolar, seg\u00fan sexo y grupo de edad: <\/span><a href=\"http:\/\/observatorioconurbano.ungs.edu.ar\/?p=21112\"><span style=\"font-weight: 400;\">Poblaci\u00f3n de 3 a\u00f1os y m\u00e1s por condici\u00f3n de asistencia escolar, seg\u00fan sexo y grupo de edad<\/span><\/a><span style=\"font-weight: 400;\"> &#8211; 2022<\/span><\/li>\n<li style=\"font-weight: 400;\" aria-level=\"1\"><span style=\"font-weight: 400;\">Nivel educativo seg\u00fan sexo, por partido. En absolutos y porcentajes-2022: <\/span><a href=\"https:\/\/observatorioconurbano.ungs.edu.ar\/?p=22951\"><span style=\"font-weight: 400;\">Nivel educativo seg\u00fan sexo, por partido. En absolutos<\/span><\/a><span style=\"font-weight: 400;\"> &#8211; 2022<\/span><\/li>\n<\/ul>\n<\/div><div class=\"fusion-separator fusion-full-width-sep\" style=\"align-self: center;margin-left: auto;margin-right: auto;margin-top:5px;margin-bottom:5px;width:100%;\"><\/div><div class=\"fusion-text fusion-text-9\" style=\"--awb-font-size:16px;--awb-text-transform:none;\"><p><b>Femicidios<\/b><\/p>\n<ul>\n<li style=\"font-weight: 400;\" aria-level=\"1\"><span style=\"font-weight: 400;\">Femicidios y travesticidios: <\/span><a href=\"http:\/\/observatorioconurbano.ungs.edu.ar\/?p=13590\"><span style=\"font-weight: 400;\">Femicidios y Travesticidios por semestre <\/span><\/a><span style=\"font-weight: 400;\">&#8211; 2020 a 2025<\/span><\/li>\n<li style=\"font-weight: 400;\" aria-level=\"1\"><span style=\"font-weight: 400;\">Tasa de femicidios por departamento judicial: <\/span><a href=\"http:\/\/observatorioconurbano.ungs.edu.ar\/?p=17311\"><span style=\"font-weight: 400;\">Tasa de femicidios por departamento judicial<\/span><\/a><\/li>\n<li style=\"font-weight: 400;\" aria-level=\"1\"><span style=\"font-weight: 400;\">Femicidios por partido: <\/span><a href=\"https:\/\/observatorioconurbano.ungs.edu.ar\/?p=22234\"><span style=\"font-weight: 400;\">V\u00edctimas de Femicidio por Partido<\/span><\/a><span style=\"font-weight: 400;\"> &#8211; 2020 a 2024<\/span><\/li>\n<\/ul>\n<\/div><\/div><\/div><\/div><\/div><\/p>\n","protected":false},"excerpt":{"rendered":"","protected":false},"author":2,"featured_media":23612,"comment_status":"closed","ping_status":"closed","sticky":false,"template":"","format":"standard","meta":{"_exactmetrics_skip_tracking":false,"_exactmetrics_sitenote_active":false,"_exactmetrics_sitenote_note":"","_exactmetrics_sitenote_category":0,"footnotes":""},"categories":[249],"tags":[629,628,627],"class_list":["post-23613","post","type-post","status-publish","format-standard","has-post-thumbnail","hentry","category-actividades","tag-ico","tag-idei","tag-inaes"],"_links":{"self":[{"href":"https:\/\/observatorioconurbano.ungs.edu.ar\/index.php?rest_route=\/wp\/v2\/posts\/23613","targetHints":{"allow":["GET"]}}],"collection":[{"href":"https:\/\/observatorioconurbano.ungs.edu.ar\/index.php?rest_route=\/wp\/v2\/posts"}],"about":[{"href":"https:\/\/observatorioconurbano.ungs.edu.ar\/index.php?rest_route=\/wp\/v2\/types\/post"}],"author":[{"embeddable":true,"href":"https:\/\/observatorioconurbano.ungs.edu.ar\/index.php?rest_route=\/wp\/v2\/users\/2"}],"replies":[{"embeddable":true,"href":"https:\/\/observatorioconurbano.ungs.edu.ar\/index.php?rest_route=%2Fwp%2Fv2%2Fcomments&post=23613"}],"version-history":[{"count":12,"href":"https:\/\/observatorioconurbano.ungs.edu.ar\/index.php?rest_route=\/wp\/v2\/posts\/23613\/revisions"}],"predecessor-version":[{"id":23696,"href":"https:\/\/observatorioconurbano.ungs.edu.ar\/index.php?rest_route=\/wp\/v2\/posts\/23613\/revisions\/23696"}],"wp:featuredmedia":[{"embeddable":true,"href":"https:\/\/observatorioconurbano.ungs.edu.ar\/index.php?rest_route=\/wp\/v2\/media\/23612"}],"wp:attachment":[{"href":"https:\/\/observatorioconurbano.ungs.edu.ar\/index.php?rest_route=%2Fwp%2Fv2%2Fmedia&parent=23613"}],"wp:term":[{"taxonomy":"category","embeddable":true,"href":"https:\/\/observatorioconurbano.ungs.edu.ar\/index.php?rest_route=%2Fwp%2Fv2%2Fcategories&post=23613"},{"taxonomy":"post_tag","embeddable":true,"href":"https:\/\/observatorioconurbano.ungs.edu.ar\/index.php?rest_route=%2Fwp%2Fv2%2Ftags&post=23613"}],"curies":[{"name":"wp","href":"https:\/\/api.w.org\/{rel}","templated":true}]}}