{"id":23601,"date":"2026-03-06T20:31:31","date_gmt":"2026-03-06T23:31:31","guid":{"rendered":"https:\/\/observatorioconurbano.ungs.edu.ar\/?p=23601"},"modified":"2026-03-17T16:41:04","modified_gmt":"2026-03-17T19:41:04","slug":"mas-30-experiencias-se-reunieron-seminario-taller-observatorios-socio-territoriales-america-latina-2-2-3-3-4-2-2-2-2-3-2-2-2-2-3-2-2-2-2-2-2-2-2-2-2-2-2-2-2-2-2-3-3-2-2-3-2-2-2-2-2-2-2-2-2-2-2-2-2-19","status":"publish","type":"post","link":"https:\/\/observatorioconurbano.ungs.edu.ar\/?p=23601","title":{"rendered":"8M en el conurbano"},"content":{"rendered":"<p><div class=\"fusion-fullwidth fullwidth-box fusion-builder-row-1 fusion-flex-container nonhundred-percent-fullwidth non-hundred-percent-height-scrolling\" style=\"--awb-border-radius-top-left:0px;--awb-border-radius-top-right:0px;--awb-border-radius-bottom-right:0px;--awb-border-radius-bottom-left:0px;--awb-margin-top:-100px;--awb-margin-bottom:-80px;--awb-flex-wrap:wrap;\" ><div class=\"fusion-builder-row fusion-row fusion-flex-align-items-flex-start fusion-flex-content-wrap\" style=\"max-width:1144px;margin-left: calc(-4% \/ 2 );margin-right: calc(-4% \/ 2 );\"><div class=\"fusion-layout-column fusion_builder_column fusion-builder-column-0 fusion_builder_column_1_1 1_1 fusion-flex-column\" style=\"--awb-bg-size:cover;--awb-width-large:100%;--awb-margin-top-large:0px;--awb-spacing-right-large:1.92%;--awb-margin-bottom-large:20px;--awb-spacing-left-large:1.92%;--awb-width-medium:100%;--awb-order-medium:0;--awb-spacing-right-medium:1.92%;--awb-spacing-left-medium:1.92%;--awb-width-small:100%;--awb-order-small:0;--awb-spacing-right-small:1.92%;--awb-spacing-left-small:1.92%;\"><div class=\"fusion-column-wrapper fusion-column-has-shadow fusion-flex-justify-content-flex-start fusion-content-layout-column\"><div class=\"fusion-text fusion-text-1\" style=\"--awb-text-transform:none;\"><h1>8M en el conurbano<\/h1>\n<\/div><\/div><\/div><\/div><\/div><div class=\"fusion-fullwidth fullwidth-box fusion-builder-row-2 fusion-flex-container nonhundred-percent-fullwidth non-hundred-percent-height-scrolling\" style=\"--awb-background-position:left top;--awb-border-sizes-top:0px;--awb-border-sizes-bottom:0px;--awb-border-sizes-left:0px;--awb-border-sizes-right:0px;--awb-border-radius-top-left:0px;--awb-border-radius-top-right:0px;--awb-border-radius-bottom-right:0px;--awb-border-radius-bottom-left:0px;--awb-padding-top:20px;--awb-padding-bottom:50px;--awb-margin-top:80px;--awb-flex-wrap:wrap;\" ><div class=\"fusion-builder-row fusion-row fusion-flex-align-items-flex-start fusion-flex-content-wrap\" style=\"max-width:1144px;margin-left: calc(-4% \/ 2 );margin-right: calc(-4% \/ 2 );\"><div class=\"fusion-layout-column fusion_builder_column fusion-builder-column-1 fusion_builder_column_1_3 1_3 fusion-flex-column\" style=\"--awb-bg-blend:overlay;--awb-bg-size:cover;--awb-width-large:33.333333333333%;--awb-margin-top-large:0px;--awb-spacing-right-large:5.76%;--awb-margin-bottom-large:20px;--awb-spacing-left-large:5.76%;--awb-width-medium:100%;--awb-spacing-right-medium:1.92%;--awb-spacing-left-medium:1.92%;--awb-width-small:100%;--awb-spacing-right-small:1.92%;--awb-spacing-left-small:1.92%;\"><div class=\"fusion-column-wrapper fusion-flex-justify-content-flex-start fusion-content-layout-column\"><div class=\"fusion-image-element \" style=\"--awb-caption-title-font-family:var(--h2_typography-font-family);--awb-caption-title-font-weight:var(--h2_typography-font-weight);--awb-caption-title-font-style:var(--h2_typography-font-style);--awb-caption-title-size:var(--h2_typography-font-size);--awb-caption-title-transform:var(--h2_typography-text-transform);--awb-caption-title-line-height:var(--h2_typography-line-height);--awb-caption-title-letter-spacing:var(--h2_typography-letter-spacing);\"><span class=\" fusion-imageframe imageframe-none imageframe-1 hover-type-none\"><img decoding=\"async\" width=\"1000\" height=\"562\" title=\"nota-de-notas-1\" src=\"https:\/\/observatorioconurbano.ungs.edu.ar\/wp-content\/uploads\/nota-de-notas-1.png\" alt class=\"img-responsive wp-image-23600\" srcset=\"https:\/\/observatorioconurbano.ungs.edu.ar\/wp-content\/uploads\/nota-de-notas-1-200x112.png 200w, https:\/\/observatorioconurbano.ungs.edu.ar\/wp-content\/uploads\/nota-de-notas-1-400x225.png 400w, https:\/\/observatorioconurbano.ungs.edu.ar\/wp-content\/uploads\/nota-de-notas-1-600x337.png 600w, https:\/\/observatorioconurbano.ungs.edu.ar\/wp-content\/uploads\/nota-de-notas-1-800x450.png 800w, https:\/\/observatorioconurbano.ungs.edu.ar\/wp-content\/uploads\/nota-de-notas-1.png 1000w\" sizes=\"(max-width: 894px) 100vw, (max-width: 630px) 100vw, 400px\" \/><\/span><\/div><\/div><\/div><div class=\"fusion-layout-column fusion_builder_column fusion-builder-column-2 fusion_builder_column_2_3 2_3 fusion-flex-column buttonklein\" style=\"--awb-padding-top-medium:1158px;--awb-padding-right-medium:0px;--awb-padding-bottom-medium:0px;--awb-padding-top-small:0px;--awb-padding-bottom-small:0px;--awb-bg-size:cover;--awb-width-large:66.666666666667%;--awb-margin-top-large:0px;--awb-spacing-right-large:2.88%;--awb-margin-bottom-large:20px;--awb-spacing-left-large:2.88%;--awb-width-medium:100%;--awb-order-medium:0;--awb-spacing-right-medium:6.048%;--awb-margin-bottom-medium:0px;--awb-spacing-left-medium:1.92%;--awb-width-small:100%;--awb-order-small:0;--awb-spacing-right-small:1.92%;--awb-spacing-left-small:1.92%;\"><div class=\"fusion-column-wrapper fusion-column-has-shadow fusion-flex-justify-content-center fusion-content-layout-column\"><div class=\"fusion-text fusion-text-2 fusion-no-medium-visibility\" style=\"--awb-font-size:16px;--awb-text-transform:none;\"><h3>Notas del Observatorio sobre desigualdades, cuidados, salud y feminismos<\/h3>\n<\/div><div class=\"fusion-separator fusion-full-width-sep\" style=\"align-self: center;margin-left: auto;margin-right: auto;margin-top:5px;margin-bottom:5px;width:100%;\"><\/div><div class=\"fusion-text fusion-text-3\" style=\"--awb-font-size:16px;--awb-text-transform:none;\"><h3><a href=\"https:\/\/observatorioconurbano.ungs.edu.ar\/?p=19565\"><strong>La justicia y el incremento de las causas judiciales de violencia por motivos de g\u00e9neros (autores y a\u00f1o)<\/strong><\/a><\/h3>\n<p style=\"padding-left: 40px;\">En diez a\u00f1os las causas por violencia familiar crecieron casi un 300% \u00bfM\u00e1s violencia o m\u00e1s denuncias? Una reflexi\u00f3n cr\u00edtica sobre c\u00f3mo se abordan las violencias desde las pol\u00edticas p\u00fablicas.<\/p>\n<h3><a href=\"https:\/\/observatorioconurbano.ungs.edu.ar\/?p=23369\"><strong>Si el h\u00e1bitat se transforma, la vida se transforma<\/strong><\/a><\/h3>\n<p style=\"padding-left: 40px;\">Pensar el h\u00e1bitat popular desde una mirada feminista y situada. Descubr\u00ed un proyecto de investigaci\u00f3n acci\u00f3n junto a referentas comunitarias, la Asociaci\u00f3n Madre Tierra e Investigadorxs Docentxs.<\/p>\n<h3><a href=\"https:\/\/observatorioconurbano.ungs.edu.ar\/?p=21203\"><strong>\u201cEn el barrio no se lo ve como antes\u201d: las mujeres en el primer nivel de atenci\u00f3n sanitario<\/strong><\/a><\/h3>\n<p style=\"padding-left: 40px;\">Desde la pandemia, el acceso a la salud empeor\u00f3, especialmente para los sectores m\u00e1s vulnerados.<\/p>\n<p style=\"padding-left: 40px;\">Una mirada sobre el rol de las mujeres, el primer nivel de atenci\u00f3n y los desaf\u00edos para una salud integral. <strong>(autores y a\u00f1o)<\/strong><strong>\u00a0<\/strong><\/p>\n<h3><a href=\"https:\/\/observatorioconurbano.ungs.edu.ar\/?p=19309\"><strong>Los esfuerzos que sostienen la vida en el conurbano bonaerense<\/strong><\/a><strong>\u00a0<\/strong><\/h3>\n<p style=\"padding-left: 40px;\">Cuidado infantil, trayectorias laborales femeninas y debates pendientes sobre licencias parentales, una entrevista a Rocio Pinto.<\/p>\n<h3><a href=\"https:\/\/observatorioconurbano.ungs.edu.ar\/?p=18850\"><strong>\u00abLos pibes que vienen a los centros viven otra infancia\u00bb<\/strong><\/a><\/h3>\n<p style=\"padding-left: 40px;\">Lo que empez\u00f3 como una necesidad para dar respuesta al hambre termin\u00f3 mutando. Una entrevista clave sobre los centros comunitarios de cuidado y las trabajadoras que los sostienen.<\/p>\n<\/div><\/div><\/div><\/div><\/div><\/p>\n","protected":false},"excerpt":{"rendered":"","protected":false},"author":2,"featured_media":23600,"comment_status":"closed","ping_status":"closed","sticky":false,"template":"","format":"standard","meta":{"_exactmetrics_skip_tracking":false,"_exactmetrics_sitenote_active":false,"_exactmetrics_sitenote_note":"","_exactmetrics_sitenote_category":0,"footnotes":""},"categories":[249,202],"tags":[629,628,627],"class_list":["post-23601","post","type-post","status-publish","format-standard","has-post-thumbnail","hentry","category-actividades","category-agenda","tag-ico","tag-idei","tag-inaes"],"_links":{"self":[{"href":"https:\/\/observatorioconurbano.ungs.edu.ar\/index.php?rest_route=\/wp\/v2\/posts\/23601","targetHints":{"allow":["GET"]}}],"collection":[{"href":"https:\/\/observatorioconurbano.ungs.edu.ar\/index.php?rest_route=\/wp\/v2\/posts"}],"about":[{"href":"https:\/\/observatorioconurbano.ungs.edu.ar\/index.php?rest_route=\/wp\/v2\/types\/post"}],"author":[{"embeddable":true,"href":"https:\/\/observatorioconurbano.ungs.edu.ar\/index.php?rest_route=\/wp\/v2\/users\/2"}],"replies":[{"embeddable":true,"href":"https:\/\/observatorioconurbano.ungs.edu.ar\/index.php?rest_route=%2Fwp%2Fv2%2Fcomments&post=23601"}],"version-history":[{"count":14,"href":"https:\/\/observatorioconurbano.ungs.edu.ar\/index.php?rest_route=\/wp\/v2\/posts\/23601\/revisions"}],"predecessor-version":[{"id":23697,"href":"https:\/\/observatorioconurbano.ungs.edu.ar\/index.php?rest_route=\/wp\/v2\/posts\/23601\/revisions\/23697"}],"wp:featuredmedia":[{"embeddable":true,"href":"https:\/\/observatorioconurbano.ungs.edu.ar\/index.php?rest_route=\/wp\/v2\/media\/23600"}],"wp:attachment":[{"href":"https:\/\/observatorioconurbano.ungs.edu.ar\/index.php?rest_route=%2Fwp%2Fv2%2Fmedia&parent=23601"}],"wp:term":[{"taxonomy":"category","embeddable":true,"href":"https:\/\/observatorioconurbano.ungs.edu.ar\/index.php?rest_route=%2Fwp%2Fv2%2Fcategories&post=23601"},{"taxonomy":"post_tag","embeddable":true,"href":"https:\/\/observatorioconurbano.ungs.edu.ar\/index.php?rest_route=%2Fwp%2Fv2%2Ftags&post=23601"}],"curies":[{"name":"wp","href":"https:\/\/api.w.org\/{rel}","templated":true}]}}