{"id":23574,"date":"2026-03-06T15:48:45","date_gmt":"2026-03-06T18:48:45","guid":{"rendered":"https:\/\/observatorioconurbano.ungs.edu.ar\/?p=23574"},"modified":"2026-03-17T16:48:27","modified_gmt":"2026-03-17T19:48:27","slug":"mas-30-experiencias-se-reunieron-seminario-taller-observatorios-socio-territoriales-america-latina-2-2-3-3-4-2-2-2-2-3-2-2-2-2-3-2-2-2-2-2-2-2-2-2-2-2-2-2-2-2-2-3-3-2-2-3-2-2-2-2-2-2-2-2-2-2-2-2-2-15","status":"publish","type":"post","link":"https:\/\/observatorioconurbano.ungs.edu.ar\/?p=23574","title":{"rendered":"8M en el conurbano bonaerense:"},"content":{"rendered":"<p><div class=\"fusion-fullwidth fullwidth-box fusion-builder-row-1 fusion-flex-container nonhundred-percent-fullwidth non-hundred-percent-height-scrolling\" style=\"--awb-border-radius-top-left:0px;--awb-border-radius-top-right:0px;--awb-border-radius-bottom-right:0px;--awb-border-radius-bottom-left:0px;--awb-margin-top:-100px;--awb-margin-bottom:-80px;--awb-flex-wrap:wrap;\" ><div class=\"fusion-builder-row fusion-row fusion-flex-align-items-flex-start fusion-flex-content-wrap\" style=\"max-width:1144px;margin-left: calc(-4% \/ 2 );margin-right: calc(-4% \/ 2 );\"><div class=\"fusion-layout-column fusion_builder_column fusion-builder-column-0 fusion_builder_column_1_1 1_1 fusion-flex-column\" style=\"--awb-bg-size:cover;--awb-width-large:100%;--awb-margin-top-large:0px;--awb-spacing-right-large:1.92%;--awb-margin-bottom-large:20px;--awb-spacing-left-large:1.92%;--awb-width-medium:100%;--awb-order-medium:0;--awb-spacing-right-medium:1.92%;--awb-spacing-left-medium:1.92%;--awb-width-small:100%;--awb-order-small:0;--awb-spacing-right-small:1.92%;--awb-spacing-left-small:1.92%;\"><div class=\"fusion-column-wrapper fusion-column-has-shadow fusion-flex-justify-content-flex-start fusion-content-layout-column\"><div class=\"fusion-text fusion-text-1\" style=\"--awb-text-transform:none;\"><h1>8M en el conurbano bonaerense: algunos n\u00fameros sobre las brechas laborales, las desigualdades econ\u00f3micas y las violencias<\/h1>\n<\/div><\/div><\/div><\/div><\/div><div class=\"fusion-fullwidth fullwidth-box fusion-builder-row-2 fusion-flex-container nonhundred-percent-fullwidth non-hundred-percent-height-scrolling\" style=\"--awb-background-position:left top;--awb-border-sizes-top:0px;--awb-border-sizes-bottom:0px;--awb-border-sizes-left:0px;--awb-border-sizes-right:0px;--awb-border-radius-top-left:0px;--awb-border-radius-top-right:0px;--awb-border-radius-bottom-right:0px;--awb-border-radius-bottom-left:0px;--awb-padding-top:20px;--awb-padding-bottom:50px;--awb-margin-top:80px;--awb-flex-wrap:wrap;\" ><div class=\"fusion-builder-row fusion-row fusion-flex-align-items-flex-start fusion-flex-content-wrap\" style=\"max-width:1144px;margin-left: calc(-4% \/ 2 );margin-right: calc(-4% \/ 2 );\"><div class=\"fusion-layout-column fusion_builder_column fusion-builder-column-1 fusion_builder_column_1_3 1_3 fusion-flex-column\" style=\"--awb-bg-blend:overlay;--awb-bg-size:cover;--awb-width-large:33.333333333333%;--awb-margin-top-large:0px;--awb-spacing-right-large:5.76%;--awb-margin-bottom-large:20px;--awb-spacing-left-large:5.76%;--awb-width-medium:100%;--awb-spacing-right-medium:1.92%;--awb-spacing-left-medium:1.92%;--awb-width-small:100%;--awb-spacing-right-small:1.92%;--awb-spacing-left-small:1.92%;\"><div class=\"fusion-column-wrapper fusion-flex-justify-content-flex-start fusion-content-layout-column\"><div class=\"fusion-image-element \" style=\"--awb-caption-title-font-family:var(--h2_typography-font-family);--awb-caption-title-font-weight:var(--h2_typography-font-weight);--awb-caption-title-font-style:var(--h2_typography-font-style);--awb-caption-title-size:var(--h2_typography-font-size);--awb-caption-title-transform:var(--h2_typography-text-transform);--awb-caption-title-line-height:var(--h2_typography-line-height);--awb-caption-title-letter-spacing:var(--h2_typography-letter-spacing);\"><span class=\" fusion-imageframe imageframe-none imageframe-1 hover-type-none\"><img decoding=\"async\" width=\"1000\" height=\"562\" title=\"numeros_conur-1\" src=\"https:\/\/observatorioconurbano.ungs.edu.ar\/wp-content\/uploads\/numeros_conur-1.png\" alt class=\"img-responsive wp-image-23575\" srcset=\"https:\/\/observatorioconurbano.ungs.edu.ar\/wp-content\/uploads\/numeros_conur-1-200x112.png 200w, https:\/\/observatorioconurbano.ungs.edu.ar\/wp-content\/uploads\/numeros_conur-1-400x225.png 400w, https:\/\/observatorioconurbano.ungs.edu.ar\/wp-content\/uploads\/numeros_conur-1-600x337.png 600w, https:\/\/observatorioconurbano.ungs.edu.ar\/wp-content\/uploads\/numeros_conur-1-800x450.png 800w, https:\/\/observatorioconurbano.ungs.edu.ar\/wp-content\/uploads\/numeros_conur-1.png 1000w\" sizes=\"(max-width: 894px) 100vw, (max-width: 630px) 100vw, 400px\" \/><\/span><\/div><\/div><\/div><div class=\"fusion-layout-column fusion_builder_column fusion-builder-column-2 fusion_builder_column_2_3 2_3 fusion-flex-column buttonklein\" style=\"--awb-padding-top-medium:1158px;--awb-padding-right-medium:0px;--awb-padding-bottom-medium:0px;--awb-padding-top-small:0px;--awb-padding-bottom-small:0px;--awb-bg-size:cover;--awb-width-large:66.666666666667%;--awb-margin-top-large:0px;--awb-spacing-right-large:2.88%;--awb-margin-bottom-large:20px;--awb-spacing-left-large:2.88%;--awb-width-medium:100%;--awb-order-medium:0;--awb-spacing-right-medium:6.048%;--awb-margin-bottom-medium:0px;--awb-spacing-left-medium:1.92%;--awb-width-small:100%;--awb-order-small:0;--awb-spacing-right-small:1.92%;--awb-spacing-left-small:1.92%;\"><div class=\"fusion-column-wrapper fusion-column-has-shadow fusion-flex-justify-content-center fusion-content-layout-column\"><div class=\"fusion-text fusion-text-2 fusion-no-medium-visibility\" style=\"--awb-font-size:16px;--awb-text-transform:none;\"><p style=\"text-align: left;\"><span style=\"font-weight: 400;\">Paula Segovia &#8211; Observatorio del Conurbano Bonaerense<\/span><\/p>\n<\/div><div class=\"fusion-separator fusion-full-width-sep\" style=\"align-self: center;margin-left: auto;margin-right: auto;margin-top:5px;margin-bottom:5px;width:100%;\"><\/div><div class=\"fusion-text fusion-text-3\" style=\"--awb-font-size:16px;--awb-text-transform:none;\"><p><span style=\"font-weight: 400;\">Cada <\/span><b>8 de marzo<\/b><span style=\"font-weight: 400;\">, en el marco del D\u00eda Internacional de la Mujer Trabajadora, desde el Observatorio del Conurbano Bonaerense reflexionamos e invitamos a reflexionar sobre las desigualdades que a\u00fan (nos) atraviesan a las mujeres en el mundo del trabajo y en las condiciones de vida. Nuestro conurbano es uno de los territorios m\u00e1s poblados y socialmente heterog\u00e9neos del pa\u00eds. Los datos recientes muestran que las brechas de g\u00e9nero siguen presentes tanto en el acceso al empleo,\u00a0 en las condiciones econ\u00f3micas de los hogares y en la distribuci\u00f3n de las tareas de cuidado.<\/span><\/p>\n<\/div><div class=\"fusion-separator fusion-full-width-sep\" style=\"align-self: center;margin-left: auto;margin-right: auto;margin-top:5px;margin-bottom:5px;width:100%;\"><\/div><div class=\"fusion-text fusion-text-4\" style=\"--awb-font-size:16px;--awb-text-transform:none;\"><p><span style=\"font-weight: 400;\">Los datos de la Encuesta Permanente de Hogares (EPH) correspondientes al tercer trimestre de 2025<\/span> <span style=\"font-weight: 400;\">muestran que <\/span><b>la <\/b><a href=\"https:\/\/observatorioconurbano.ungs.edu.ar\/?p=8536\"><b>desocupaci\u00f3n<\/b><\/a><span style=\"font-weight: 400;\"> afecta m\u00e1s a las mujeres que a los varones. Mientras la tasa de desocupaci\u00f3n masculina se ubica en 6,5%, entre las mujeres alcanza el 8,9%, una diferencia de 2,4 puntos porcentuales que evidencia que, incluso cuando participamos del mercado laboral, las mujeres enfrentamos mayores dificultades para acceder a un empleo. Esta desigualdad tambi\u00e9n se observa en la <\/span><a href=\"https:\/\/observatorioconurbano.ungs.edu.ar\/?p=8541\"><span style=\"font-weight: 400;\">tasa de <\/span><b>empleo<\/b><\/a><span style=\"font-weight: 400;\">. En el mismo per\u00edodo, el 51,3% de los varones se encontraba ocupado, mientras que entre las mujeres la proporci\u00f3n era del 37,5%. La diferencia de 13,8 puntos porcentuales refleja que las mujeres logramos insertarnos en el empleo en menor medida, en un contexto donde la distribuci\u00f3n desigual de las tareas de cuidado contin\u00faa condicionando nuestra participaci\u00f3n laboral. A estas brechas de acceso se suman las desigualdades en la calidad del empleo. Entre las personas asalariadas del conurbano bonaerense, el 40,6% de las mujeres nos encontramos en situaci\u00f3n de <\/span><a href=\"https:\/\/observatorioconurbano.ungs.edu.ar\/?p=10061\"><b>empleo no registrado<\/b><\/a><span style=\"font-weight: 400;\">, frente al 36,7% de los varones. <\/span><\/p>\n<\/div><div class=\"fusion-separator fusion-full-width-sep\" style=\"align-self: center;margin-left: auto;margin-right: auto;margin-top:5px;margin-bottom:5px;width:100%;\"><\/div><div class=\"fusion-text fusion-text-5\" style=\"--awb-font-size:16px;--awb-text-transform:none;\"><p><span style=\"font-weight: 400;\">Las brechas de g\u00e9nero tambi\u00e9n se expresan en las condiciones econ\u00f3micas. Independientemente del atraso en la actualizaci\u00f3n de la canasta de bienes y servicios, la <\/span><a href=\"https:\/\/observatorioconurbano.ungs.edu.ar\/?p=9683\"><b>pobreza<\/b><\/a><b> es mayor en mujeres que en varones, siendo de <\/b><span style=\"font-weight: 400;\">32,6%<\/span> <span style=\"font-weight: 400;\">y\u00a0 31,2% respectivamente.\u00a0 Esta diferencia se profundiza cuando se analizan los hogares seg\u00fan su <\/span><a href=\"https:\/\/observatorioconurbano.ungs.edu.ar\/?p=9679\"><span style=\"font-weight: 400;\">jefatura<\/span><\/a><span style=\"font-weight: 400;\">. En los hogares encabezados por mujeres, la pobreza alcanza al 37,7% de las personas, mientras que en aquellos con jefe var\u00f3n se ubica en 27,7%. <\/span><\/p>\n<\/div><div class=\"fusion-separator fusion-full-width-sep\" style=\"align-self: center;margin-left: auto;margin-right: auto;margin-top:5px;margin-bottom:5px;width:100%;\"><\/div><div class=\"fusion-text fusion-text-6\" style=\"--awb-font-size:16px;--awb-text-transform:none;\"><p><span style=\"font-weight: 400;\">Una tendencia similar se observa en la <\/span><a href=\"https:\/\/observatorioconurbano.ungs.edu.ar\/?p=9691\"><b>indigencia<\/b><\/a><b>,<\/b><span style=\"font-weight: 400;\"> que afecta al 8,8% de las mujeres y al 8,0% de los varones, pero asciende al 10,3% en hogares con <\/span><a href=\"https:\/\/observatorioconurbano.ungs.edu.ar\/?p=9687\"><span style=\"font-weight: 400;\">jefa mujer<\/span><\/a><span style=\"font-weight: 400;\"> frente al 7,0% en los encabezados por varones. Estos datos evidencian las mayores vulnerabilidades econ\u00f3micas que atraviesan muchos hogares sostenidos por mujeres en la regi\u00f3n.<\/span><\/p>\n<\/div><div class=\"fusion-separator fusion-full-width-sep\" style=\"align-self: center;margin-left: auto;margin-right: auto;margin-top:5px;margin-bottom:5px;width:100%;\"><\/div><div class=\"fusion-text fusion-text-7\" style=\"--awb-font-size:16px;--awb-text-transform:none;\"><p><span style=\"font-weight: 400;\">Estas desigualdades en el mundo del trabajo tambi\u00e9n se vinculan con la distribuci\u00f3n del <\/span><a href=\"https:\/\/observatorioconurbano.ungs.edu.ar\/?p=18728\"><b>trabajo no remunerado<\/b><\/a><span style=\"font-weight: 400;\">, es decir, las tareas dom\u00e9sticas y de cuidado que sostienen la vida cotidiana. Seg\u00fan la Encuesta Nacional de Uso del Tiempo, hacia 2021 en el Gran Buenos Aires el 92,7% de las mujeres realizaba trabajo no remunerado, frente al 75,9% de los varones. Adem\u00e1s, las mujeres dedicaban 6 horas y 38 minutos diarios a estas tareas, mientras que los varones destinaban 3 horas y 44 minutos. Esto implica que las mujeres dedican casi tres horas diarias m\u00e1s al trabajo dom\u00e9stico y de cuidados que los varones.<\/span><\/p>\n<\/div><div class=\"fusion-separator fusion-full-width-sep\" style=\"align-self: center;margin-left: auto;margin-right: auto;margin-top:5px;margin-bottom:5px;width:100%;\"><\/div><div class=\"fusion-text fusion-text-8\" style=\"--awb-font-size:16px;--awb-text-transform:none;\"><p><span style=\"font-weight: 400;\">Tambi\u00e9n persiste y nos atraviesa la violencia de g\u00e9nero: en el conurbano bonaerense, seg\u00fan el Registro Nacional de <\/span><a href=\"https:\/\/observatorioconurbano.ungs.edu.ar\/?p=22234\"><b>Femicidios<\/b><\/a><span style=\"font-weight: 400;\">, se produjeron 45 femicidios en 2023 y 69 en 2024. Seg\u00fan el Observatorio Luc\u00eda Perez, en 2025 hubo 61 <\/span><a href=\"https:\/\/observatorioconurbano.ungs.edu.ar\/?p=13590\"><span style=\"font-weight: 400;\">femicidios<\/span><\/a><span style=\"font-weight: 400;\"> y un travesticidio.<\/span><\/p>\n<\/div><div class=\"fusion-separator fusion-full-width-sep\" style=\"align-self: center;margin-left: auto;margin-right: auto;margin-top:5px;margin-bottom:5px;width:100%;\"><\/div><div class=\"fusion-text fusion-text-9\" style=\"--awb-font-size:16px;--awb-text-transform:none;\"><p><span style=\"font-weight: 400;\">En el conurbano bonaerense, las brechas de g\u00e9nero siguen presentes en el acceso al empleo, en la calidad del trabajo, en la distribuci\u00f3n del tiempo y en las condiciones econ\u00f3micas de los hogares. Los datos muestran que las mujeres trabajamos m\u00e1s horas en total, enfrentamos mayores niveles de informalidad y mayores vulnerabilidades econ\u00f3micas, al tiempo que continuamos siendo las principales responsables de las tareas de cuidado..<\/span><\/p>\n<\/div><\/div><\/div><\/div><\/div><\/p>\n","protected":false},"excerpt":{"rendered":"","protected":false},"author":2,"featured_media":23575,"comment_status":"closed","ping_status":"closed","sticky":false,"template":"","format":"standard","meta":{"_exactmetrics_skip_tracking":false,"_exactmetrics_sitenote_active":false,"_exactmetrics_sitenote_note":"","_exactmetrics_sitenote_category":0,"footnotes":""},"categories":[249,202],"tags":[629,628,627],"class_list":["post-23574","post","type-post","status-publish","format-standard","has-post-thumbnail","hentry","category-actividades","category-agenda","tag-ico","tag-idei","tag-inaes"],"_links":{"self":[{"href":"https:\/\/observatorioconurbano.ungs.edu.ar\/index.php?rest_route=\/wp\/v2\/posts\/23574","targetHints":{"allow":["GET"]}}],"collection":[{"href":"https:\/\/observatorioconurbano.ungs.edu.ar\/index.php?rest_route=\/wp\/v2\/posts"}],"about":[{"href":"https:\/\/observatorioconurbano.ungs.edu.ar\/index.php?rest_route=\/wp\/v2\/types\/post"}],"author":[{"embeddable":true,"href":"https:\/\/observatorioconurbano.ungs.edu.ar\/index.php?rest_route=\/wp\/v2\/users\/2"}],"replies":[{"embeddable":true,"href":"https:\/\/observatorioconurbano.ungs.edu.ar\/index.php?rest_route=%2Fwp%2Fv2%2Fcomments&post=23574"}],"version-history":[{"count":13,"href":"https:\/\/observatorioconurbano.ungs.edu.ar\/index.php?rest_route=\/wp\/v2\/posts\/23574\/revisions"}],"predecessor-version":[{"id":23698,"href":"https:\/\/observatorioconurbano.ungs.edu.ar\/index.php?rest_route=\/wp\/v2\/posts\/23574\/revisions\/23698"}],"wp:featuredmedia":[{"embeddable":true,"href":"https:\/\/observatorioconurbano.ungs.edu.ar\/index.php?rest_route=\/wp\/v2\/media\/23575"}],"wp:attachment":[{"href":"https:\/\/observatorioconurbano.ungs.edu.ar\/index.php?rest_route=%2Fwp%2Fv2%2Fmedia&parent=23574"}],"wp:term":[{"taxonomy":"category","embeddable":true,"href":"https:\/\/observatorioconurbano.ungs.edu.ar\/index.php?rest_route=%2Fwp%2Fv2%2Fcategories&post=23574"},{"taxonomy":"post_tag","embeddable":true,"href":"https:\/\/observatorioconurbano.ungs.edu.ar\/index.php?rest_route=%2Fwp%2Fv2%2Ftags&post=23574"}],"curies":[{"name":"wp","href":"https:\/\/api.w.org\/{rel}","templated":true}]}}