{"id":23181,"date":"2025-12-01T11:01:01","date_gmt":"2025-12-01T14:01:01","guid":{"rendered":"https:\/\/observatorioconurbano.ungs.edu.ar\/?p=23181"},"modified":"2026-01-06T12:56:31","modified_gmt":"2026-01-06T15:56:31","slug":"mas-30-experiencias-se-reunieron-seminario-taller-observatorios-socio-territoriales-america-latina-2-2-3-3-4-2-2-2-2-3-2-2-2-2-3-2-2-2-2-2-2-2-2-2-2-2-2-2-2-2-2-3-3-2-2-3-2-2-2-2-2-2-2-2-2-2-2-2-2-1-9","status":"publish","type":"post","link":"https:\/\/observatorioconurbano.ungs.edu.ar\/?p=23181","title":{"rendered":"\u00bfC\u00f3mo est\u00e1 el mercado laboral del conurbano?"},"content":{"rendered":"<div class=\"fusion-fullwidth fullwidth-box fusion-builder-row-1 fusion-flex-container nonhundred-percent-fullwidth non-hundred-percent-height-scrolling\" style=\"--awb-background-position:left top;--awb-border-sizes-top:0px;--awb-border-sizes-bottom:0px;--awb-border-sizes-left:0px;--awb-border-sizes-right:0px;--awb-border-radius-top-left:0px;--awb-border-radius-top-right:0px;--awb-border-radius-bottom-right:0px;--awb-border-radius-bottom-left:0px;--awb-padding-top:20px;--awb-padding-bottom:20px;--awb-flex-wrap:wrap;\" ><div class=\"fusion-builder-row fusion-row fusion-flex-align-items-flex-start fusion-flex-content-wrap\" style=\"max-width:1144px;margin-left: calc(-4% \/ 2 );margin-right: calc(-4% \/ 2 );\"><div class=\"fusion-layout-column fusion_builder_column fusion-builder-column-0 fusion_builder_column_1_3 1_3 fusion-flex-column\" style=\"--awb-bg-blend:overlay;--awb-bg-size:cover;--awb-width-large:33.333333333333%;--awb-margin-top-large:0px;--awb-spacing-right-large:5.76%;--awb-margin-bottom-large:20px;--awb-spacing-left-large:5.76%;--awb-width-medium:100%;--awb-spacing-right-medium:1.92%;--awb-spacing-left-medium:1.92%;--awb-width-small:100%;--awb-spacing-right-small:1.92%;--awb-spacing-left-small:1.92%;\"><div class=\"fusion-column-wrapper fusion-flex-justify-content-flex-start fusion-content-layout-column\"><div class=\"fusion-image-element \" style=\"--awb-caption-title-font-family:var(--h2_typography-font-family);--awb-caption-title-font-weight:var(--h2_typography-font-weight);--awb-caption-title-font-style:var(--h2_typography-font-style);--awb-caption-title-size:var(--h2_typography-font-size);--awb-caption-title-transform:var(--h2_typography-text-transform);--awb-caption-title-line-height:var(--h2_typography-line-height);--awb-caption-title-letter-spacing:var(--h2_typography-letter-spacing);\"><span class=\" fusion-imageframe imageframe-none imageframe-1 hover-type-none\"><img decoding=\"async\" width=\"3335\" height=\"2251\" title=\"portada-09\" src=\"https:\/\/observatorioconurbano.ungs.edu.ar\/wp-content\/uploads\/portada-09.png\" alt class=\"img-responsive wp-image-23180\" srcset=\"https:\/\/observatorioconurbano.ungs.edu.ar\/wp-content\/uploads\/portada-09-200x135.png 200w, https:\/\/observatorioconurbano.ungs.edu.ar\/wp-content\/uploads\/portada-09-400x270.png 400w, https:\/\/observatorioconurbano.ungs.edu.ar\/wp-content\/uploads\/portada-09-600x405.png 600w, https:\/\/observatorioconurbano.ungs.edu.ar\/wp-content\/uploads\/portada-09-800x540.png 800w, https:\/\/observatorioconurbano.ungs.edu.ar\/wp-content\/uploads\/portada-09-1200x810.png 1200w, https:\/\/observatorioconurbano.ungs.edu.ar\/wp-content\/uploads\/portada-09.png 3335w\" sizes=\"(max-width: 894px) 100vw, (max-width: 630px) 100vw, 400px\" \/><\/span><\/div><\/div><\/div><div class=\"fusion-layout-column fusion_builder_column fusion-builder-column-1 fusion_builder_column_2_3 2_3 fusion-flex-column buttonklein\" style=\"--awb-padding-top-medium:1158px;--awb-padding-right-medium:0px;--awb-padding-bottom-medium:0px;--awb-padding-top-small:0px;--awb-padding-bottom-small:0px;--awb-bg-size:cover;--awb-width-large:66.666666666667%;--awb-margin-top-large:0px;--awb-spacing-right-large:2.88%;--awb-margin-bottom-large:20px;--awb-spacing-left-large:2.88%;--awb-width-medium:100%;--awb-order-medium:0;--awb-spacing-right-medium:6.048%;--awb-margin-bottom-medium:0px;--awb-spacing-left-medium:1.92%;--awb-width-small:100%;--awb-order-small:0;--awb-spacing-right-small:1.92%;--awb-spacing-left-small:1.92%;\"><div class=\"fusion-column-wrapper fusion-column-has-shadow fusion-flex-justify-content-center fusion-content-layout-column\"><div class=\"fusion-text fusion-text-1 fusion-no-medium-visibility\" style=\"--awb-text-transform:none;\"><p>Por Paula Segovia &#8211; Observatorio del Conurbano Bonaerense<\/p>\n<\/div><div class=\"fusion-separator fusion-full-width-sep\" style=\"align-self: center;margin-left: auto;margin-right: auto;margin-top:5px;margin-bottom:5px;width:100%;\"><\/div><div class=\"fusion-text fusion-text-2 fusion-no-medium-visibility\" style=\"--awb-text-transform:none;\"><p>El mercado laboral del conurbano bonaerense atraviesa una etapa de freno en su recuperaci\u00f3n postpandemia. Los \u00faltimos datos disponibles de la Encuesta Permanente de Hogares (EPH, segundo trimestre 2025) muestran que el desempleo se mantiene en valores cercanos al 10%, mientras persisten brechas estructurales por edad y g\u00e9nero, y vuelve a crecer la informalidad laboral. Por su parte, en el medio de una controversia respecto a la metodolog\u00eda para su medici\u00f3n, la pobreza y la indigencia contin\u00faan descendiendo luego del pico registrado en 2024. Sin embargo, las desigualdades persisten y afectan con mayor crudeza a los ni\u00f1os, ni\u00f1as y adolescentes del conurbano. En este escenario, los indicadores laborales y sociales del conurbano permiten observar tensiones persistentes entre recuperaci\u00f3n, estancamiento y precariedad.<\/p>\n<\/div><div class=\"fusion-separator fusion-full-width-sep\" style=\"align-self: center;margin-left: auto;margin-right: auto;margin-top:5px;margin-bottom:5px;width:100%;\"><\/div><div class=\"fusion-text fusion-text-3\" style=\"--awb-text-transform:none;\"><p>Durante el segundo trimestre de 2025, el mercado laboral del conurbano bonaerense mostr\u00f3 se\u00f1ales de estancamiento tras la recuperaci\u00f3n observada en los a\u00f1os posteriores a la pandemia. Seg\u00fan la \u00faltima EPH, la <strong>tasa de desempleo<\/strong> alcanz\u00f3 el 9,8%, apenas por encima del 9,7% registrado en el trimestre anterior, aunque mayor al 9,1% del mismo per\u00edodo de 2024.<\/p>\n<\/div><div class=\"fusion-separator fusion-full-width-sep\" style=\"align-self: center;margin-left: auto;margin-right: auto;margin-top:5px;margin-bottom:5px;width:100%;\"><\/div><div class=\"fusion-text fusion-text-4\" style=\"--awb-text-transform:none;\"><div class=\"flourish-embed flourish-chart\" data-src=\"visualisation\/26453407\"><script src=\"https:\/\/public.flourish.studio\/resources\/embed.js\"><\/script><noscript><img decoding=\"async\" src=\"https:\/\/public.flourish.studio\/visualisation\/26453407\/thumbnail\" width=\"100%\" alt=\"chart visualization\" \/><\/noscript><\/div>\n<\/div><div class=\"fusion-separator fusion-full-width-sep\" style=\"align-self: center;margin-left: auto;margin-right: auto;margin-top:5px;margin-bottom:5px;width:100%;\"><\/div><div class=\"fusion-text fusion-text-5\" style=\"--awb-text-transform:none;\"><p>La brecha de desempleo entre mujeres y varones contin\u00faa siendo significativa. En el segundo trimestre de 2025, la desocupaci\u00f3n femenina alcanz\u00f3 el 11,5%, frente al 8,5% registrado entre los varones. Si bien esta diferencia se mantiene de manera constante en el tiempo, en la pospandemia hubo una excepci\u00f3n y en la segunda medici\u00f3n de 2020, ambos grupos presentaron niveles similares de desempleo (13,9% en mujeres y 13,7% en varones). Sin embargo, a partir de 2021 la brecha volvi\u00f3 a ampliarse. As\u00ed, en 2023 el desempleo masculino descendi\u00f3 hasta el 6,7%, mientras que el femenino lo hizo a m\u00e1s lentamente, llegando a 8,5%.<\/p>\n<\/div><div class=\"fusion-separator fusion-full-width-sep\" style=\"align-self: center;margin-left: auto;margin-right: auto;margin-top:5px;margin-bottom:5px;width:100%;\"><\/div><div class=\"fusion-text fusion-text-6\" style=\"--awb-text-transform:none;\"><div class=\"flourish-embed flourish-chart\" data-src=\"visualisation\/26453521\"><script src=\"https:\/\/public.flourish.studio\/resources\/embed.js\"><\/script><noscript><img decoding=\"async\" src=\"https:\/\/public.flourish.studio\/visualisation\/26453521\/thumbnail\" width=\"100%\" alt=\"chart visualization\" \/><\/noscript><\/div>\n<\/div><div class=\"fusion-separator fusion-full-width-sep\" style=\"align-self: center;margin-left: auto;margin-right: auto;margin-top:5px;margin-bottom:5px;width:100%;\"><\/div><div class=\"fusion-text fusion-text-7\" style=\"--awb-text-transform:none;\"><p>Entre el II trimestre de 2024 y el II trimestre de 2025 la desocupaci\u00f3n creci\u00f3 en todos los grupos etarios, a excepci\u00f3n del grupo de personas mayores de\u00a0 60 a\u00f1os, donde se redujo de 7,8 a 7,0. En contraste, en el grupo de personas de hasta 24 a\u00f1os, el aumento de la desocupaci\u00f3n es el m\u00e1s elevado, alcanzando el 21,4%, marcando un incremento de\u00a0 2% desde el mismo trimestre del a\u00f1o anterior.<\/p>\n<\/div><div class=\"fusion-separator fusion-full-width-sep\" style=\"align-self: center;margin-left: auto;margin-right: auto;margin-top:5px;margin-bottom:5px;width:100%;\"><\/div><div class=\"fusion-text fusion-text-8\" style=\"--awb-text-transform:none;\"><div class=\"flourish-embed flourish-chart\" data-src=\"visualisation\/26453634\"><script src=\"https:\/\/public.flourish.studio\/resources\/embed.js\"><\/script><noscript><img decoding=\"async\" src=\"https:\/\/public.flourish.studio\/visualisation\/26453634\/thumbnail\" width=\"100%\" alt=\"chart visualization\" \/><\/noscript><\/div>\n<\/div><div class=\"fusion-separator fusion-full-width-sep\" style=\"align-self: center;margin-left: auto;margin-right: auto;margin-top:5px;margin-bottom:5px;width:100%;\"><\/div><div class=\"fusion-text fusion-text-9\" style=\"--awb-text-transform:none;\"><p>Un aspecto clave a ver junto a la desocupaci\u00f3n es la <strong>informalidad, <\/strong>que en el \u00faltimo trimestre volvi\u00f3 a aumentar y se ubica en 40,0%, mientras que en trimestres anteriores se encontraba en valores cercanos a 38%. La informalidad afecta con mayor intensidad a las y los j\u00f3venes alcanzando 59,8% en el grupo de hasta 24 a\u00f1os.<\/p>\n<\/div><div class=\"fusion-separator fusion-full-width-sep\" style=\"align-self: center;margin-left: auto;margin-right: auto;margin-top:5px;margin-bottom:5px;width:100%;\"><\/div><div class=\"fusion-text fusion-text-10\" style=\"--awb-text-transform:none;\"><div class=\"flourish-embed flourish-chart\" data-src=\"visualisation\/26454180\"><script src=\"https:\/\/public.flourish.studio\/resources\/embed.js\"><\/script><noscript><img decoding=\"async\" src=\"https:\/\/public.flourish.studio\/visualisation\/26454180\/thumbnail\" width=\"100%\" alt=\"chart visualization\" \/><\/noscript><\/div>\n<\/div><div class=\"fusion-separator fusion-full-width-sep\" style=\"align-self: center;margin-left: auto;margin-right: auto;margin-top:5px;margin-bottom:5px;width:100%;\"><\/div><div class=\"fusion-text fusion-text-11\" style=\"--awb-text-transform:none;\"><p>Mirando la informalidad seg\u00fan g\u00e9nero, el 42,5% de las mujeres trabaja en la informalidad, mientras que este valor desciende a 38,1% en la poblaci\u00f3n de varones. Este fen\u00f3meno se repite sistem\u00e1ticamente, y en los \u00faltimos dos a\u00f1os se ampli\u00f3 la diferencia, mientras en 2022 y 2023 la diferencia entre varones y mujeres no superaba el 2%, en 2024 trep\u00f3 a 7.6, y en 2025 a 4.4%.<\/p>\n<\/div><div class=\"fusion-separator fusion-full-width-sep\" style=\"align-self: center;margin-left: auto;margin-right: auto;margin-top:5px;margin-bottom:5px;width:100%;\"><\/div><div class=\"fusion-text fusion-text-12\" style=\"--awb-text-transform:none;\"><div class=\"flourish-embed flourish-chart\" data-src=\"visualisation\/26454252\"><script src=\"https:\/\/public.flourish.studio\/resources\/embed.js\"><\/script><noscript><img decoding=\"async\" src=\"https:\/\/public.flourish.studio\/visualisation\/26454252\/thumbnail\" width=\"100%\" alt=\"chart visualization\" \/><\/noscript><\/div>\n<\/div><div class=\"fusion-separator fusion-full-width-sep\" style=\"align-self: center;margin-left: auto;margin-right: auto;margin-top:5px;margin-bottom:5px;width:100%;\"><\/div><div class=\"fusion-text fusion-text-13\" style=\"--awb-text-transform:none;\"><p>Los indicadores de pobreza en el conurbano muestran un leve aumento, pasando de 34,5% (1er trimestre 2025) a 36,4%. No obstante, comparando con el mismo semestre del a\u00f1o anterior se observa una baja de alrededor de 20 puntos. Este descenso debe interpretarse con precauci\u00f3n, ya que hay fuertes cuestionamientos metodol\u00f3gicos sobre la medici\u00f3n de las canastas por parte del INDEC, en funci\u00f3n de la composici\u00f3n y ponderaci\u00f3n de la canasta de bienes y servicios que se utilizan para calcular la pobreza e indigencia.<\/p>\n<\/div><div class=\"fusion-separator fusion-full-width-sep\" style=\"align-self: center;margin-left: auto;margin-right: auto;margin-top:5px;margin-bottom:5px;width:100%;\"><\/div><div class=\"fusion-text fusion-text-14\" style=\"--awb-text-transform:none;\"><div class=\"flourish-embed flourish-chart\" data-src=\"visualisation\/26454315\"><script src=\"https:\/\/public.flourish.studio\/resources\/embed.js\"><\/script><noscript><img decoding=\"async\" src=\"https:\/\/public.flourish.studio\/visualisation\/26454315\/thumbnail\" width=\"100%\" alt=\"chart visualization\" \/><\/noscript><\/div>\n<\/div><div class=\"fusion-separator fusion-full-width-sep\" style=\"align-self: center;margin-left: auto;margin-right: auto;margin-top:5px;margin-bottom:5px;width:100%;\"><\/div><div class=\"fusion-text fusion-text-15\" style=\"--awb-text-transform:none;\"><p>En t\u00e9rminos generales, se observa que el grupo m\u00e1s golpeado por la pobreza y la indigencia es el de menores de 17 a\u00f1os, con m\u00e1s del 10% de diferencia respecto a la media para pobreza.<\/p>\n<\/div><\/div><\/div><\/div><\/div>\n","protected":false},"excerpt":{"rendered":"","protected":false},"author":2,"featured_media":23180,"comment_status":"closed","ping_status":"closed","sticky":false,"template":"","format":"standard","meta":{"_exactmetrics_skip_tracking":false,"_exactmetrics_sitenote_active":false,"_exactmetrics_sitenote_note":"","_exactmetrics_sitenote_category":0,"footnotes":""},"categories":[249,202],"tags":[629,628,627],"class_list":["post-23181","post","type-post","status-publish","format-standard","has-post-thumbnail","hentry","category-actividades","category-agenda","tag-ico","tag-idei","tag-inaes"],"_links":{"self":[{"href":"https:\/\/observatorioconurbano.ungs.edu.ar\/index.php?rest_route=\/wp\/v2\/posts\/23181","targetHints":{"allow":["GET"]}}],"collection":[{"href":"https:\/\/observatorioconurbano.ungs.edu.ar\/index.php?rest_route=\/wp\/v2\/posts"}],"about":[{"href":"https:\/\/observatorioconurbano.ungs.edu.ar\/index.php?rest_route=\/wp\/v2\/types\/post"}],"author":[{"embeddable":true,"href":"https:\/\/observatorioconurbano.ungs.edu.ar\/index.php?rest_route=\/wp\/v2\/users\/2"}],"replies":[{"embeddable":true,"href":"https:\/\/observatorioconurbano.ungs.edu.ar\/index.php?rest_route=%2Fwp%2Fv2%2Fcomments&post=23181"}],"version-history":[{"count":9,"href":"https:\/\/observatorioconurbano.ungs.edu.ar\/index.php?rest_route=\/wp\/v2\/posts\/23181\/revisions"}],"predecessor-version":[{"id":23195,"href":"https:\/\/observatorioconurbano.ungs.edu.ar\/index.php?rest_route=\/wp\/v2\/posts\/23181\/revisions\/23195"}],"wp:featuredmedia":[{"embeddable":true,"href":"https:\/\/observatorioconurbano.ungs.edu.ar\/index.php?rest_route=\/wp\/v2\/media\/23180"}],"wp:attachment":[{"href":"https:\/\/observatorioconurbano.ungs.edu.ar\/index.php?rest_route=%2Fwp%2Fv2%2Fmedia&parent=23181"}],"wp:term":[{"taxonomy":"category","embeddable":true,"href":"https:\/\/observatorioconurbano.ungs.edu.ar\/index.php?rest_route=%2Fwp%2Fv2%2Fcategories&post=23181"},{"taxonomy":"post_tag","embeddable":true,"href":"https:\/\/observatorioconurbano.ungs.edu.ar\/index.php?rest_route=%2Fwp%2Fv2%2Ftags&post=23181"}],"curies":[{"name":"wp","href":"https:\/\/api.w.org\/{rel}","templated":true}]}}