{"id":20898,"date":"2024-11-22T18:45:18","date_gmt":"2024-11-22T21:45:18","guid":{"rendered":"http:\/\/observatorioconurbano.ungs.edu.ar\/?p=20898"},"modified":"2024-11-22T20:40:55","modified_gmt":"2024-11-22T23:40:55","slug":"mas-30-experiencias-se-reunieron-seminario-taller-observatorios-socio-territoriales-america-latina-2-2-3-3-4-2-2-2-2-3-2-2-2-2-3-2-2-2-2-2-2-2-2-2-2-2-2-2-2-2-2-3-3-2-2-3-2-2-2-2-2-2-2-2-2-2-2-2-2-2-9","status":"publish","type":"post","link":"https:\/\/observatorioconurbano.ungs.edu.ar\/?p=20898","title":{"rendered":"Se realiz\u00f3 el Coloquio Internacional \u00abGobernanza, Ambiente y Territorio: desaf\u00edos y experiencias desde Am\u00e9rica Latina\u00bb"},"content":{"rendered":"<div class=\"fusion-fullwidth fullwidth-box fusion-builder-row-1 nonhundred-percent-fullwidth non-hundred-percent-height-scrolling\" style=\"--awb-background-position:left top;--awb-border-sizes-top:0px;--awb-border-sizes-bottom:0px;--awb-border-sizes-left:0px;--awb-border-sizes-right:0px;--awb-border-radius-top-left:0px;--awb-border-radius-top-right:0px;--awb-border-radius-bottom-right:0px;--awb-border-radius-bottom-left:0px;--awb-padding-top:20px;--awb-padding-bottom:20px;--awb-flex-wrap:wrap;\" ><div class=\"fusion-builder-row fusion-row\"><div class=\"fusion-layout-column fusion_builder_column fusion-builder-column-0 fusion_builder_column_1_3 1_3 fusion-one-third fusion-column-first\" style=\"--awb-bg-size:cover;width:30.6666%; margin-right: 4%;\"><div class=\"fusion-column-wrapper fusion-flex-column-wrapper-legacy\"><div class=\"fusion-image-element in-legacy-container\" style=\"--awb-caption-title-font-family:var(--h2_typography-font-family);--awb-caption-title-font-weight:var(--h2_typography-font-weight);--awb-caption-title-font-style:var(--h2_typography-font-style);--awb-caption-title-size:var(--h2_typography-font-size);--awb-caption-title-transform:var(--h2_typography-text-transform);--awb-caption-title-line-height:var(--h2_typography-line-height);--awb-caption-title-letter-spacing:var(--h2_typography-letter-spacing);\"><span class=\" fusion-imageframe imageframe-none imageframe-1 hover-type-none\"><a href=\"http:\/\/observatorioconurbano.ungs.edu.ar\/wp-content\/uploads\/Screenshot_20241122.png\" class=\"fusion-lightbox\" data-rel=\"iLightbox[becd208dbda5a472a1a]\" data-title=\"Screenshot_20241122\" title=\"Screenshot_20241122\"><img decoding=\"async\" width=\"960\" height=\"639\" src=\"http:\/\/observatorioconurbano.ungs.edu.ar\/wp-content\/uploads\/Screenshot_20241122.png\" alt class=\"img-responsive wp-image-20899\" srcset=\"https:\/\/observatorioconurbano.ungs.edu.ar\/wp-content\/uploads\/Screenshot_20241122-200x133.png 200w, https:\/\/observatorioconurbano.ungs.edu.ar\/wp-content\/uploads\/Screenshot_20241122-400x266.png 400w, https:\/\/observatorioconurbano.ungs.edu.ar\/wp-content\/uploads\/Screenshot_20241122-600x399.png 600w, https:\/\/observatorioconurbano.ungs.edu.ar\/wp-content\/uploads\/Screenshot_20241122-800x533.png 800w, https:\/\/observatorioconurbano.ungs.edu.ar\/wp-content\/uploads\/Screenshot_20241122.png 960w\" sizes=\"(max-width: 731px) 100vw, 400px\" \/><\/a><\/span><\/div><div class=\"fusion-clearfix\"><\/div><\/div><\/div><div class=\"fusion-layout-column fusion_builder_column fusion-builder-column-1 fusion_builder_column_2_3 2_3 fusion-two-third fusion-column-last\" style=\"--awb-bg-size:cover;width:65.3333%;\"><div class=\"fusion-column-wrapper fusion-flex-column-wrapper-legacy\"><div class=\"fusion-text fusion-text-1\" style=\"--awb-content-alignment:left;--awb-text-transform:none;\"><p>El pasado martes 12 de noviembre, en la Universidad Nacional de General Sarmiento se realiz\u00f3 el Coloquio Internacional \u00ab<em>Gobernanza, Ambiente y Territorio: desaf\u00edos y experiencias desde Am\u00e9rica Latina<\/em>\u00ab. Este encuentro reuni\u00f3 a investigadores de Argentina, Uruguay, Brasil, Colombia y Chile con el prop\u00f3sito de discutir y analizar la gobernanza vinculada a la cuesti\u00f3n ambiental y territorial en contextos espec\u00edficos latinoamericanos. En el evento se expusieron desaf\u00edos y particularidades que enfrenta la regi\u00f3n actualmente y se busc\u00f3 consolidar una l\u00ednea de trabajo que permita entender los impactos y las din\u00e1micas con un enfoque multidisciplinario.<\/p>\n<\/div><div class=\"fusion-sep-clear\"><\/div><div class=\"fusion-separator fusion-full-width-sep\" style=\"margin-left: auto;margin-right: auto;margin-top:5px;margin-bottom:5px;width:100%;\"><\/div><div class=\"fusion-sep-clear\"><\/div><div class=\"fusion-text fusion-text-2\" style=\"--awb-content-alignment:left;--awb-text-transform:none;\"><p>En este marco entrevistamos a Nestor Mazzeo, Licenciado en Ciencias Biol\u00f3gicas (Facultad de Ciencias-Udelar, Uruguay) y Doctor en Ciencia (Universidad de Concepci\u00f3n, Chile); Isabel Gadino, Dra. en Ambiente y Sociedad e Investigadora de la Universidad de la Rep\u00fablica de Uruguay; y a Rodrigo Carmona, Investigador Docente del Instituto del Conurbano y coordinador del programa Gobernanzas de Desarrollo Sostenible y Ciudades.<\/p>\n<\/div><div class=\"fusion-sep-clear\"><\/div><div class=\"fusion-separator fusion-full-width-sep\" style=\"margin-left: auto;margin-right: auto;margin-top:10px;margin-bottom:10px;width:100%;\"><\/div><div class=\"fusion-sep-clear\"><\/div><div class=\"fusion-text fusion-text-3\" style=\"--awb-text-transform:none;\"><p><strong>\u00bfCu\u00e1les son los principales desaf\u00edos o problem\u00e1ticas ambientales territoriales que existen <\/strong><strong>actualmente en Latinoam\u00e9rica?<\/strong><\/p>\n<\/div><div class=\"fusion-sep-clear\"><\/div><div class=\"fusion-separator fusion-full-width-sep\" style=\"margin-left: auto;margin-right: auto;margin-top:10px;margin-bottom:10px;width:100%;\"><\/div><div class=\"fusion-sep-clear\"><\/div><div class=\"fusion-text fusion-text-4\" style=\"--awb-text-transform:none;\"><p>NESTOR: &#8211; Estamos analizando m\u00faltiples casos referidos a Am\u00e9rica Latina en relaci\u00f3n a la gesti\u00f3n de distintos espacios, como zonas costeras o \u00e1reas de expansi\u00f3n productiva y agr\u00edcola, transformaciones en ciudades y gesti\u00f3n del agua. En las jornadas podemos observar una gran diversidad de casos, pero el hilo conductor son los sistemas de gobernanza que est\u00e1n asociados y que generalmente involucran redes muy complejas de actores p\u00fablicos y privados que tambi\u00e9n est\u00e1n representando diferentes niveles de gobierno y distintos arreglos administrativos. Todos los casos presentados son t\u00edpicos casos de desaf\u00edos complejos por la cantidad de actores involucrados, pero tambi\u00e9n por la multiplicidad de dimensiones de an\u00e1lisis que tiene que ver con aspectos sociales, econ\u00f3micos y ambientales.<\/p>\n<\/div><div class=\"fusion-sep-clear\"><\/div><div class=\"fusion-separator fusion-full-width-sep\" style=\"margin-left: auto;margin-right: auto;margin-top:10px;margin-bottom:10px;width:100%;\"><\/div><div class=\"fusion-sep-clear\"><\/div><div class=\"fusion-text fusion-text-5\" style=\"--awb-text-transform:none;\"><p>ISABEL: &#8211; Estamos hablando de problem\u00e1ticas vinculadas a avances del desarrollo inmobiliario, avances de producciones agropecuarias, cuestiones que tienen que ver con mercados internacionales o mercados globales y c\u00f3mo esto pone en riesgo cuestiones ambientales de distintos territorios. En cuesti\u00f3n de gobernanza lo que analizamos es c\u00f3mo se definen las pol\u00edticas territoriales, c\u00f3mo se definen las formas de participaci\u00f3n de los diferentes actores. Algunas de las cuestiones que han aparecido es la necesidad de miradas interdisciplinares y su integraci\u00f3n, la necesidad de actualizar, junto con la poblaci\u00f3n, esos lenguajes, esas formas de entender el rol que tienen las poblaciones y los gobiernos locales en las diferentes definiciones que hacen al sector.<\/p>\n<\/div><div class=\"fusion-sep-clear\"><\/div><div class=\"fusion-separator fusion-full-width-sep\" style=\"margin-left: auto;margin-right: auto;margin-top:10px;margin-bottom:10px;width:100%;\"><\/div><div class=\"fusion-sep-clear\"><\/div><div class=\"fusion-text fusion-text-6\" style=\"--awb-text-transform:none;\"><p><strong>\u00bfC\u00f3mo es el futuro relacionado con estos abordajes? \u00bfQu\u00e9 es lo que nos depara y qu\u00e9 <\/strong><strong>propuestas se exponen pensando en lo que viene?<\/strong><\/p>\n<\/div><div class=\"fusion-sep-clear\"><\/div><div class=\"fusion-separator fusion-full-width-sep\" style=\"margin-left: auto;margin-right: auto;margin-top:10px;margin-bottom:10px;width:100%;\"><\/div><div class=\"fusion-sep-clear\"><\/div><div class=\"fusion-text fusion-text-7\" style=\"--awb-text-transform:none;\"><p>NESTOR: &#8211; Estamos en un escenario de gran complejidad porque estamos en un contexto de muchos cambios, no solo vinculado a lo que son factores clim\u00e1ticos sino tambi\u00e9n a cambios sociales, crisis econ\u00f3micas, cambios muy profundos en los sistemas de valores y las relaciones entre las sociedades humanas y la naturaleza.<\/p>\n<\/div><div class=\"fusion-sep-clear\"><\/div><div class=\"fusion-separator fusion-full-width-sep\" style=\"margin-left: auto;margin-right: auto;margin-top:5px;margin-bottom:5px;width:100%;\"><\/div><div class=\"fusion-sep-clear\"><\/div><div class=\"fusion-text fusion-text-8\" style=\"--awb-text-transform:none;\"><p>Muchos autores sostienen que estamos transitando una policrisis de gran profundidad, muchos hablan incluso de una crisis civilizatoria, y eso representa un gran desaf\u00edo, pero al mismo tiempo representa una gran oportunidad. Tal vez podamos pensar en abandonar formas y pr\u00e1cticas que no son sostenibles y que generan mucha desigualdad e inequidad.<\/p>\n<\/div><div class=\"fusion-sep-clear\"><\/div><div class=\"fusion-separator fusion-full-width-sep\" style=\"margin-left: auto;margin-right: auto;margin-top:10px;margin-bottom:10px;width:100%;\"><\/div><div class=\"fusion-sep-clear\"><\/div><div class=\"fusion-text fusion-text-9\" style=\"--awb-text-transform:none;\"><p><strong>\u00bfQu\u00e9 propuestas surgen para revertir esta situaci\u00f3n?<\/strong><\/p>\n<\/div><div class=\"fusion-sep-clear\"><\/div><div class=\"fusion-separator fusion-full-width-sep\" style=\"margin-left: auto;margin-right: auto;margin-top:10px;margin-bottom:10px;width:100%;\"><\/div><div class=\"fusion-sep-clear\"><\/div><div class=\"fusion-text fusion-text-10\" style=\"--awb-text-transform:none;\"><p>ISABEL: &#8211; En cuanto a gobernanza creemos que es importante la participaci\u00f3n ciudadana, que la participaci\u00f3n de la poblaci\u00f3n exista y tenga que ver con las definiciones, que no solo tengan el lugar de reclamos y nada m\u00e1s, la opini\u00f3n de la poblaci\u00f3n se deber\u00eda respetar.\u00a0En cuanto al \u00e1mbito acad\u00e9mico, considero que resulta imprescindible brindar el acceso a la informaci\u00f3n ambiental, para que la poblaci\u00f3n pueda acceder a esa informaci\u00f3n y, por supuesto, para que pueda ser part\u00edcipe de la definici\u00f3n de pol\u00edticas y de la gesti\u00f3n del territorio.<\/p>\n<\/div><div class=\"fusion-sep-clear\"><\/div><div class=\"fusion-separator fusion-full-width-sep\" style=\"margin-left: auto;margin-right: auto;margin-top:10px;margin-bottom:10px;width:100%;\"><\/div><div class=\"fusion-sep-clear\"><\/div><div class=\"fusion-text fusion-text-11\" style=\"--awb-text-transform:none;\"><p>RODRIGO: &#8211; En t\u00e9rminos de un poco los principales desaf\u00edos, limitaciones, complejidades, obviamente el evento lo que ha mostrado es que estamos en un contexto de crisis socioecol\u00f3gica de car\u00e1cter sist\u00e9mico y de complejidad enorme que supone dar cuenta de desaf\u00edos muy fuertes en t\u00e9rminos de c\u00f3mo intervenir desde las pol\u00edticas p\u00fablicas como los actores sociales tambi\u00e9n deben de alguna manera participar y activar procesos de mayor di\u00e1logo de comunicaci\u00f3n. Partimos de un escenario donde existe una gobernanza en gran medida fragmentada para estas discusiones, tanto sobre el cambio clim\u00e1tico o para dar cuenta de los principales desaf\u00edos ambientales. Esta fragmentaci\u00f3n debe tratar de saldarse de alguna manera, la idea es tratar de reducir un poco estas paradojas y dificultades que existen acercando posiciones, generando di\u00e1logos y permitiendo mayores posibilidades de resoluci\u00f3n a nivel micro con proyectos concretos y con un tipo de gobernanza m\u00e1s din\u00e1mica que d\u00e9 respuestas a los principales problemas que acontecen en las distintas regiones.<\/p>\n<\/div><div class=\"fusion-clearfix\"><\/div><\/div><\/div><\/div><\/div>\n","protected":false},"excerpt":{"rendered":"","protected":false},"author":2,"featured_media":20899,"comment_status":"closed","ping_status":"closed","sticky":false,"template":"","format":"standard","meta":{"_exactmetrics_skip_tracking":false,"_exactmetrics_sitenote_active":false,"_exactmetrics_sitenote_note":"","_exactmetrics_sitenote_category":0,"footnotes":""},"categories":[249,202],"tags":[629,628,627],"class_list":["post-20898","post","type-post","status-publish","format-standard","has-post-thumbnail","hentry","category-actividades","category-agenda","tag-ico","tag-idei","tag-inaes"],"_links":{"self":[{"href":"https:\/\/observatorioconurbano.ungs.edu.ar\/index.php?rest_route=\/wp\/v2\/posts\/20898","targetHints":{"allow":["GET"]}}],"collection":[{"href":"https:\/\/observatorioconurbano.ungs.edu.ar\/index.php?rest_route=\/wp\/v2\/posts"}],"about":[{"href":"https:\/\/observatorioconurbano.ungs.edu.ar\/index.php?rest_route=\/wp\/v2\/types\/post"}],"author":[{"embeddable":true,"href":"https:\/\/observatorioconurbano.ungs.edu.ar\/index.php?rest_route=\/wp\/v2\/users\/2"}],"replies":[{"embeddable":true,"href":"https:\/\/observatorioconurbano.ungs.edu.ar\/index.php?rest_route=%2Fwp%2Fv2%2Fcomments&post=20898"}],"version-history":[{"count":18,"href":"https:\/\/observatorioconurbano.ungs.edu.ar\/index.php?rest_route=\/wp\/v2\/posts\/20898\/revisions"}],"predecessor-version":[{"id":20909,"href":"https:\/\/observatorioconurbano.ungs.edu.ar\/index.php?rest_route=\/wp\/v2\/posts\/20898\/revisions\/20909"}],"wp:featuredmedia":[{"embeddable":true,"href":"https:\/\/observatorioconurbano.ungs.edu.ar\/index.php?rest_route=\/wp\/v2\/media\/20899"}],"wp:attachment":[{"href":"https:\/\/observatorioconurbano.ungs.edu.ar\/index.php?rest_route=%2Fwp%2Fv2%2Fmedia&parent=20898"}],"wp:term":[{"taxonomy":"category","embeddable":true,"href":"https:\/\/observatorioconurbano.ungs.edu.ar\/index.php?rest_route=%2Fwp%2Fv2%2Fcategories&post=20898"},{"taxonomy":"post_tag","embeddable":true,"href":"https:\/\/observatorioconurbano.ungs.edu.ar\/index.php?rest_route=%2Fwp%2Fv2%2Ftags&post=20898"}],"curies":[{"name":"wp","href":"https:\/\/api.w.org\/{rel}","templated":true}]}}