{"id":20844,"date":"2024-11-05T12:41:43","date_gmt":"2024-11-05T15:41:43","guid":{"rendered":"http:\/\/observatorioconurbano.ungs.edu.ar\/?p=20844"},"modified":"2024-11-22T18:59:47","modified_gmt":"2024-11-22T21:59:47","slug":"mas-30-experiencias-se-reunieron-seminario-taller-observatorios-socio-territoriales-america-latina-2-2-3-3-4-2-2-2-2-3-2-2-2-2-3-2-2-2-2-2-2-2-2-2-2-2-2-2-2-2-2-3-3-2-2-3-2-2-2-2-2-2-2-2-2-2-2-2-2-2-8","status":"publish","type":"post","link":"https:\/\/observatorioconurbano.ungs.edu.ar\/?p=20844","title":{"rendered":"\u201c\u00bfQui\u00e9nes bancan la universidad p\u00fablica?\u201d Carlos Jim\u00e9nez en Radio La Uni"},"content":{"rendered":"<div class=\"fusion-fullwidth fullwidth-box fusion-builder-row-1 fusion-flex-container nonhundred-percent-fullwidth non-hundred-percent-height-scrolling\" style=\"--awb-background-position:left top;--awb-border-sizes-top:0px;--awb-border-sizes-bottom:0px;--awb-border-sizes-left:0px;--awb-border-sizes-right:0px;--awb-border-radius-top-left:0px;--awb-border-radius-top-right:0px;--awb-border-radius-bottom-right:0px;--awb-border-radius-bottom-left:0px;--awb-padding-top:20px;--awb-padding-bottom:20px;--awb-flex-wrap:wrap;\" ><div class=\"fusion-builder-row fusion-row fusion-flex-align-items-flex-start fusion-flex-content-wrap\" style=\"max-width:1144px;margin-left: calc(-4% \/ 2 );margin-right: calc(-4% \/ 2 );\"><div class=\"fusion-layout-column fusion_builder_column fusion-builder-column-0 fusion_builder_column_1_3 1_3 fusion-flex-column\" style=\"--awb-bg-blend:overlay;--awb-bg-size:cover;--awb-width-large:33.333333333333%;--awb-margin-top-large:0px;--awb-spacing-right-large:5.76%;--awb-margin-bottom-large:20px;--awb-spacing-left-large:5.76%;--awb-width-medium:100%;--awb-spacing-right-medium:1.92%;--awb-spacing-left-medium:1.92%;--awb-width-small:100%;--awb-spacing-right-small:1.92%;--awb-spacing-left-small:1.92%;\"><div class=\"fusion-column-wrapper fusion-flex-justify-content-flex-start fusion-content-layout-column\"><div class=\"fusion-image-element \" style=\"--awb-caption-title-font-family:var(--h2_typography-font-family);--awb-caption-title-font-weight:var(--h2_typography-font-weight);--awb-caption-title-font-style:var(--h2_typography-font-style);--awb-caption-title-size:var(--h2_typography-font-size);--awb-caption-title-transform:var(--h2_typography-text-transform);--awb-caption-title-line-height:var(--h2_typography-line-height);--awb-caption-title-letter-spacing:var(--h2_typography-letter-spacing);\"><span class=\" fusion-imageframe imageframe-none imageframe-1 hover-type-none\"><a href=\"http:\/\/observatorioconurbano.ungs.edu.ar\/wp-content\/uploads\/apoyo-universidades.jpg\" class=\"fusion-lightbox\" data-rel=\"iLightbox[c470b0443f0aca326b9]\" data-title=\"apoyo-universidades\" title=\"apoyo-universidades\"><img decoding=\"async\" width=\"900\" height=\"600\" src=\"http:\/\/observatorioconurbano.ungs.edu.ar\/wp-content\/uploads\/apoyo-universidades.jpg\" alt class=\"img-responsive wp-image-20846\" srcset=\"https:\/\/observatorioconurbano.ungs.edu.ar\/wp-content\/uploads\/apoyo-universidades-200x133.jpg 200w, https:\/\/observatorioconurbano.ungs.edu.ar\/wp-content\/uploads\/apoyo-universidades-400x267.jpg 400w, https:\/\/observatorioconurbano.ungs.edu.ar\/wp-content\/uploads\/apoyo-universidades-600x400.jpg 600w, https:\/\/observatorioconurbano.ungs.edu.ar\/wp-content\/uploads\/apoyo-universidades-800x533.jpg 800w, https:\/\/observatorioconurbano.ungs.edu.ar\/wp-content\/uploads\/apoyo-universidades.jpg 900w\" sizes=\"(max-width: 894px) 100vw, (max-width: 630px) 100vw, 400px\" \/><\/a><\/span><\/div><\/div><\/div><div class=\"fusion-layout-column fusion_builder_column fusion-builder-column-1 fusion_builder_column_2_3 2_3 fusion-flex-column buttonklein\" style=\"--awb-padding-top-medium:1158px;--awb-padding-right-medium:0px;--awb-padding-bottom-medium:0px;--awb-padding-top-small:0px;--awb-padding-bottom-small:0px;--awb-bg-size:cover;--awb-width-large:66.666666666667%;--awb-margin-top-large:0px;--awb-spacing-right-large:2.88%;--awb-margin-bottom-large:20px;--awb-spacing-left-large:2.88%;--awb-width-medium:100%;--awb-order-medium:0;--awb-spacing-right-medium:6.048%;--awb-margin-bottom-medium:0px;--awb-spacing-left-medium:1.92%;--awb-width-small:100%;--awb-order-small:0;--awb-spacing-right-small:1.92%;--awb-spacing-left-small:1.92%;\"><div class=\"fusion-column-wrapper fusion-column-has-shadow fusion-flex-justify-content-center fusion-content-layout-column\"><div class=\"fusion-text fusion-text-1 fusion-no-medium-visibility\" style=\"--awb-text-transform:none;\"><p>El jueves pasado Carlos Jim\u00e9nez, Secretario Acad\u00e9mico del Instituto del Conurbano de la UNGS, particip\u00f3 en Radio FM La Uni y dialog\u00f3 acerca del apoyo social a la universidad p\u00fablica y gratuita. \u201c\u00bfQu\u00e9 piensan las personas que no necesariamente est\u00e1n vinculadas con la universidad?\u201d fue uno de los interrogantes que Carlos trat\u00f3 de contestar a partir de encuestas relevadas.<\/p>\n<p>Seg\u00fan un estudio reciente realizado por una consultora privada y por quince universidades a trav\u00e9s del Programa de Investigaci\u00f3n Regional Comparada de la Estructura Social Argentina (PIRC-ESA), un programa interuniversitario en el que participa, desde el ICO, la investigadora docente Ver\u00f3nica Maceira del \u00e1rea de Pol\u00edtica Social; el 83% de la poblaci\u00f3n argentina apoya la universidad p\u00fablica. Este n\u00famero, explic\u00f3 Carlos, \u201cno hace distinci\u00f3n ni de g\u00e9nero ni de generaci\u00f3n\u201d; aunque aclar\u00f3 que se encuentran matices teniendo en cuenta la divisi\u00f3n por sectores sociales, los niveles de adhesi\u00f3n siguen siendo a\u00fan muy altos. Al mismo tiempo, el an\u00e1lisis revel\u00f3 que el respaldo a la universidad trasciende divisiones pol\u00edticas. Incluso entre votantes de La Libertad Avanza o el Pro, dos tercios apoyan la educaci\u00f3n p\u00fablica universitaria.<\/p>\n<p>En el programa, tambi\u00e9n se destac\u00f3 el apoyo masivo que se refleja en las recientes marchas convocadas por estudiantes, sindicatos y la comunidad en general. Estas movilizaciones se constituyen como hitos en la batalla cultural que reivindica el rol del Estado y la importancia de una educaci\u00f3n p\u00fablica y de calidad.<\/p>\n<p>El Observatorio del Conurbano recientemente actualiz\u00f3 sus datos sobre universidades, y en ellos se puede apreciar que la cantidad de <a href=\"http:\/\/observatorioconurbano.ungs.edu.ar\/?p=5366\" target=\"_blank\" rel=\"noopener noreferrer\">estudiantes<\/a>, <a href=\"http:\/\/observatorioconurbano.ungs.edu.ar\/?p=5362\" target=\"_blank\" rel=\"noopener noreferrer\">graduados<\/a> e <a href=\"http:\/\/observatorioconurbano.ungs.edu.ar\/?p=5370\" target=\"_blank\" rel=\"noopener noreferrer\">inscriptos<\/a> de las universidades p\u00fablicas del conurbano no ha dejado de crecer en los \u00faltimos 20 a\u00f1os.<\/p>\n<p>El episodio \u201c\u00bfQui\u00e9nes bancan la universidad p\u00fablica?\u201d de la columna de Carlos Jim\u00e9nez,ya se encuentra publicada en Spotify. Se puede acceder desde el siguiente link:<strong>\u00a0 <\/strong><a href=\"https:\/\/bit.ly\/3Avfdo1\" target=\"_blank\" rel=\"noopener noreferrer\">https:\/\/bit.ly\/3Avfdo1<\/a><\/p>\n<\/div><\/div><\/div><\/div><\/div>\n","protected":false},"excerpt":{"rendered":"","protected":false},"author":2,"featured_media":20846,"comment_status":"closed","ping_status":"closed","sticky":false,"template":"","format":"standard","meta":{"_exactmetrics_skip_tracking":false,"_exactmetrics_sitenote_active":false,"_exactmetrics_sitenote_note":"","_exactmetrics_sitenote_category":0,"footnotes":""},"categories":[249,202],"tags":[629,628,627],"class_list":["post-20844","post","type-post","status-publish","format-standard","has-post-thumbnail","hentry","category-actividades","category-agenda","tag-ico","tag-idei","tag-inaes"],"_links":{"self":[{"href":"https:\/\/observatorioconurbano.ungs.edu.ar\/index.php?rest_route=\/wp\/v2\/posts\/20844","targetHints":{"allow":["GET"]}}],"collection":[{"href":"https:\/\/observatorioconurbano.ungs.edu.ar\/index.php?rest_route=\/wp\/v2\/posts"}],"about":[{"href":"https:\/\/observatorioconurbano.ungs.edu.ar\/index.php?rest_route=\/wp\/v2\/types\/post"}],"author":[{"embeddable":true,"href":"https:\/\/observatorioconurbano.ungs.edu.ar\/index.php?rest_route=\/wp\/v2\/users\/2"}],"replies":[{"embeddable":true,"href":"https:\/\/observatorioconurbano.ungs.edu.ar\/index.php?rest_route=%2Fwp%2Fv2%2Fcomments&post=20844"}],"version-history":[{"count":10,"href":"https:\/\/observatorioconurbano.ungs.edu.ar\/index.php?rest_route=\/wp\/v2\/posts\/20844\/revisions"}],"predecessor-version":[{"id":20857,"href":"https:\/\/observatorioconurbano.ungs.edu.ar\/index.php?rest_route=\/wp\/v2\/posts\/20844\/revisions\/20857"}],"wp:featuredmedia":[{"embeddable":true,"href":"https:\/\/observatorioconurbano.ungs.edu.ar\/index.php?rest_route=\/wp\/v2\/media\/20846"}],"wp:attachment":[{"href":"https:\/\/observatorioconurbano.ungs.edu.ar\/index.php?rest_route=%2Fwp%2Fv2%2Fmedia&parent=20844"}],"wp:term":[{"taxonomy":"category","embeddable":true,"href":"https:\/\/observatorioconurbano.ungs.edu.ar\/index.php?rest_route=%2Fwp%2Fv2%2Fcategories&post=20844"},{"taxonomy":"post_tag","embeddable":true,"href":"https:\/\/observatorioconurbano.ungs.edu.ar\/index.php?rest_route=%2Fwp%2Fv2%2Ftags&post=20844"}],"curies":[{"name":"wp","href":"https:\/\/api.w.org\/{rel}","templated":true}]}}