{"id":20504,"date":"2024-08-20T12:25:54","date_gmt":"2024-08-20T15:25:54","guid":{"rendered":"http:\/\/observatorioconurbano.ungs.edu.ar\/?p=20504"},"modified":"2024-10-16T11:34:12","modified_gmt":"2024-10-16T14:34:12","slug":"politicas-economia-social-solidaria-municipios-del-conurbano-bonaerense-1-avances-institucionalizacion-2-2-2-2-3-2-2-4-2-3-4-2-2-2","status":"publish","type":"post","link":"https:\/\/observatorioconurbano.ungs.edu.ar\/?p=20504","title":{"rendered":"Desocupaci\u00f3n e informalidad en el conurbano bonaerense: Primer Trimestre de 2024"},"content":{"rendered":"<div class=\"fusion-fullwidth fullwidth-box fusion-builder-row-1 nonhundred-percent-fullwidth non-hundred-percent-height-scrolling\" style=\"--awb-background-position:left top;--awb-border-sizes-top:0px;--awb-border-sizes-bottom:0px;--awb-border-sizes-left:0px;--awb-border-sizes-right:0px;--awb-border-radius-top-left:0px;--awb-border-radius-top-right:0px;--awb-border-radius-bottom-right:0px;--awb-border-radius-bottom-left:0px;--awb-padding-top:20px;--awb-padding-bottom:20px;--awb-flex-wrap:wrap;\" ><div class=\"fusion-builder-row fusion-row\"><div class=\"fusion-layout-column fusion_builder_column fusion-builder-column-0 fusion_builder_column_2_5 2_5 fusion-two-fifth fusion-column-first\" style=\"--awb-bg-size:cover;width:37.6%; margin-right: 4%;\"><div class=\"fusion-column-wrapper fusion-column-has-shadow fusion-flex-column-wrapper-legacy\"><div class=\"fusion-image-element fusion-image-align-center in-legacy-container\" style=\"text-align:center;--awb-caption-title-font-family:var(--h2_typography-font-family);--awb-caption-title-font-weight:var(--h2_typography-font-weight);--awb-caption-title-font-style:var(--h2_typography-font-style);--awb-caption-title-size:var(--h2_typography-font-size);--awb-caption-title-transform:var(--h2_typography-text-transform);--awb-caption-title-line-height:var(--h2_typography-line-height);--awb-caption-title-letter-spacing:var(--h2_typography-letter-spacing);\"><div class=\"imageframe-align-center\"><span class=\" fusion-imageframe imageframe-none imageframe-1 hover-type-none\"><a href=\"http:\/\/observatorioconurbano.ungs.edu.ar\/wp-content\/uploads\/PORTADAA_Mesa-de-trabajo-1.jpg\" class=\"fusion-lightbox\" data-rel=\"iLightbox[7212c895e07f4a1f466]\"><img decoding=\"async\" width=\"800\" height=\"534\" alt=\"PORTADAA_Mesa-de-trabajo-1\" src=\"http:\/\/observatorioconurbano.ungs.edu.ar\/wp-content\/uploads\/PORTADAA_Mesa-de-trabajo-1.jpg\" class=\"img-responsive wp-image-20508\" srcset=\"https:\/\/observatorioconurbano.ungs.edu.ar\/wp-content\/uploads\/PORTADAA_Mesa-de-trabajo-1-200x134.jpg 200w, https:\/\/observatorioconurbano.ungs.edu.ar\/wp-content\/uploads\/PORTADAA_Mesa-de-trabajo-1-400x267.jpg 400w, https:\/\/observatorioconurbano.ungs.edu.ar\/wp-content\/uploads\/PORTADAA_Mesa-de-trabajo-1-600x401.jpg 600w, https:\/\/observatorioconurbano.ungs.edu.ar\/wp-content\/uploads\/PORTADAA_Mesa-de-trabajo-1.jpg 800w\" sizes=\"(max-width: 731px) 100vw, 600px\" \/><\/a><\/span><\/div><\/div><div class=\"fusion-clearfix\"><\/div><\/div><\/div><div class=\"fusion-layout-column fusion_builder_column fusion-builder-column-1 fusion_builder_column_3_5 3_5 fusion-three-fifth fusion-column-last\" style=\"--awb-bg-size:cover;--awb-margin-bottom:10px;width:58.4%;\"><div class=\"fusion-column-wrapper fusion-column-has-shadow fusion-flex-column-wrapper-legacy\"><div class=\"fusion-text fusion-text-1\" style=\"--awb-text-transform:none;\"><p><span style=\"font-weight: 400;\">Los \u00faltimos resultados de la EPH muestran que la <\/span><a href=\"http:\/\/observatorioconurbano.ungs.edu.ar\/?p=8536\"><b>tasa de desocupaci\u00f3n<\/b><\/a><span style=\"font-weight: 400;\"> en el conurbano bonaerense se ubic\u00f3 en un 9,9%, mostrando un incremento en comparaci\u00f3n con los trimestres anteriores y se traduce en alrededor de 609.000 personas desocupadas. Este aumento va de la mano con la recesi\u00f3n econ\u00f3mica y con las pol\u00edticas \u201cmotosierra\u201d del nuevo gobierno de La Libertad Avanza. El <\/span><a href=\"http:\/\/observatorioconurbano.ungs.edu.ar\/?p=10061\"><b>trabajo no registrado<\/b><\/a><span style=\"font-weight: 400;\"> se ubic\u00f3 en 35,8%, levemente por encima del 35,6% del trimestre anterior, y afecta a casi 1,5 millones de trabajadores\/as.<\/span><\/p>\n<p><span style=\"font-weight: 400;\">Al mirar estos datos por sexo, se observa que las mujeres sistem\u00e1ticamente son m\u00e1s afectadas por el desempleo y la informalidad, ya que persisten brechas de g\u00e9nero en el mercado laboral, donde las mujeres contin\u00faan enfrentando mayores dificultades para acceder a empleos formales y bien remunerados. Si bien en el cuarto trimestre de 2023 la desocupaci\u00f3n estaba virtualmente igualada (7,3% hombres y 7,5% para las mujeres), en este \u00faltimo trimestre esta diferencia creci\u00f3, ubicando el desempleo en hombres en 8,8% y en 11,3% para las mujeres. <\/span><\/p>\n<\/div><div class=\"fusion-sep-clear\"><\/div><div class=\"fusion-separator fusion-full-width-sep\" style=\"margin-left: auto;margin-right: auto;margin-top:15px;margin-bottom:15px;width:100%;\"><\/div><div class=\"fusion-sep-clear\"><\/div><div class=\"fusion-text fusion-text-2\" style=\"--awb-text-transform:none;\"><div class=\"flourish-embed flourish-chart\" data-src=\"visualisation\/19116379\"><noscript><img decoding=\"async\" src=\"https:\/\/public.flourish.studio\/visualisation\/19116379\/thumbnail\" width=\"100%\" alt=\"chart visualization\" \/><\/noscript><\/div>\n<\/div><div class=\"fusion-sep-clear\"><\/div><div class=\"fusion-separator fusion-full-width-sep\" style=\"margin-left: auto;margin-right: auto;margin-top:15px;margin-bottom:15px;width:100%;\"><\/div><div class=\"fusion-sep-clear\"><\/div><div class=\"fusion-text fusion-text-3\" style=\"--awb-text-transform:none;\"><p><span style=\"font-weight: 400;\">En el indicador de trabajo no registrado, la diferencia entre las tasas de hombres y mujeres es menor, con un 35,5% de hombres y un 36,2% de mujeres trabajando en la informalidad.<\/span><\/p>\n<\/div><div class=\"fusion-sep-clear\"><\/div><div class=\"fusion-separator fusion-full-width-sep\" style=\"margin-left: auto;margin-right: auto;margin-top:15px;margin-bottom:15px;width:100%;\"><\/div><div class=\"fusion-sep-clear\"><\/div><div class=\"fusion-text fusion-text-4\" style=\"--awb-text-transform:none;\"><div class=\"flourish-embed flourish-chart\" data-src=\"visualisation\/19116722\"><script src=\"https:\/\/public.flourish.studio\/resources\/embed.js\"><\/script><noscript><img decoding=\"async\" src=\"https:\/\/public.flourish.studio\/visualisation\/19116722\/thumbnail\" width=\"100%\" alt=\"chart visualization\" \/><\/noscript><\/div>\n<\/div><div class=\"fusion-sep-clear\"><\/div><div class=\"fusion-separator fusion-full-width-sep\" style=\"margin-left: auto;margin-right: auto;margin-top:15px;margin-bottom:15px;width:100%;\"><\/div><div class=\"fusion-sep-clear\"><\/div><div class=\"fusion-text fusion-text-5\" style=\"--awb-text-transform:none;\"><p><span style=\"font-weight: 400;\">El grupo etario m\u00e1s afectado sigue siendo el de los\/as j\u00f3venes de hasta 24 a\u00f1os, con una alarmante tasa de desocupaci\u00f3n del 23%, reflejando las dificultades que enfrentan los\/as j\u00f3venes para ingresar al mercado laboral. Sin embargo, tambi\u00e9n se observa un crecimiento importante en la desocupaci\u00f3n en el segmento de 25 a 34 a\u00f1os, de 3,8% (pas\u00f3 de 6,4 a 10,2%), con lo que supera los dos d\u00edgitos. El segmento de 35 a 49 a\u00f1os, por su parte, tambi\u00e9n experiment\u00f3 un fuerte crecimiento de la desocupaci\u00f3n, casi duplicando la tasa en el \u00faltimo trimestre (4,0% a 7,9%).<\/span><\/p>\n<\/div><div class=\"fusion-clearfix\"><\/div><\/div><\/div><\/div><\/div>\n","protected":false},"excerpt":{"rendered":"","protected":false},"author":2,"featured_media":20508,"comment_status":"closed","ping_status":"closed","sticky":false,"template":"","format":"standard","meta":{"_exactmetrics_skip_tracking":false,"_exactmetrics_sitenote_active":false,"_exactmetrics_sitenote_note":"","_exactmetrics_sitenote_category":0,"footnotes":""},"categories":[664,527],"tags":[],"class_list":["post-20504","post","type-post","status-publish","format-standard","has-post-thumbnail","hentry","category-conurbano-en-debate-agosto-2024","category-todas"],"_links":{"self":[{"href":"https:\/\/observatorioconurbano.ungs.edu.ar\/index.php?rest_route=\/wp\/v2\/posts\/20504","targetHints":{"allow":["GET"]}}],"collection":[{"href":"https:\/\/observatorioconurbano.ungs.edu.ar\/index.php?rest_route=\/wp\/v2\/posts"}],"about":[{"href":"https:\/\/observatorioconurbano.ungs.edu.ar\/index.php?rest_route=\/wp\/v2\/types\/post"}],"author":[{"embeddable":true,"href":"https:\/\/observatorioconurbano.ungs.edu.ar\/index.php?rest_route=\/wp\/v2\/users\/2"}],"replies":[{"embeddable":true,"href":"https:\/\/observatorioconurbano.ungs.edu.ar\/index.php?rest_route=%2Fwp%2Fv2%2Fcomments&post=20504"}],"version-history":[{"count":7,"href":"https:\/\/observatorioconurbano.ungs.edu.ar\/index.php?rest_route=\/wp\/v2\/posts\/20504\/revisions"}],"predecessor-version":[{"id":20512,"href":"https:\/\/observatorioconurbano.ungs.edu.ar\/index.php?rest_route=\/wp\/v2\/posts\/20504\/revisions\/20512"}],"wp:featuredmedia":[{"embeddable":true,"href":"https:\/\/observatorioconurbano.ungs.edu.ar\/index.php?rest_route=\/wp\/v2\/media\/20508"}],"wp:attachment":[{"href":"https:\/\/observatorioconurbano.ungs.edu.ar\/index.php?rest_route=%2Fwp%2Fv2%2Fmedia&parent=20504"}],"wp:term":[{"taxonomy":"category","embeddable":true,"href":"https:\/\/observatorioconurbano.ungs.edu.ar\/index.php?rest_route=%2Fwp%2Fv2%2Fcategories&post=20504"},{"taxonomy":"post_tag","embeddable":true,"href":"https:\/\/observatorioconurbano.ungs.edu.ar\/index.php?rest_route=%2Fwp%2Fv2%2Ftags&post=20504"}],"curies":[{"name":"wp","href":"https:\/\/api.w.org\/{rel}","templated":true}]}}