{"id":20425,"date":"2024-08-01T20:28:44","date_gmt":"2024-08-01T23:28:44","guid":{"rendered":"http:\/\/observatorioconurbano.ungs.edu.ar\/?p=20425"},"modified":"2025-02-10T18:07:39","modified_gmt":"2025-02-10T21:07:39","slug":"7475-2-2-2-2-2-2-2-3-2-5-2-2-2-2-2-2-2-2-3-2-3-3-2","status":"publish","type":"post","link":"https:\/\/observatorioconurbano.ungs.edu.ar\/?p=20425","title":{"rendered":"Primera Encuesta Bonaerense de Alquileres. Resultados y conclusiones"},"content":{"rendered":"<p><div class=\"fusion-fullwidth fullwidth-box fusion-builder-row-1 nonhundred-percent-fullwidth non-hundred-percent-height-scrolling\" style=\"--awb-background-position:left top;--awb-border-sizes-top:0px;--awb-border-sizes-bottom:0px;--awb-border-sizes-left:0px;--awb-border-sizes-right:0px;--awb-border-radius-top-left:0px;--awb-border-radius-top-right:0px;--awb-border-radius-bottom-right:0px;--awb-border-radius-bottom-left:0px;--awb-padding-top:20px;--awb-padding-bottom:20px;--awb-background-color:#ffe8ca;--awb-flex-wrap:wrap;\" ><div class=\"fusion-builder-row fusion-row\"><div class=\"fusion-layout-column fusion_builder_column fusion-builder-column-0 fusion_builder_column_1_1 1_1 fusion-one-full fusion-column-first fusion-column-last\" style=\"--awb-padding-right:20px;--awb-padding-left:20px;--awb-bg-size:cover;--awb-margin-top:25px;\"><div class=\"fusion-column-wrapper fusion-flex-column-wrapper-legacy\"><div class=\"fusion-text fusion-text-1\" style=\"--awb-content-alignment:left;--awb-text-transform:none;--awb-margin-top:20px;--awb-margin-right:40px;--awb-margin-left:40px;--awb-text-font-family:Arial, Helvetica, sans-serif;--awb-text-font-style:normal;--awb-text-font-weight:400;\"><div class=\"yj6qo ajU\">\n<p><em>A fines del a\u00f1o pasado se conocieron los resultados de la primera Encuesta Bonaerense de Alquileres, que indag\u00f3 sobre la situaci\u00f3n de los alquileres de vivienda en la provincia de Buenos Aires y las condiciones y las dificultades de los contratos que se llevaban a cabo. Para conocer sobre la actualidad de los alquileres en el Conurbano y en el Gran Buenos Aires decidimos charlar con Federico Kulekdjian, responsable de la Coordinaci\u00f3n de Alquileres de la Subsecretar\u00eda de H\u00e1bitat de la Comunidad de la Provincia de Buenos Aires.<\/em><\/p>\n<p><em>Federico Kulekdjian es arquitecto y mag\u00edster en Planificaci\u00f3n Urbana y Regional egresado de la FADU-UBA. Es investigador formado en el Instituto Superior de Urbanismo de la misma instituci\u00f3n. Ha formado parte de diversos proyectos de investigaci\u00f3n financiados por UBACyT y Conicet desde el a\u00f1o 2015 hasta la actualidad. Desde el a\u00f1o 2021 es Coordinador del \u00c1rea de Alquileres de la Subsecretar\u00eda de H\u00e1bitat del Ministerio de Desarrollo de la Comunidad de la provincia de Buenos Aires<\/em><\/p>\n<\/div>\n<\/div><div class=\"fusion-clearfix\"><\/div><\/div><\/div><\/div><\/div><div class=\"fusion-fullwidth fullwidth-box fusion-builder-row-2 nonhundred-percent-fullwidth non-hundred-percent-height-scrolling\" style=\"--awb-background-position:left top;--awb-border-sizes-top:0px;--awb-border-sizes-bottom:0px;--awb-border-sizes-left:0px;--awb-border-sizes-right:0px;--awb-border-radius-top-left:0px;--awb-border-radius-top-right:0px;--awb-border-radius-bottom-right:0px;--awb-border-radius-bottom-left:0px;--awb-padding-top:20px;--awb-padding-bottom:20px;--awb-flex-wrap:wrap;\" ><div class=\"fusion-builder-row fusion-row\"><div class=\"fusion-layout-column fusion_builder_column fusion-builder-column-1 fusion_builder_column_2_5 2_5 fusion-two-fifth fusion-column-first\" style=\"--awb-bg-size:cover;--awb-margin-top:25px;width:37.6%; margin-right: 4%;\"><div class=\"fusion-column-wrapper fusion-column-has-shadow fusion-flex-column-wrapper-legacy\"><div class=\"fusion-image-element in-legacy-container\" style=\"--awb-caption-title-font-family:var(--h2_typography-font-family);--awb-caption-title-font-weight:var(--h2_typography-font-weight);--awb-caption-title-font-style:var(--h2_typography-font-style);--awb-caption-title-size:var(--h2_typography-font-size);--awb-caption-title-transform:var(--h2_typography-text-transform);--awb-caption-title-line-height:var(--h2_typography-line-height);--awb-caption-title-letter-spacing:var(--h2_typography-letter-spacing);\"><span class=\" fusion-imageframe imageframe-none imageframe-1 hover-type-none\"><a href=\"http:\/\/observatorioconurbano.ungs.edu.ar\/wp-content\/uploads\/ENCUESTA-ALQUILERES_Mesa-de-trabajo.png\" class=\"fusion-lightbox\" data-rel=\"iLightbox[766119a2a9063690e3c]\" data-title=\"ENCUESTA-ALQUILERES_Mesa-de-trabajo\" title=\"ENCUESTA-ALQUILERES_Mesa-de-trabajo\"><img decoding=\"async\" width=\"950\" height=\"634\" src=\"http:\/\/observatorioconurbano.ungs.edu.ar\/wp-content\/uploads\/ENCUESTA-ALQUILERES_Mesa-de-trabajo.png\" alt class=\"img-responsive wp-image-20426\" srcset=\"https:\/\/observatorioconurbano.ungs.edu.ar\/wp-content\/uploads\/ENCUESTA-ALQUILERES_Mesa-de-trabajo-200x133.png 200w, https:\/\/observatorioconurbano.ungs.edu.ar\/wp-content\/uploads\/ENCUESTA-ALQUILERES_Mesa-de-trabajo-400x267.png 400w, https:\/\/observatorioconurbano.ungs.edu.ar\/wp-content\/uploads\/ENCUESTA-ALQUILERES_Mesa-de-trabajo-600x400.png 600w, https:\/\/observatorioconurbano.ungs.edu.ar\/wp-content\/uploads\/ENCUESTA-ALQUILERES_Mesa-de-trabajo-800x534.png 800w, https:\/\/observatorioconurbano.ungs.edu.ar\/wp-content\/uploads\/ENCUESTA-ALQUILERES_Mesa-de-trabajo.png 950w\" sizes=\"(max-width: 731px) 100vw, 600px\" \/><\/a><\/span><\/div><div class=\"fusion-clearfix\"><\/div><\/div><\/div><div class=\"fusion-layout-column fusion_builder_column fusion-builder-column-2 fusion_builder_column_3_5 3_5 fusion-three-fifth fusion-column-last\" style=\"--awb-bg-size:cover;width:58.4%;\"><div class=\"fusion-column-wrapper fusion-flex-column-wrapper-legacy\"><div class=\"fusion-text fusion-text-2\" style=\"--awb-content-alignment:left;--awb-text-transform:none;--awb-margin-top:20px;--awb-text-font-family:Arial, Helvetica, sans-serif;--awb-text-font-style:normal;--awb-text-font-weight:400;\"><p><strong>\u00bfPodr\u00edas contarnos c\u00f3mo fue la experiencia de la primera encuesta bonaerense sobre alquileres? \u00bfC\u00f3mo surge y c\u00f3mo fue el proceso para realizarla?<\/strong><\/p>\n<\/div><div class=\"fusion-text fusion-text-3\" style=\"--awb-content-alignment:left;--awb-text-transform:none;--awb-margin-top:20px;--awb-text-font-family:Arial, Helvetica, sans-serif;--awb-text-font-style:normal;--awb-text-font-weight:400;\"><p>Para hablar un poco de esta experiencia me gustar\u00eda retomar el inicio del camino que recorrimos cuando en el 2020 se sancion\u00f3 la Ley de Alquileres. Entonces una decisi\u00f3n del gobierno de la provincia fue crear esta \u00e1rea para contar con informaci\u00f3n sobre las condiciones en las que se accede al alquiler en la provincia, teniendo en cuenta que la \u00fanica informaci\u00f3n disponible hasta el momento se recopila en los censos cada 10 a\u00f1os o en algunas encuestas eventuales que hace tambi\u00e9n la Direcci\u00f3n General de Estad\u00edstica. No hab\u00eda informaci\u00f3n de primera mano del Estado que recabe datos sobre arquitectura o vivienda en la provincia, fue entonces que planteamos la necesidad de realizar la encuesta.<\/p>\n<p>Estuvimos alrededor de un a\u00f1o planificando y armando un cuestionario que indaga distintas variables. Por un lado, nos focalizamos en la informaci\u00f3n sociodemogr\u00e1fica, conducci\u00f3n de hogares, ingresos y estudios; por otro lado ten\u00edamos todos los indicadores que ten\u00edan que ver con el alquiler como tipo de contrato, plazos, gastos en alquiler, dificultades en el acceso y condicionamientos. Al entrecruzar estas variables pudimos abordar un an\u00e1lisis sobre c\u00f3mo era el alquiler en la provincia de Buenos Aires.<\/p>\n<p>La encuesta se realiz\u00f3 de manera virtual, no cont\u00e1bamos con recursos como para hacer un barrido donde se aborde la totalidad de la provincia, entonces se decidi\u00f3 lanzarlo de manera virtual para tener una base y poder proyectar hacerla de nuevo m\u00e1s adelante.<\/p>\n<\/div><div class=\"fusion-text fusion-text-4\" style=\"--awb-content-alignment:left;--awb-text-transform:none;--awb-margin-top:20px;\"><p><strong>\u00bfPodr\u00edas comentarnos brevemente cuales son las conclusiones m\u00e1s significativas a las que llegaron? \u00bfC\u00f3mo es alquilar en la Provincia de Buenos Aires?<\/strong><\/p>\n<\/div><div class=\"fusion-text fusion-text-5\" style=\"--awb-text-transform:none;--awb-margin-top:20px;--awb-text-font-family:Arial, Helvetica, sans-serif;--awb-text-font-style:normal;--awb-text-font-weight:400;\"><p>La problem\u00e1tica en la provincia no es homog\u00e9nea. Al observar los resultados podemos ver que hay una tendencia respecto del tipo de vivienda que se alquila. En los grandes centros urbanos la oferta est\u00e1 focalizada en pisos o departamentos, mientras que en los municipios de menos de 50.000 o 100.000 habitantes la oferta est\u00e1 focalizada mayoritariamente es de vivienda con entrada individual, de casas, con mucho alquiler de due\u00f1o directo. Mientras que en los grandes centros urbanos se alquila por medio de intermediarios como inmobiliarias. Tambi\u00e9n hay un porcentaje importante de casos de trabajadores registrados con dificultades para acceder.<\/p>\n<p>Con respecto a la dimensi\u00f3n que tiene que ver con los modos o dificultades de acceso al alquiler vimos que aquellos que ten\u00edan intermediarios ten\u00edan gastos iniciales mucho m\u00e1s elevados que aquellos que alquilaban por un directo. En municipios m\u00e1s chicos no hab\u00eda tantas exigencias para ingresar al alquiler como en los grandes centros. Con respecto tambi\u00e9n a esta dimensi\u00f3n, hab\u00eda una pregunta particular sobre discriminaci\u00f3n donde uno de los motivos m\u00e1s se\u00f1alados eran los casos de madres solteras con hijos o hijas, un 41% de los casos que respondieron haber sufrido alg\u00fan tipo de discriminaci\u00f3n eran madres solteras.<\/p>\n<p>En cuanto a las condiciones habitacionales, analizamos la cantidad de personas por cuarto seg\u00fan el tipo de hogar. Entonces lo que pudimos ver es que las familias ampliadas o extendidas, o sea aquellas con mayor cantidad de integrantes, ten\u00edan una situaci\u00f3n de hacinamiento mayor que aquellas que eran parejas solas con hijos o hijas. Finalmente, una \u00faltima dimensi\u00f3n ten\u00eda que ver con el conocimiento de la Ley de Alquileres como una herramienta. Ah\u00ed lo que vimos era que aquellos que ten\u00edan contratos ajustados a la Ley de Alquileres ten\u00edan un conocimiento de sus derechos con respecto a aquellos que no la conoc\u00edan, y que repercut\u00eda en mayores irregularidades en los contratos de alquiler.<\/p>\n<\/div><div class=\"fusion-text fusion-text-6\" style=\"--awb-text-transform:none;--awb-margin-top:20px;\"><p><strong>\u00bfQu\u00e9 dificultades se encontraron en el acceso a la vivienda y en particular en el conurbano?<\/strong><\/p>\n<\/div><div class=\"fusion-text fusion-text-7\" style=\"--awb-text-transform:none;--awb-margin-top:20px;\"><p>Con respecto a dificultades de acceso, pudimos apreciar que en el caso de hogares con ingresos irregulares o con familias numerosas, hab\u00eda un tiempo de b\u00fasqueda mayor a aquellos hogares de personas solas o de parejas. Ah\u00ed se puede apreciar un factor sobre c\u00f3mo est\u00e1 focalizada la oferta, y es que en su gran mayor\u00eda se reparte en unidades peque\u00f1as, de monoambiente, de dos ambientes, y hasta tres ambientes.<\/p>\n<p>Por otro lado, en cuanto a las barreras de acceso, una de ellas es la discriminaci\u00f3n hacia madres solteras con hijos, y otra tiene que ver con el tema econ\u00f3mico. En el caso de aquellos que alquilan por inmobiliaria se reconoce una barrera al no contar con la gran cantidad de dinero que se pide para acceder a un alquiler. Recordemos que en la Provincia de Buenos Aires todav\u00eda la comisi\u00f3n inmobiliaria se le sigue cobrando al inquilino o a la parte locataria, aunque existe una ley provincial donde se define que la misma puede estar dividida en partes iguales. Adem\u00e1s, m\u00e1s all\u00e1 de otros gastos como la certificaci\u00f3n de firmas, se pide todav\u00eda el pago del sellado cuando tenemos una ley que define cu\u00e1les son los montos a pagar y en qu\u00e9 casos deber\u00eda estar exento. En la provincia de Buenos Aires se define que el sellado es para un alquiler donde la valuaci\u00f3n fiscal del inmueble no supere de 1.731.600 pesos. En la gran mayor\u00eda de los casos se sigue cobrando y todo eso hace que se tenga que pagar 3 o 4 veces el valor del alquiler para ingresar.<\/p>\n<p>Entonces, lo que podemos ver es que una amplia variedad de dificultades repercute directamente en el tiempo de b\u00fasqueda, y por el otro lado tambi\u00e9n incide en las posibilidades de alquilar y en el tener que vivir hacinados. En el conurbano nos encontramos con este tipo de casos, la encuesta obtuvo un 70% de respuestas provenientes de esta regi\u00f3n.<\/p>\n<\/div><div class=\"fusion-text fusion-text-8\" style=\"--awb-text-transform:none;--awb-margin-top:20px;\"><p><strong>\u00bfQu\u00e9 otros resultados les llamaron la atenci\u00f3n?<\/strong><\/p>\n<\/div><div class=\"fusion-text fusion-text-9\" style=\"--awb-text-transform:none;--awb-margin-top:20px;\"><p>Al analizar los resultados hubo un trabajo de recategorizar las variables y redefinir el escenario. Lo que da como resultado una realidad de acceso a la vivienda donde hay un porcentaje que ronda el 30-35% de los casos que caracterizamos con irregularidades en los contratos de alquiler. En algunos casos donde, por ejemplo, el intermediario era un due\u00f1o directo o en municipios m\u00e1s chicos las irregularidades eran mayores. Eso fue algo que nos sorprendi\u00f3, fue conocer c\u00f3mo es la realidad de los municipios de 50.000, 60.000 y 70.000 habitantes y c\u00f3mo es alquilar en municipios de 200.000 habitantes o m\u00e1s como Lan\u00fas, La Matanza o Avellaneda, donde hay una realidad urbana m\u00e1s amplia. La oferta se podr\u00eda decir que es mucho m\u00e1s homog\u00e9nea en cuanto a edificios de vivienda, construcci\u00f3n, desarrollos inmobiliarios, donde esa realidad se observa de manera m\u00e1s latente.<\/p>\n<\/div><div class=\"fusion-text fusion-text-10\" style=\"--awb-text-transform:none;--awb-margin-top:20px;\"><p><strong>Desde que se realiz\u00f3 la encuesta hasta el d\u00eda de hoy \u00bfC\u00f3mo crees que evolucion\u00f3 la situaci\u00f3n en funci\u00f3n de los cambios de normativa y econ\u00f3micos?<\/strong><\/p>\n<\/div><div class=\"fusion-text fusion-text-11\" style=\"--awb-text-transform:none;--awb-margin-top:20px;\"><p>Bueno, desde que se hizo la encuesta hasta ahora la situaci\u00f3n empeor\u00f3 much\u00edsimo. Hubo situaciones donde los propietarios empezaron a presionar a los inquilinos para cambiar las condiciones de los contratos para que se adecuen a la normativa del DNU que desregula el acceso al alquiler. Por otro lado, aquellos contratos que se firmaron en vigencia del DNU, a fines del 2023, tienen una situaci\u00f3n m\u00e1s grave en cuanto a los precios, porque los valores de renovaciones se han triplicado, los valores iniciales aumentaron, se han acortado los plazos para realizar aumentos y los contratos que antes duraban 3 a\u00f1os ahora duran 2 o 1 a\u00f1o. Con lo cual, vemos que esto aceler\u00f3 la inflaci\u00f3n de precios de alquiler. Antes con la Ley de Alquileres se estabilizaba el precio durante el contrato y era mucho m\u00e1s beneficioso para el inquilino porque no ten\u00eda que estar cada tres o cuatro meses atentos al aumento. Con anterioridad al DNU, observ\u00e1bamos un porcentaje de irregularidades de aproximadamente un 30% de los casos, esta realidad se agrav\u00f3 porque se institucionaliz\u00f3 la desregulaci\u00f3n de manera total, y empeor\u00f3 la situaci\u00f3n de acceso.<\/p>\n<\/div><div class=\"fusion-clearfix\"><\/div><\/div><\/div><\/div><\/div><\/p>\n","protected":false},"excerpt":{"rendered":"","protected":false},"author":2,"featured_media":20426,"comment_status":"closed","ping_status":"closed","sticky":false,"template":"","format":"standard","meta":{"_exactmetrics_skip_tracking":false,"_exactmetrics_sitenote_active":false,"_exactmetrics_sitenote_note":"","_exactmetrics_sitenote_category":0,"footnotes":""},"categories":[663,527],"tags":[],"class_list":["post-20425","post","type-post","status-publish","format-standard","has-post-thumbnail","hentry","category-entrevista-julio-2024","category-todas"],"_links":{"self":[{"href":"https:\/\/observatorioconurbano.ungs.edu.ar\/index.php?rest_route=\/wp\/v2\/posts\/20425","targetHints":{"allow":["GET"]}}],"collection":[{"href":"https:\/\/observatorioconurbano.ungs.edu.ar\/index.php?rest_route=\/wp\/v2\/posts"}],"about":[{"href":"https:\/\/observatorioconurbano.ungs.edu.ar\/index.php?rest_route=\/wp\/v2\/types\/post"}],"author":[{"embeddable":true,"href":"https:\/\/observatorioconurbano.ungs.edu.ar\/index.php?rest_route=\/wp\/v2\/users\/2"}],"replies":[{"embeddable":true,"href":"https:\/\/observatorioconurbano.ungs.edu.ar\/index.php?rest_route=%2Fwp%2Fv2%2Fcomments&post=20425"}],"version-history":[{"count":8,"href":"https:\/\/observatorioconurbano.ungs.edu.ar\/index.php?rest_route=\/wp\/v2\/posts\/20425\/revisions"}],"predecessor-version":[{"id":20434,"href":"https:\/\/observatorioconurbano.ungs.edu.ar\/index.php?rest_route=\/wp\/v2\/posts\/20425\/revisions\/20434"}],"wp:featuredmedia":[{"embeddable":true,"href":"https:\/\/observatorioconurbano.ungs.edu.ar\/index.php?rest_route=\/wp\/v2\/media\/20426"}],"wp:attachment":[{"href":"https:\/\/observatorioconurbano.ungs.edu.ar\/index.php?rest_route=%2Fwp%2Fv2%2Fmedia&parent=20425"}],"wp:term":[{"taxonomy":"category","embeddable":true,"href":"https:\/\/observatorioconurbano.ungs.edu.ar\/index.php?rest_route=%2Fwp%2Fv2%2Fcategories&post=20425"},{"taxonomy":"post_tag","embeddable":true,"href":"https:\/\/observatorioconurbano.ungs.edu.ar\/index.php?rest_route=%2Fwp%2Fv2%2Ftags&post=20425"}],"curies":[{"name":"wp","href":"https:\/\/api.w.org\/{rel}","templated":true}]}}