{"id":20382,"date":"2024-07-15T16:33:54","date_gmt":"2024-07-15T19:33:54","guid":{"rendered":"http:\/\/observatorioconurbano.ungs.edu.ar\/?p=20382"},"modified":"2024-08-23T08:50:13","modified_gmt":"2024-08-23T11:50:13","slug":"mas-30-experiencias-se-reunieron-seminario-taller-observatorios-socio-territoriales-america-latina-2-2-3-3-4-2-2-2-2-3-2-2-2-2-3-2-2-2-2-2-2-2-2-2-2-2-2-2-2-2-2-3-3-2-2-3-2-2-2-2-2-2-2-2-2-2-2-2-2-2-7","status":"publish","type":"post","link":"https:\/\/observatorioconurbano.ungs.edu.ar\/?p=20382","title":{"rendered":"Encuentro del Consejo Local de Promoci\u00f3n y Protecci\u00f3n de los derechos de los Ni\u00f1os, Ni\u00f1as y Adolescentes de San Miguel"},"content":{"rendered":"<div class=\"fusion-fullwidth fullwidth-box fusion-builder-row-1 nonhundred-percent-fullwidth non-hundred-percent-height-scrolling\" style=\"--awb-background-position:left top;--awb-border-sizes-top:0px;--awb-border-sizes-bottom:0px;--awb-border-sizes-left:0px;--awb-border-sizes-right:0px;--awb-border-radius-top-left:0px;--awb-border-radius-top-right:0px;--awb-border-radius-bottom-right:0px;--awb-border-radius-bottom-left:0px;--awb-padding-top:20px;--awb-padding-bottom:20px;--awb-flex-wrap:wrap;\" ><div class=\"fusion-builder-row fusion-row\"><div class=\"fusion-layout-column fusion_builder_column fusion-builder-column-0 fusion_builder_column_1_3 1_3 fusion-one-third fusion-column-first\" style=\"--awb-bg-size:cover;width:30.6666%; margin-right: 4%;\"><div class=\"fusion-column-wrapper fusion-flex-column-wrapper-legacy\"><div class=\"fusion-image-element in-legacy-container\" style=\"--awb-caption-title-font-family:var(--h2_typography-font-family);--awb-caption-title-font-weight:var(--h2_typography-font-weight);--awb-caption-title-font-style:var(--h2_typography-font-style);--awb-caption-title-size:var(--h2_typography-font-size);--awb-caption-title-transform:var(--h2_typography-text-transform);--awb-caption-title-line-height:var(--h2_typography-line-height);--awb-caption-title-letter-spacing:var(--h2_typography-letter-spacing);\"><span class=\" fusion-imageframe imageframe-none imageframe-1 hover-type-none\"><a href=\"http:\/\/observatorioconurbano.ungs.edu.ar\/wp-content\/uploads\/DSC02155.jpg\" class=\"fusion-lightbox\" data-rel=\"iLightbox[fe53e683fae84449811]\" data-title=\"DSC02155\" title=\"DSC02155\"><img decoding=\"async\" width=\"900\" height=\"603\" src=\"http:\/\/observatorioconurbano.ungs.edu.ar\/wp-content\/uploads\/DSC02155.jpg\" alt class=\"img-responsive wp-image-20384\" srcset=\"https:\/\/observatorioconurbano.ungs.edu.ar\/wp-content\/uploads\/DSC02155-200x134.jpg 200w, https:\/\/observatorioconurbano.ungs.edu.ar\/wp-content\/uploads\/DSC02155-400x268.jpg 400w, https:\/\/observatorioconurbano.ungs.edu.ar\/wp-content\/uploads\/DSC02155-600x402.jpg 600w, https:\/\/observatorioconurbano.ungs.edu.ar\/wp-content\/uploads\/DSC02155-800x536.jpg 800w, https:\/\/observatorioconurbano.ungs.edu.ar\/wp-content\/uploads\/DSC02155.jpg 900w\" sizes=\"(max-width: 731px) 100vw, 400px\" \/><\/a><\/span><\/div><div class=\"fusion-clearfix\"><\/div><\/div><\/div><div class=\"fusion-layout-column fusion_builder_column fusion-builder-column-1 fusion_builder_column_2_3 2_3 fusion-two-third fusion-column-last\" style=\"--awb-bg-size:cover;width:65.3333%;\"><div class=\"fusion-column-wrapper fusion-flex-column-wrapper-legacy\"><div class=\"fusion-text fusion-text-1 fusion-no-medium-visibility\" style=\"--awb-text-transform:none;\"><p><span style=\"font-weight: 400;\">El pasado 12 de julio se efectu\u00f3 la asamblea mensual del Consejo Local de Ni\u00f1ez y Adolescencia (CLNyA) del municipio de San Miguel donde el observatorio particip\u00f3 junto a Territorios en Acci\u00f3n, el Instituto del Conurbano y la Secretaria de Infancia y Familia de la Municipalidad de San Miguel. En el mismo se expusieron recursos para abordar la situaci\u00f3n de las organizaciones sociales del partido y se mostraron recursos para relevar datos del territorio en materia de ni\u00f1ez.\u00a0<\/span><\/p>\n<p><span style=\"font-weight: 400;\">El Instituto del Conurbano participa en el concejo desde 2019. Los Consejos Locales fueron creados a partir de la ley Provincial de Promoci\u00f3n y Protecci\u00f3n de Derechos de Ni\u00f1eces y Adolescencias N\u00ba 13.298, vigente a partir del a\u00f1o 2007, que acompa\u00f1\u00f3 los cambios normativos y de paradigma que impuls\u00f3 la Ley Nacional 26.061 del a\u00f1o 2005, y a partir de la cual se puso fin a m\u00e1s de noventa a\u00f1os del sistema tutelar, denominado \u201cPatronato de Menores\u201d, para dar paso a un sistema centrado en considerar a ni\u00f1os, ni\u00f1as y adolescente como sujetos plenos de derechos. Hist\u00f3ricamente, el patronato se bas\u00f3 en una concepci\u00f3n del ni\u00f1o o ni\u00f1a como objeto de intervenci\u00f3n, sin distinguir\u00a0 entre problemas sociales y penales, promoviendo la institucionalizaci\u00f3n de las infancias ante cualquier tipo de problem\u00e1tica y excluyendo la participaci\u00f3n de la sociedad civil en la formulaci\u00f3n de las pol\u00edticas p\u00fablicas, entre otras de sus caracter\u00edsticas.<\/span><\/p>\n<p><span style=\"font-weight: 400;\">Frente a ese paradigma, la nueva normativa promueve la participaci\u00f3n de actores sociales en la gesti\u00f3n p\u00fablica y, m\u00e1s particularmente, impulsa la conformaci\u00f3n de espacios intersectoriales y multiactorales de deliberaci\u00f3n, formulaci\u00f3n y control de la pol\u00edtica p\u00fablica: los Consejos Locales de Promoci\u00f3n y Protecci\u00f3n de Derechos de las Ni\u00f1eces y Adolescencias (CLNyA), que habilitan la intervenci\u00f3n activa de las organizaciones sociales del territorio. Esto involucra un accionar corresponsable entre diversos actores estatales y no estatales en la escala local para el abordaje de las problem\u00e1ticas de las ni\u00f1eces y adolescencias. Del CLNyA de San Miguel participan efectores de distintos programas y dispositivos municipales vinculados con la promoci\u00f3n y protecci\u00f3n de derechos, particularmente el Servicio Local que se concentra en la atenci\u00f3n de situaciones de vulneraci\u00f3n de derechos; programas provinciales (como Autonom\u00eda J\u00f3ven que trabaja con adolescentes alojados en dispositivos convivenciales o Envi\u00f3n, un programa socioeducativo dirigido a adolescentes en situaci\u00f3n de vulnerabilidad); efectores nacionales (como los equipos territoriales de la Secretar\u00eda Nacional de Ni\u00f1ez, Adolescencia y Familia -SENAF); diversas organizaciones sociales locales (que trabajan desde cuestiones relacionadas con los cuidados hasta problem\u00e1ticas de j\u00f3venes en conflicto con la ley penal, incluyendo en varias ocasiones la perspectiva de la educaci\u00f3n popular) y la Universidad. Adem\u00e1s, desde hace algunos a\u00f1os se promueve la participaci\u00f3n de ni\u00f1es y adolescentes en la definici\u00f3n de acciones del Consejo, quienes provienen de escuelas y sus centros de estudiantes, de organizaciones sociales o de programas estatales.\u00a0<\/span><\/p>\n<p><span style=\"font-weight: 400;\">Como parte de las tareas del CLNyA, en 2020 se construy\u00f3 un diagn\u00f3stico y un plan de acci\u00f3n con acompa\u00f1amiento de la Universidad, recientemente actualizado, sobre la situaci\u00f3n de las infancias y adolescencias en el distrito. En aquella oportunidad, el trabajo arroj\u00f3 como problem\u00e1ticas centrales el incremento de violencias contra ni\u00f1os, ni\u00f1as y adolescentes, la cuesti\u00f3n de la salud mental y el consumo problem\u00e1ticos de sustancias. Este a\u00f1o, adem\u00e1s de dichas problem\u00e1ticas tambi\u00e9n emerge como situaci\u00f3n cr\u00edtica\u00a0 el deterioro de las condiciones de vida de las familias que impacta en el trabajo de las instituciones y organizaciones. En ese marco, el\u00a0 plan de acci\u00f3n busca responder a estas problem\u00e1ticas y constituye un norte para ordenar el desarrollo de acciones y tareas. En este sentido, se realizar\u00e1 en el mes de septiembre una jornada de trabajo con j\u00f3venes para abordar estos temas e identificar estrategias comunes.\u00a0<\/span><\/p>\n<p><span style=\"font-weight: 400;\">En respuesta a las necesidades identificadas en el diagn\u00f3stico, en la \u00faltima asamblea el Concejo invit\u00f3 al Observatorio del Conurbano Bonaerense, representado por su coordinador,<\/span><a href=\"mailto:jlibrandi@campus.ungs.edu.ar\"><span style=\"font-weight: 400;\" data-rich-links=\"{\">Juan Librandi<\/span><\/a><span style=\"font-weight: 400;\">, y la responsable de comunicaci\u00f3n del mismo, Denise C\u00f3rdoba, para presentar las herramientas y los posibles usos de la informaci\u00f3n con los que cuenta el\u00a0 Observatorio para los efectores locales. Adem\u00e1s,\u00a0 se avanz\u00f3 en la identificaci\u00f3n de l\u00edneas de trabajo compartidas que nutren la agenda del CLNyA, como el bolet\u00edn \u201cPor qu\u00e9 no bajar la edad de punibilidad\u201d y \u201cLos Cuidados en el Conurbano Bonaerense\u201d. Asimismo, particip\u00f3 de esta asamblea la iniciativa Territorios en Acci\u00f3n, a trav\u00e9s de sus representantes de comunicaci\u00f3n Mariela Godoy y Natalia Ponce. Esta consiste en la construcci\u00f3n de un mapeo de organizaciones sociales de argentina, creado en contexto de pandemia para visibilizar el intenso trabajo asociativo de aquellos momentos y que hoy apunta a ser repositorio del heterog\u00e9neo y vasto universo de organizaciones sociales que realizan tareas muy diversas y complejas articulando mayoritariamente con los distintos niveles de gobierno. Luego de la presentaci\u00f3n del mapa y los productos elaborados a partir de la informaci\u00f3n, se invit\u00f3 a las organizaciones del distrito a sumarse y a utilizar la informaci\u00f3n disponible.\u00a0<\/span><\/p>\n<p><span style=\"font-weight: 400;\">Desde el Instituto del Conurbano se han efectuado diversas investigaciones con foco en las pol\u00edticas de infancias, que entran en di\u00e1logo con diversos espacios p\u00fablicos -como lo es el CNyA- donde se planifican, implementan o eval\u00faan pol\u00edticas p\u00fablicas. Algunas de ellas buscaron dar cuenta de\u00a0 los modos en que la propuesta de un enfoque basado en derechos, institucionalizada a partir de las nuevas legislaciones nacionales y provinciales en la materia actuaron como re-enmarque en las \u00e1reas municipales de ni\u00f1ez y adolescencia en el Conurbano Bonaerense. En otras, se puso el acento en las transformaciones en las modalidades de gesti\u00f3n p\u00fablica local que se desataron a partir de los cambios normativos referidos, evidenciando la presencia de una extensa trama interjurisdiccional y un marcado papel de les actores sociales. En este recorrido, la articulaci\u00f3n de los equipos de investigaci\u00f3n del ICO con el Estado en sus diversos niveles y con la trama social de actores emerge como un rasgo central de funci\u00f3n social de la universidad, que va m\u00e1s all\u00e1 de considerarlos\u00a0 \u201cinformantes claves\u201d y que encuentra en ellos usuarios y receptores cr\u00edticos de las producciones cuyo objetivo es aportar a la mejora de las pol\u00edticas p\u00fablicas en el territorio.\u00a0<\/span><\/p>\n<\/div><div class=\"fusion-clearfix\"><\/div><\/div><\/div><\/div><\/div>\n","protected":false},"excerpt":{"rendered":"","protected":false},"author":2,"featured_media":20384,"comment_status":"closed","ping_status":"closed","sticky":false,"template":"","format":"standard","meta":{"_exactmetrics_skip_tracking":false,"_exactmetrics_sitenote_active":false,"_exactmetrics_sitenote_note":"","_exactmetrics_sitenote_category":0,"footnotes":""},"categories":[249,202],"tags":[629,628,627],"class_list":["post-20382","post","type-post","status-publish","format-standard","has-post-thumbnail","hentry","category-actividades","category-agenda","tag-ico","tag-idei","tag-inaes"],"_links":{"self":[{"href":"https:\/\/observatorioconurbano.ungs.edu.ar\/index.php?rest_route=\/wp\/v2\/posts\/20382","targetHints":{"allow":["GET"]}}],"collection":[{"href":"https:\/\/observatorioconurbano.ungs.edu.ar\/index.php?rest_route=\/wp\/v2\/posts"}],"about":[{"href":"https:\/\/observatorioconurbano.ungs.edu.ar\/index.php?rest_route=\/wp\/v2\/types\/post"}],"author":[{"embeddable":true,"href":"https:\/\/observatorioconurbano.ungs.edu.ar\/index.php?rest_route=\/wp\/v2\/users\/2"}],"replies":[{"embeddable":true,"href":"https:\/\/observatorioconurbano.ungs.edu.ar\/index.php?rest_route=%2Fwp%2Fv2%2Fcomments&post=20382"}],"version-history":[{"count":9,"href":"https:\/\/observatorioconurbano.ungs.edu.ar\/index.php?rest_route=\/wp\/v2\/posts\/20382\/revisions"}],"predecessor-version":[{"id":20533,"href":"https:\/\/observatorioconurbano.ungs.edu.ar\/index.php?rest_route=\/wp\/v2\/posts\/20382\/revisions\/20533"}],"wp:featuredmedia":[{"embeddable":true,"href":"https:\/\/observatorioconurbano.ungs.edu.ar\/index.php?rest_route=\/wp\/v2\/media\/20384"}],"wp:attachment":[{"href":"https:\/\/observatorioconurbano.ungs.edu.ar\/index.php?rest_route=%2Fwp%2Fv2%2Fmedia&parent=20382"}],"wp:term":[{"taxonomy":"category","embeddable":true,"href":"https:\/\/observatorioconurbano.ungs.edu.ar\/index.php?rest_route=%2Fwp%2Fv2%2Fcategories&post=20382"},{"taxonomy":"post_tag","embeddable":true,"href":"https:\/\/observatorioconurbano.ungs.edu.ar\/index.php?rest_route=%2Fwp%2Fv2%2Ftags&post=20382"}],"curies":[{"name":"wp","href":"https:\/\/api.w.org\/{rel}","templated":true}]}}