{"id":20117,"date":"2024-04-26T17:18:20","date_gmt":"2024-04-26T20:18:20","guid":{"rendered":"http:\/\/observatorioconurbano.ungs.edu.ar\/?p=20117"},"modified":"2024-04-26T17:19:31","modified_gmt":"2024-04-26T20:19:31","slug":"mas-30-experiencias-se-reunieron-seminario-taller-observatorios-socio-territoriales-america-latina-2-2-3-3-4-2-2-2-2-3-2-2-2-2-3-2-2-2-2-2-2-2-2-2-2-2-2-2-2-2-2-3-3-2-2-3-2-2-2-2-2-2-2-2-2-2-2-2-2-2-5","status":"publish","type":"post","link":"https:\/\/observatorioconurbano.ungs.edu.ar\/?p=20117","title":{"rendered":"Vuelve el debate por la baja de edad de punibilidad"},"content":{"rendered":"<div class=\"fusion-fullwidth fullwidth-box fusion-builder-row-1 nonhundred-percent-fullwidth non-hundred-percent-height-scrolling\" style=\"--awb-background-position:left top;--awb-border-sizes-top:0px;--awb-border-sizes-bottom:0px;--awb-border-sizes-left:0px;--awb-border-sizes-right:0px;--awb-border-radius-top-left:0px;--awb-border-radius-top-right:0px;--awb-border-radius-bottom-right:0px;--awb-border-radius-bottom-left:0px;--awb-padding-top:20px;--awb-padding-bottom:20px;--awb-flex-wrap:wrap;\" ><div class=\"fusion-builder-row fusion-row\"><div class=\"fusion-layout-column fusion_builder_column fusion-builder-column-0 fusion_builder_column_1_3 1_3 fusion-one-third fusion-column-first\" style=\"--awb-bg-size:cover;width:30.6666%; margin-right: 4%;\"><div class=\"fusion-column-wrapper fusion-flex-column-wrapper-legacy\"><div class=\"fusion-image-element in-legacy-container\" style=\"--awb-caption-title-font-family:var(--h2_typography-font-family);--awb-caption-title-font-weight:var(--h2_typography-font-weight);--awb-caption-title-font-style:var(--h2_typography-font-style);--awb-caption-title-size:var(--h2_typography-font-size);--awb-caption-title-transform:var(--h2_typography-text-transform);--awb-caption-title-line-height:var(--h2_typography-line-height);--awb-caption-title-letter-spacing:var(--h2_typography-letter-spacing);\"><span class=\" fusion-imageframe imageframe-none imageframe-1 hover-type-none\"><a href=\"http:\/\/observatorioconurbano.ungs.edu.ar\/wp-content\/uploads\/Festival-Cordoba-No-baja-edad-imputabilidad-nena-ninio-ninia-nene-Colectivo-Manifiesto-03.jpg\" class=\"fusion-lightbox\" data-rel=\"iLightbox[37729dc0dbb60a96136]\"><img decoding=\"async\" width=\"900\" height=\"506\" alt=\"Festival-Cordoba-No-baja-edad-imputabilidad-nena-ninio-ninia-nene-Colectivo-Manifiesto-03\" src=\"http:\/\/observatorioconurbano.ungs.edu.ar\/wp-content\/uploads\/Festival-Cordoba-No-baja-edad-imputabilidad-nena-ninio-ninia-nene-Colectivo-Manifiesto-03.jpg\" class=\"img-responsive wp-image-20118\" srcset=\"https:\/\/observatorioconurbano.ungs.edu.ar\/wp-content\/uploads\/Festival-Cordoba-No-baja-edad-imputabilidad-nena-ninio-ninia-nene-Colectivo-Manifiesto-03-200x112.jpg 200w, https:\/\/observatorioconurbano.ungs.edu.ar\/wp-content\/uploads\/Festival-Cordoba-No-baja-edad-imputabilidad-nena-ninio-ninia-nene-Colectivo-Manifiesto-03-400x225.jpg 400w, https:\/\/observatorioconurbano.ungs.edu.ar\/wp-content\/uploads\/Festival-Cordoba-No-baja-edad-imputabilidad-nena-ninio-ninia-nene-Colectivo-Manifiesto-03-600x337.jpg 600w, https:\/\/observatorioconurbano.ungs.edu.ar\/wp-content\/uploads\/Festival-Cordoba-No-baja-edad-imputabilidad-nena-ninio-ninia-nene-Colectivo-Manifiesto-03-800x450.jpg 800w, https:\/\/observatorioconurbano.ungs.edu.ar\/wp-content\/uploads\/Festival-Cordoba-No-baja-edad-imputabilidad-nena-ninio-ninia-nene-Colectivo-Manifiesto-03.jpg 900w\" sizes=\"(max-width: 731px) 100vw, 400px\" \/><\/a><\/span><\/div><div class=\"fusion-clearfix\"><\/div><\/div><\/div><div class=\"fusion-layout-column fusion_builder_column fusion-builder-column-1 fusion_builder_column_2_3 2_3 fusion-two-third fusion-column-last\" style=\"--awb-bg-size:cover;width:65.3333%;\"><div class=\"fusion-column-wrapper fusion-flex-column-wrapper-legacy\"><div class=\"fusion-text fusion-text-1\" style=\"--awb-content-alignment:left;--awb-text-transform:none;\"><p style=\"text-align: left;\">26-04-2024<\/p>\n<p>El pasado jueves 25 de abril Guillermo Orizaola, Licenciado en Pol\u00edtica social, particip\u00f3 en Radio FM La Uni para hablar sobre la discusi\u00f3n p\u00fablica en relaci\u00f3n a la baja de carcel en nuestro pa\u00eds y la necesidad de modificaci\u00f3n del R\u00e9gimen Penal Juvenil. Adem\u00e1s present\u00f3 el nuevo bolet\u00edn del Observatorio del Conurbano con an\u00e1lisis y estad\u00edsticas sobre la inseguridad en relaci\u00f3n con las ni\u00f1eces y adolescencias.<\/p>\n<p>Escuch\u00e1 la entrevista completa ac\u00e1:<\/p>\n<p><a href=\"https:\/\/ar.radiocut.fm\/audiocut\/debate-por-baja-edad-punibilidad-entrevista-a-guillermo-orizaola\/\" target=\"_blank\" rel=\"noopener noreferrer\" data-saferedirecturl=\"https:\/\/www.google.com\/url?q=https:\/\/ar.radiocut.fm\/audiocut\/debate-por-baja-edad-punibilidad-entrevista-a-guillermo-orizaola\/&amp;source=gmail&amp;ust=1714240492518000&amp;usg=AOvVaw2KLV605oMHhFu8r7GlFADx\">https:\/\/ar.radiocut.fm\/<wbr \/>audiocut\/debate-por-baja-edad-<wbr \/>punibilidad-entrevista-a-<wbr \/>guillermo-orizaola\/<\/a><\/p>\n<\/div><div class=\"fusion-clearfix\"><\/div><\/div><\/div><\/div><\/div>\n","protected":false},"excerpt":{"rendered":"","protected":false},"author":2,"featured_media":20118,"comment_status":"closed","ping_status":"closed","sticky":false,"template":"","format":"standard","meta":{"_exactmetrics_skip_tracking":false,"_exactmetrics_sitenote_active":false,"_exactmetrics_sitenote_note":"","_exactmetrics_sitenote_category":0,"footnotes":""},"categories":[249,202],"tags":[629,628,627],"class_list":["post-20117","post","type-post","status-publish","format-standard","has-post-thumbnail","hentry","category-actividades","category-agenda","tag-ico","tag-idei","tag-inaes"],"_links":{"self":[{"href":"https:\/\/observatorioconurbano.ungs.edu.ar\/index.php?rest_route=\/wp\/v2\/posts\/20117","targetHints":{"allow":["GET"]}}],"collection":[{"href":"https:\/\/observatorioconurbano.ungs.edu.ar\/index.php?rest_route=\/wp\/v2\/posts"}],"about":[{"href":"https:\/\/observatorioconurbano.ungs.edu.ar\/index.php?rest_route=\/wp\/v2\/types\/post"}],"author":[{"embeddable":true,"href":"https:\/\/observatorioconurbano.ungs.edu.ar\/index.php?rest_route=\/wp\/v2\/users\/2"}],"replies":[{"embeddable":true,"href":"https:\/\/observatorioconurbano.ungs.edu.ar\/index.php?rest_route=%2Fwp%2Fv2%2Fcomments&post=20117"}],"version-history":[{"count":1,"href":"https:\/\/observatorioconurbano.ungs.edu.ar\/index.php?rest_route=\/wp\/v2\/posts\/20117\/revisions"}],"predecessor-version":[{"id":20119,"href":"https:\/\/observatorioconurbano.ungs.edu.ar\/index.php?rest_route=\/wp\/v2\/posts\/20117\/revisions\/20119"}],"wp:featuredmedia":[{"embeddable":true,"href":"https:\/\/observatorioconurbano.ungs.edu.ar\/index.php?rest_route=\/wp\/v2\/media\/20118"}],"wp:attachment":[{"href":"https:\/\/observatorioconurbano.ungs.edu.ar\/index.php?rest_route=%2Fwp%2Fv2%2Fmedia&parent=20117"}],"wp:term":[{"taxonomy":"category","embeddable":true,"href":"https:\/\/observatorioconurbano.ungs.edu.ar\/index.php?rest_route=%2Fwp%2Fv2%2Fcategories&post=20117"},{"taxonomy":"post_tag","embeddable":true,"href":"https:\/\/observatorioconurbano.ungs.edu.ar\/index.php?rest_route=%2Fwp%2Fv2%2Ftags&post=20117"}],"curies":[{"name":"wp","href":"https:\/\/api.w.org\/{rel}","templated":true}]}}