{"id":19524,"date":"2023-10-27T18:41:50","date_gmt":"2023-10-27T21:41:50","guid":{"rendered":"http:\/\/observatorioconurbano.ungs.edu.ar\/?p=19524"},"modified":"2023-12-20T14:28:10","modified_gmt":"2023-12-20T17:28:10","slug":"7475-2-2-2-2-2-2-2-3-2-5-2-2-2-2-2-2-2","status":"publish","type":"post","link":"https:\/\/observatorioconurbano.ungs.edu.ar\/?p=19524","title":{"rendered":"\u201cEsta elecci\u00f3n vuelve a ratificar al Conurbano como basti\u00f3n del peronismo\u201d. Elecciones generales 2023"},"content":{"rendered":"<p><div class=\"fusion-fullwidth fullwidth-box fusion-builder-row-1 nonhundred-percent-fullwidth non-hundred-percent-height-scrolling\" style=\"--awb-background-position:left top;--awb-border-sizes-top:0px;--awb-border-sizes-bottom:0px;--awb-border-sizes-left:0px;--awb-border-sizes-right:0px;--awb-border-radius-top-left:0px;--awb-border-radius-top-right:0px;--awb-border-radius-bottom-right:0px;--awb-border-radius-bottom-left:0px;--awb-padding-top:20px;--awb-padding-bottom:20px;--awb-background-color:#ffe8ca;--awb-flex-wrap:wrap;\" ><div class=\"fusion-builder-row fusion-row\"><div class=\"fusion-layout-column fusion_builder_column fusion-builder-column-0 fusion_builder_column_1_1 1_1 fusion-one-full fusion-column-first fusion-column-last\" style=\"--awb-padding-right:20px;--awb-padding-left:20px;--awb-bg-size:cover;--awb-margin-top:25px;\"><div class=\"fusion-column-wrapper fusion-flex-column-wrapper-legacy\"><div class=\"fusion-text fusion-text-1 fusion-text-no-margin\" style=\"--awb-content-alignment:justify;--awb-text-transform:none;--awb-margin-top:20px;--awb-margin-bottom:25px;--awb-text-font-family:Arial, Helvetica, sans-serif;--awb-text-font-style:normal;--awb-text-font-weight:400;\"><h3><strong>Entrevista a B\u00e1rbara Couto, Decana del ICO UNGS<\/strong><\/h3>\n<\/div><div class=\"fusion-text fusion-text-2\" style=\"--awb-content-alignment:left;--awb-text-transform:none;--awb-margin-top:20px;--awb-text-font-family:Arial, Helvetica, sans-serif;--awb-text-font-style:normal;--awb-text-font-weight:400;\"><p><strong>Como se public\u00f3 en la <\/strong><a href=\"http:\/\/observatorioconurbano.ungs.edu.ar\/?p=19494\" target=\"_blank\" rel=\"noopener noreferrer\"><strong>nota del Observatorio del Conurbano <\/strong><\/a><strong>el 27 de octubre, el Conurbano Bonaerense<\/strong> <strong>eligi\u00f3 a Massa como presidente; aunque hay que esperar el resultado del balotaje, Massa podr\u00eda ser el primer presidente que ha transitado una Intendencia del Conurbano. Desde el Ministerio de Econom\u00eda, y en medio de una crisis macroecon\u00f3mica importante, el candidato ha logrado sumar buena cantidad de adhesiones del electorado. Uno de los factores que contribuyen a esto es que en esta elecci\u00f3n a diferencia de las anteriores, es la estabilidad democracia y la paz social, lo que est\u00e1 en juego. <\/strong><\/p>\n<\/div><div class=\"fusion-clearfix\"><\/div><\/div><\/div><\/div><\/div><div class=\"fusion-fullwidth fullwidth-box fusion-builder-row-2 nonhundred-percent-fullwidth non-hundred-percent-height-scrolling\" style=\"--awb-background-position:left top;--awb-border-sizes-top:0px;--awb-border-sizes-bottom:0px;--awb-border-sizes-left:0px;--awb-border-sizes-right:0px;--awb-border-radius-top-left:0px;--awb-border-radius-top-right:0px;--awb-border-radius-bottom-right:0px;--awb-border-radius-bottom-left:0px;--awb-padding-top:20px;--awb-padding-bottom:20px;--awb-flex-wrap:wrap;\" ><div class=\"fusion-builder-row fusion-row\"><div class=\"fusion-layout-column fusion_builder_column fusion-builder-column-1 fusion_builder_column_2_5 2_5 fusion-two-fifth fusion-column-first\" style=\"--awb-bg-size:cover;--awb-margin-top:25px;width:37.6%; margin-right: 4%;\"><div class=\"fusion-column-wrapper fusion-column-has-shadow fusion-flex-column-wrapper-legacy\"><div class=\"fusion-image-element fusion-image-align-center in-legacy-container\" style=\"text-align:center;--awb-caption-title-font-family:var(--h2_typography-font-family);--awb-caption-title-font-weight:var(--h2_typography-font-weight);--awb-caption-title-font-style:var(--h2_typography-font-style);--awb-caption-title-size:var(--h2_typography-font-size);--awb-caption-title-transform:var(--h2_typography-text-transform);--awb-caption-title-line-height:var(--h2_typography-line-height);--awb-caption-title-letter-spacing:var(--h2_typography-letter-spacing);\"><div class=\"imageframe-align-center\"><span class=\" fusion-imageframe imageframe-none imageframe-1 hover-type-none\" style=\"border:1px solid #e8e8e8;\"><a href=\"http:\/\/observatorioconurbano.ungs.edu.ar\/wp-content\/uploads\/PORTADA-NOTAS-02-1.jpg\" class=\"fusion-lightbox\" data-rel=\"iLightbox[c5d3810b119d7fbbe80]\"><img decoding=\"async\" width=\"750\" height=\"501\" alt=\"PORTADA-NOTAS-02\" src=\"http:\/\/observatorioconurbano.ungs.edu.ar\/wp-content\/uploads\/PORTADA-NOTAS-02-1.jpg\" class=\"img-responsive wp-image-19753\" srcset=\"https:\/\/observatorioconurbano.ungs.edu.ar\/wp-content\/uploads\/PORTADA-NOTAS-02-1-200x134.jpg 200w, https:\/\/observatorioconurbano.ungs.edu.ar\/wp-content\/uploads\/PORTADA-NOTAS-02-1-400x267.jpg 400w, https:\/\/observatorioconurbano.ungs.edu.ar\/wp-content\/uploads\/PORTADA-NOTAS-02-1-600x401.jpg 600w, https:\/\/observatorioconurbano.ungs.edu.ar\/wp-content\/uploads\/PORTADA-NOTAS-02-1.jpg 750w\" sizes=\"(max-width: 731px) 100vw, 600px\" \/><\/a><\/span><\/div><\/div><div class=\"fusion-text fusion-text-3\" style=\"--awb-text-transform:none;\"><p><em>Foto realizada por Maximiliano Vernazza<\/em><\/p>\n<\/div><div class=\"fusion-clearfix\"><\/div><\/div><\/div><div class=\"fusion-layout-column fusion_builder_column fusion-builder-column-2 fusion_builder_column_3_5 3_5 fusion-three-fifth fusion-column-last\" style=\"--awb-bg-size:cover;width:58.4%;\"><div class=\"fusion-column-wrapper fusion-flex-column-wrapper-legacy\"><div class=\"fusion-text fusion-text-4\" style=\"--awb-content-alignment:left;--awb-text-transform:none;--awb-margin-top:20px;--awb-text-font-family:Arial, Helvetica, sans-serif;--awb-text-font-style:normal;--awb-text-font-weight:400;\"><p><strong>El escenario era incierto hasta el domingo. El esquema de tercios se mantuvo. Qu\u00e9 lectura podemos hacer a la luz del resultado.<\/strong><\/p>\n<\/div><div class=\"fusion-text fusion-text-5\" style=\"--awb-content-alignment:left;--awb-text-transform:none;--awb-margin-top:20px;--awb-text-font-family:Arial, Helvetica, sans-serif;--awb-text-font-style:normal;--awb-text-font-weight:400;\"><p>BC: Primero, <strong>esta elecci\u00f3n vuelve a ratificar al Conurbano como basti\u00f3n del Peronismo<\/strong>. Segundo, esta elecci\u00f3n cambia la configuraci\u00f3n de partidos en Argentina. Viendo el mapa de resultados, en el conurbano los Intendentes de Uni\u00f3n por la Patria tuvieron un muy buen desempe\u00f1o, con diferencias en promedio de 20 &#8211; 30 puntos respecto a segundas fuerzas (JxC o LLA). JxC se desdibuja cada vez m\u00e1s, retienen Vicente L\u00f3pez, San Isidro y Tres de Febrero con amplias diferencias, pero pierde Lan\u00fas que gobern\u00f3 dos administraciones, y tampoco logra retener los votos de las PASO en Mor\u00f3n e Ituzaing\u00f3, distritos que siguen siendo peronistas con Lucas Ghi y Pablo Descalzo quienes revierten en campa\u00f1a el escenario de las PASO. Ahora, hay un fen\u00f3meno que habr\u00e1 que codificar con calma. Es el voto en blanco de 7% -promedio- en la regi\u00f3n y que supera el 10% en municipios como Merlo, San Miguel, Jos\u00e9 C. Paz o Florencio Varela. Siendo que el voto en blanco a Presidente es muy inferior -del orden del 2%-hay que ver c\u00f3mo se explica ese componente de desilusi\u00f3n con la elecci\u00f3n a Intendente.<\/p>\n<p>Respecto a la elecci\u00f3n provincial, sin dudas el actual Gobernador obtuvo una victoria contundente con una diferencia de 16 puntos respecto de Grindetti de JxC. Gan\u00f3 121 municipios de la provincia, de los cuales 24 son del conurbano y 97 pertenecen al interior, de modo que logra interpelar a un votante de ciudades medianas y zonas rurales, es decir a un electorado que no adhiere tradicionalmente al peronismo, lo cual es un m\u00e9rito adicional que hay que reconocer.<\/p>\n<p>En cuanto a la elecci\u00f3n presidencial, el Ministro de Econom\u00eda y candidato de UxP, Sergio Massa hizo una elecci\u00f3n extraordinariamente buena comparada con el desempe\u00f1o en las PASO. Teniendo en cuenta la dificultad de ser candidato mientras gobierna una crisis macroecon\u00f3mica significativa. A nivel nacional obtiene el 36% de los votos y en particular en el Conurbano obtuvo buenos resultados incluso en distritos cuyas intendencias quedaron en manos de JXC como Tres de Febrero o San Miguel, con un importante corte de boleta.<\/p>\n<\/div><div class=\"fusion-text fusion-text-6\" style=\"--awb-content-alignment:left;--awb-text-transform:none;--awb-margin-top:20px;\"><p><strong>Massa es un candidato a presidente que fue Intendente del Conurbano hasta 2013. \u00bfQu\u00e9 lectura podemos hacer en ese sentido?<\/strong><\/p>\n<\/div><div class=\"fusion-text fusion-text-7\" style=\"--awb-text-transform:none;--awb-margin-top:20px;--awb-text-font-family:Arial, Helvetica, sans-serif;--awb-text-font-style:normal;--awb-text-font-weight:400;\"><p>Si pensamos en las trayectorias de los candidatos, y haciendo un poco de memoria, vemos que dos de los presidentes antecesores proven\u00edan de la Ciudad de Buenos Aires (De la Rua y Macri) o de provincias ajenas a la zona n\u00facleo como La Rioja o Santa Cruz (Menem y Kirchner, respectivamente). <strong><em>Massa ser\u00eda el primer presidente que ha transitado una Intendencia del Conurbano<\/em><\/strong>. Si bien en el pasado tuvo una trayectoria por oficinas y cargos relevantes de jurisdicci\u00f3n nacional como ANSES y Jefatura de Gabinete junto a Fern\u00e1ndez de Kirchner, su rol como jefe comunal en Tigre fue la antesala de una acumulaci\u00f3n que deriv\u00f3 en la formaci\u00f3n del Frente Renovador. Hay que recordar que esa fuerza pol\u00edtica en 2013 hab\u00eda ganado en 19 distritos en las elecciones a diputados en el conurbano. Es decir, es un candidato con fuerte arraigo y conocimiento de nuestra regi\u00f3n.<\/p>\n<\/div><div class=\"fusion-text fusion-text-8\" style=\"--awb-text-transform:none;--awb-margin-top:20px;\"><p><strong>\u00bfC\u00f3mo le\u00e9s los resultados de las Generales y qu\u00e9 perspectivas abren para la Argentina las candidaturas de Javier Milei y Sergio Massa de cara al balotaje?<\/strong><\/p>\n<\/div><div class=\"fusion-text fusion-text-9\" style=\"--awb-text-transform:none;--awb-margin-top:20px;\"><p>Creo que las elecciones Generales y un an\u00e1lisis comparativo con las PASO deben ser le\u00eddos como una tendencia, es decir como un conjunto de adhesiones a Massa en ascenso; a Milei, cercanas a un techo y respecto de JxC, como adhesiones en descenso debido a la grave crisis de liderazgos y de identidad partidaria, que frente a este escenario de fuerte derechizaci\u00f3n del espectro pol\u00edtico, desorienta a sus electores. Porque algo que no esper\u00e1bamos es que <strong><em>la derecha logr\u00f3 correr el eje de preocupaciones, de la estabilidad macroecon\u00f3mica a la estabilidad democr\u00e1tica<\/em><\/strong>. Es decir, nadie quiere una inflaci\u00f3n de 160% o un d\u00f3lar a 1000 pesos, pero la ciudadan\u00eda creo que dej\u00f3 en claro que mucho menos quiere una Argentina con violencia, sin di\u00e1logo social, prepotente y delirante. Esa alarma la encendi\u00f3 la derecha extrema, no exist\u00eda como una amenaza real, y creo que deja a Massa en el lugar de ser una alternativa razonable para amplios sectores, aunque no sea la m\u00e1s deseable para algunos sectores. Y en ese marco, el modelo que Massa propone de \u201cunidad nacional con eje en las exportaciones\u201d es un modelo muy claro que se diferencia del modelo que propone Milei, y que potencialmente podr\u00eda terminar con la Argentina pendular, la Argentina de la grieta, aquella que con cada gobierno baraja y da de nuevo. Si desarma los clivajes bin\u00f3micos o dilem\u00e1ticos que hist\u00f3ricamente han obturado procesos de aprendizaje institucional, Massa podr\u00eda significar un parteaguas de la historia de nuestro pa\u00eds.<\/p>\n<\/div><div class=\"fusion-text fusion-text-10\" style=\"--awb-text-transform:none;--awb-margin-top:20px;\"><p><strong>Hab\u00edas se\u00f1alado que esta elecci\u00f3n cambia la configuraci\u00f3n de fuerzas pol\u00edticas en Argentina. Esto est\u00e1 ocurriendo ahora mismo. \u00bfC\u00f3mo ves ese proceso de cara al balotaje? <\/strong><\/p>\n<\/div><div class=\"fusion-text fusion-text-11\" style=\"--awb-text-transform:none;--awb-margin-top:20px;\"><p>Hay dos cuestiones que creo son centrales respecto al mapa pol\u00edtico partidario de la regi\u00f3n y del pa\u00eds. Una es la relaci\u00f3n entre liderazgos y candidaturas dentro de cada partido. Creo que UxP est\u00e1 mostr\u00e1ndose h\u00e1bil, est\u00e1 gestando una sucesi\u00f3n de liderazgos, al menos en campa\u00f1a, sin fisuras y\u00a0 que muestra responsabilidad de la dirigencia y disciplina partidaria. JxC, por el contrario, est\u00e1 siendo torpe, trastabillando constantemente, tiene liderazgos partidos, est\u00e1 mostrando una gran dificultad para aglutinar una agenda propositiva y de di\u00e1logo al insistir en identificarse solamente con el \u201cantikirchnerismo\u201d. Al alinearse con la derecha extrema deja a gran parte de la dirigencia que lo compon\u00eda, por fuera. Igualmente, habr\u00e1 que ver qui\u00e9n se queda con el sello de JxC, qui\u00e9n deja afuera a qui\u00e9n. Lo que s\u00ed es seguro es que <strong><em>el resultado de las Generales cambia la configuraci\u00f3n pol\u00edtico partidaria <\/em><\/strong>y que al Radicalismo se le presenta una oportunidad de ocupar un rol relevante dentro de la oposici\u00f3n al resignificar su identidad en torno a la defensa de las instituciones democr\u00e1ticas.<\/p>\n<\/div><div class=\"fusion-text fusion-text-12\" style=\"--awb-text-transform:none;--awb-margin-top:20px;\"><p><strong>Y en el conurbano, \u00bfc\u00f3mo queda configurado el mapa pol\u00edtico partidario de intendentes despu\u00e9s de las PASO y las Generales?<\/strong><\/p>\n<\/div><div class=\"fusion-text fusion-text-13\" style=\"--awb-text-transform:none;--awb-margin-top:20px;\"><p>Ah\u00ed cabe una primera pregunta, c\u00f3mo arrastra lo nacional a lo local y viceversa, lo local a lo nacional y el corte de boleta algo expresa en ese sentido. La debilidad m\u00e1s patente de JxC se manifest\u00f3 en San Miguel y Tres de Febrero cuyos intendentes hicieron una muy buena elecci\u00f3n pero Bullrich qued\u00f3 muy por debajo de Massa. Se pueden encontrar explicaciones en una mala campa\u00f1a de Bullrich, en una buena campa\u00f1a de Massa, pero creo que la trayectoria de Massa como referente reconocido y con experiencia en la gesti\u00f3n local de la regi\u00f3n ha jugado un rol.<\/p>\n<p>Por otro lado, <strong><em>respecto a la configuraci\u00f3n del mapa pol\u00edtico, los diferentes clivajes dentro del peronismo conurbanense muestran un gran dinamismo, en parte debido a la proyecci\u00f3n y trayectorias pol\u00edticas de los referentes de esta regi\u00f3n en cargos de nivel nacional o provincial<\/em><\/strong>, que en algunos casos les permite escalar posiciones y en otros casos, perderlas.<\/p>\n<p>En Lan\u00fas, UxP recupera la Intendencia de la mano del camporista Juli\u00e1n \u00c1lvarez, quien hab\u00eda sido designado secretario de Justicia de la Naci\u00f3n en 2010. Grindetti pierde Lan\u00fas por proyectarse como Gobernador de JxC, despu\u00e9s de dos gestiones consecutivas en el nivel local.<\/p>\n<p>En Hurlingham, del mismo espacio C\u00e1mpora, vence Dami\u00e1n Selci, que hab\u00eda sido presidente del Concejo Deliberante del distrito cuando gobernaba Zabaleta. Selci sale victorioso luego de imponerse en una dur\u00edsima interna con el ex intendente peronista, quien se hab\u00eda alejado del gobierno municipal para asumir el Ministerio de Desarrollo Social con Alberto Fern\u00e1ndez.<\/p>\n<p>En Avellaneda gana por un importante margen Ferraresi, quien hab\u00eda sido hasta hace un a\u00f1o el ministro de Desarrollo Territorial y H\u00e1bitat de Naci\u00f3n y hab\u00eda decidido volver para retener ese distrito.<\/p>\n<p>En Lomas de Zamora Oterm\u00edn, el candidato de Insaurralde, retuvo con buena performance la intendencia pese a los esc\u00e1ndalos trascendidos recientes en torno al ex intendente, en su paso por la Jefatura de Gabinete de Kicillof.<\/p>\n<p>En Tigre, luego de una interna dur\u00edsima con Malena Galmarini, Julio Zamora volvi\u00f3 a coronarse como Intendente. Las vueltas de la pol\u00edtica, en la tierra donde nace el Frente Renovador, fuerza pol\u00edtica creada por Sergio Massa, \u00e9ste no logra imponer a su esposa Malena Galmarini, como candidata. Su proyecci\u00f3n nacional hoy como Ministro de Econom\u00eda es indiscutida. Resta ver en el balotaje c\u00f3mo resulta en definitiva este gran salto a la presidencia de la naci\u00f3n.<\/p>\n<\/div><div class=\"fusion-text fusion-text-14\" style=\"--awb-text-transform:none;--awb-margin-top:40px;\"><h3>Ver los links:<\/h3>\n<\/div><div class=\"fusion-text fusion-text-15\" style=\"--awb-text-transform:none;\"><p><a href=\"http:\/\/observatorioconurbano.ungs.edu.ar\/?p=19494\" target=\"_blank\" rel=\"noopener noreferrer\">Resultado de las Elecciones Generales de octubre de 2023. El Conurbano Bonaerense eligi\u00f3 a Massa en primera vuelta.<\/a><\/p>\n<\/div><div class=\"fusion-text fusion-text-16\" style=\"--awb-text-transform:none;\"><p>Tablas de <a href=\"http:\/\/observatorioconurbano.ungs.edu.ar\/?p=19543\" target=\"_blank\" rel=\"noopener noreferrer\">Resultados de las elecciones nacionales a Presidente, PASO y Generales 2023<\/a><\/p>\n<\/div><div class=\"fusion-text fusion-text-17\" style=\"--awb-text-transform:none;\"><p>Tablas de <a href=\"http:\/\/observatorioconurbano.ungs.edu.ar\/?p=19539\" target=\"_blank\" rel=\"noopener noreferrer\">Resultados de las elecciones a intendente, PASO y Generales 2023<\/a><\/p>\n<\/div><div class=\"fusion-clearfix\"><\/div><\/div><\/div><\/div><\/div><\/p>\n<!-- WP Attachments -->\r\n        <div style=\"width:100%;margin:10px 0 10px 0;\">\r\n            <h3>Documentos<\/h3>\r\n        <ul class=\"post-attachments\"><li class=\"post-attachment mime-application-pdf\">                                                                                                                                                                                                                                                                              <a target=\"_blank\" rel=\"noopener noreferrer\" href=\"https:\/\/observatorioconurbano.ungs.edu.ar\/?p=19524&#038;download=19558\">Entrevista-a-Barbara-Couto<\/a> <\/li><\/ul><\/div>","protected":false},"excerpt":{"rendered":"<p>Documentos Entrevista-a-Barbara-Couto<\/p>\n","protected":false},"author":2,"featured_media":19753,"comment_status":"closed","ping_status":"closed","sticky":false,"template":"","format":"standard","meta":{"_exactmetrics_skip_tracking":false,"_exactmetrics_sitenote_active":false,"_exactmetrics_sitenote_note":"","_exactmetrics_sitenote_category":0,"footnotes":""},"categories":[649,527],"tags":[],"class_list":["post-19524","post","type-post","status-publish","format-standard","has-post-thumbnail","hentry","category-entrevista-octubre-2023","category-todas"],"_links":{"self":[{"href":"https:\/\/observatorioconurbano.ungs.edu.ar\/index.php?rest_route=\/wp\/v2\/posts\/19524","targetHints":{"allow":["GET"]}}],"collection":[{"href":"https:\/\/observatorioconurbano.ungs.edu.ar\/index.php?rest_route=\/wp\/v2\/posts"}],"about":[{"href":"https:\/\/observatorioconurbano.ungs.edu.ar\/index.php?rest_route=\/wp\/v2\/types\/post"}],"author":[{"embeddable":true,"href":"https:\/\/observatorioconurbano.ungs.edu.ar\/index.php?rest_route=\/wp\/v2\/users\/2"}],"replies":[{"embeddable":true,"href":"https:\/\/observatorioconurbano.ungs.edu.ar\/index.php?rest_route=%2Fwp%2Fv2%2Fcomments&post=19524"}],"version-history":[{"count":14,"href":"https:\/\/observatorioconurbano.ungs.edu.ar\/index.php?rest_route=\/wp\/v2\/posts\/19524\/revisions"}],"predecessor-version":[{"id":19754,"href":"https:\/\/observatorioconurbano.ungs.edu.ar\/index.php?rest_route=\/wp\/v2\/posts\/19524\/revisions\/19754"}],"wp:featuredmedia":[{"embeddable":true,"href":"https:\/\/observatorioconurbano.ungs.edu.ar\/index.php?rest_route=\/wp\/v2\/media\/19753"}],"wp:attachment":[{"href":"https:\/\/observatorioconurbano.ungs.edu.ar\/index.php?rest_route=%2Fwp%2Fv2%2Fmedia&parent=19524"}],"wp:term":[{"taxonomy":"category","embeddable":true,"href":"https:\/\/observatorioconurbano.ungs.edu.ar\/index.php?rest_route=%2Fwp%2Fv2%2Fcategories&post=19524"},{"taxonomy":"post_tag","embeddable":true,"href":"https:\/\/observatorioconurbano.ungs.edu.ar\/index.php?rest_route=%2Fwp%2Fv2%2Ftags&post=19524"}],"curies":[{"name":"wp","href":"https:\/\/api.w.org\/{rel}","templated":true}]}}