{"id":19309,"date":"2023-09-04T20:02:50","date_gmt":"2023-09-04T23:02:50","guid":{"rendered":"http:\/\/observatorioconurbano.ungs.edu.ar\/?p=19309"},"modified":"2023-09-29T21:50:57","modified_gmt":"2023-09-30T00:50:57","slug":"7475-2-2-2-2-2-2-2-3-2-5-2","status":"publish","type":"post","link":"https:\/\/observatorioconurbano.ungs.edu.ar\/?p=19309","title":{"rendered":"LOS ESFUERZOS QUE SOSTIENEN LA VIDA EN EL CONURBANO BONAERENSE."},"content":{"rendered":"<p><div class=\"fusion-fullwidth fullwidth-box fusion-builder-row-1 nonhundred-percent-fullwidth non-hundred-percent-height-scrolling\" style=\"--awb-background-position:left top;--awb-border-sizes-top:0px;--awb-border-sizes-bottom:0px;--awb-border-sizes-left:0px;--awb-border-sizes-right:0px;--awb-border-radius-top-left:0px;--awb-border-radius-top-right:0px;--awb-border-radius-bottom-right:0px;--awb-border-radius-bottom-left:0px;--awb-padding-top:20px;--awb-padding-bottom:20px;--awb-background-color:#ffe8ca;--awb-flex-wrap:wrap;\" ><div class=\"fusion-builder-row fusion-row\"><div class=\"fusion-layout-column fusion_builder_column fusion-builder-column-0 fusion_builder_column_1_1 1_1 fusion-one-full fusion-column-first fusion-column-last\" style=\"--awb-padding-right:20px;--awb-padding-left:20px;--awb-bg-size:cover;--awb-margin-top:25px;\"><div class=\"fusion-column-wrapper fusion-flex-column-wrapper-legacy\"><div class=\"fusion-text fusion-text-1\" style=\"--awb-text-transform:none;--awb-margin-right:30px;--awb-margin-left:30px;\"><p><em><strong>La gesti\u00f3n del cuidado es una necesidad social, pero tambi\u00e9n el \u00e1mbito de debates, desigualdades e intervenciones p\u00fablicas. Durante mayo el tiempo destinado a los cuidados se convirti\u00f3 en objeto de debate entre diputados y diputadas cuando se debatieron m\u00e1s de 40 proyectos de ley, de distintos bloques, enfocados en la ampliaci\u00f3n de licencias parentales y la posibilidad de crear un sistema integral de cuidados de Argentina. El pasado mes de agosto, se reactiv\u00f3 el tratamiento en un plenario de las comisiones de Legislatura del Trabajo, de Mujeres y Diversidad y de Presupuesto de la C\u00e1mara de Diputados de la Naci\u00f3n y se aprob\u00f3 un dictamen de mayor\u00eda para el proyecto que ampl\u00eda las licencias familiares.<br \/>\nRoc\u00edo Pinto, licenciada en Pol\u00edtica Social, investiga temas relacionados con el cuidado infantil y las trayectorias laborales femeninas en el Conurbano Bonaerense, y hoy nos acerca a la discusi\u00f3n sobre licencias parentales, cuidado comunitario y los desaf\u00edos que estos proyectos de ley conllevan. La redistribuci\u00f3n de los cuidados, su reconocimiento y su remuneraci\u00f3n, comprenden una discusi\u00f3n necesaria y una deuda pendiente hace ya muchos a\u00f1os. El tratamiento en plenaria de comisiones es un hecho hist\u00f3rico, que trata de discutir la organizaci\u00f3n social y crear pol\u00edticas del cuidado para una distribuci\u00f3n m\u00e1s igualitaria.<br \/>\n<\/strong><\/em><\/p>\n<\/div><div class=\"fusion-clearfix\"><\/div><\/div><\/div><\/div><\/div><div class=\"fusion-fullwidth fullwidth-box fusion-builder-row-2 nonhundred-percent-fullwidth non-hundred-percent-height-scrolling\" style=\"--awb-background-position:left top;--awb-border-sizes-top:0px;--awb-border-sizes-bottom:0px;--awb-border-sizes-left:0px;--awb-border-sizes-right:0px;--awb-border-radius-top-left:0px;--awb-border-radius-top-right:0px;--awb-border-radius-bottom-right:0px;--awb-border-radius-bottom-left:0px;--awb-padding-top:20px;--awb-padding-bottom:20px;--awb-flex-wrap:wrap;\" ><div class=\"fusion-builder-row fusion-row\"><div class=\"fusion-layout-column fusion_builder_column fusion-builder-column-1 fusion_builder_column_1_1 1_1 fusion-one-full fusion-column-first fusion-column-last fusion-column-no-min-height\" style=\"--awb-bg-size:cover;--awb-margin-bottom:0px;\"><div class=\"fusion-column-wrapper fusion-flex-column-wrapper-legacy\"><div class=\"fusion-sep-clear\"><\/div><div class=\"fusion-separator fusion-full-width-sep\" style=\"margin-left: auto;margin-right: auto;margin-bottom:3%;width:100%;\"><\/div><div class=\"fusion-sep-clear\"><\/div><div class=\"fusion-text fusion-text-2\" style=\"--awb-text-transform:none;--awb-margin-top:20px;\"><p style=\"text-align: right;\"><em>Por: Denise C\u00f3rdoba, Responsable de Comunicaci\u00f3n<\/em><a href=\"#_ftnref1\" name=\"_ftn1\"><\/a><\/p>\n<\/div><div class=\"fusion-clearfix\"><\/div><\/div><\/div><div class=\"fusion-layout-column fusion_builder_column fusion-builder-column-2 fusion_builder_column_1_2 1_2 fusion-one-half fusion-column-first\" style=\"--awb-bg-size:cover;--awb-margin-top:-20px;width:48%; margin-right: 4%;\"><div class=\"fusion-column-wrapper fusion-column-has-shadow fusion-flex-column-wrapper-legacy\"><div class=\"fusion-image-element in-legacy-container\" style=\"--awb-caption-title-font-family:var(--h2_typography-font-family);--awb-caption-title-font-weight:var(--h2_typography-font-weight);--awb-caption-title-font-style:var(--h2_typography-font-style);--awb-caption-title-size:var(--h2_typography-font-size);--awb-caption-title-transform:var(--h2_typography-text-transform);--awb-caption-title-line-height:var(--h2_typography-line-height);--awb-caption-title-letter-spacing:var(--h2_typography-letter-spacing);\"><span class=\" fusion-imageframe imageframe-none imageframe-1 hover-type-none\"><img decoding=\"async\" width=\"899\" height=\"598\" alt=\"rosio-pinto\" src=\"http:\/\/observatorioconurbano.ungs.edu.ar\/wp-content\/uploads\/rosio-pinto.jpg\" class=\"img-responsive wp-image-19342\" srcset=\"https:\/\/observatorioconurbano.ungs.edu.ar\/wp-content\/uploads\/rosio-pinto-200x133.jpg 200w, https:\/\/observatorioconurbano.ungs.edu.ar\/wp-content\/uploads\/rosio-pinto-400x266.jpg 400w, https:\/\/observatorioconurbano.ungs.edu.ar\/wp-content\/uploads\/rosio-pinto-600x399.jpg 600w, https:\/\/observatorioconurbano.ungs.edu.ar\/wp-content\/uploads\/rosio-pinto-800x532.jpg 800w, https:\/\/observatorioconurbano.ungs.edu.ar\/wp-content\/uploads\/rosio-pinto.jpg 899w\" sizes=\"(max-width: 731px) 100vw, 600px\" \/><\/span><\/div><div class=\"fusion-text fusion-text-3\" style=\"--awb-text-transform:none;\"><\/div><div class=\"fusion-clearfix\"><\/div><\/div><\/div><div class=\"fusion-layout-column fusion_builder_column fusion-builder-column-3 fusion_builder_column_1_2 1_2 fusion-one-half fusion-column-last\" style=\"--awb-bg-size:cover;--awb-margin-top:20px;width:48%;\"><div class=\"fusion-column-wrapper fusion-column-has-shadow fusion-flex-column-wrapper-legacy\"><div class=\"fusion-text fusion-text-4\" style=\"--awb-text-transform:none;--awb-margin-top:-20px;\"><p><strong>\u00bfPor qu\u00e9 resulta relevante el tratamiento de proyectos que aborden la cuesti\u00f3n de los cuidados?<\/strong><\/p>\n<\/div><div class=\"fusion-text fusion-text-5\" style=\"--awb-text-transform:none;--awb-margin-top:20px;\"><p>Creo que hay un consenso entre quienes trabajamos estos temas al considerar a los cuidados como lo que sostiene la vida en todos los niveles.<br \/>\nTiene que ver con el poder mantenerse vivos, alimentarse, asearse y dem\u00e1s; pero tambi\u00e9n tiene que ver con poder conservar nuestro bienestar y el de nuestro entorno. Hoy las personas que cuidan no est\u00e1n reconocidas y los cuidados no son tenidos en cuenta como una actividad que puede desarrollar cualquier persona a lo largo de toda su vida. La importancia del cuidado radica en pensar que quienes cuidan tambi\u00e9n necesitan cuidados, todos los requerimos. Es lo que sostiene la vida y sostiene el lazo social. [&#8230;]\n<strong><br \/>\n<\/strong><br \/>\n<strong>En relaci\u00f3n con las propuestas sobre licencias parentales y cuidados,<\/strong><br \/>\n<strong>\u00bfC\u00f3mo es el panorama actual en el territorio del Conurbano Bonaerense?<\/strong><\/p>\n<\/div><div class=\"fusion-text fusion-text-6\" style=\"--awb-text-transform:none;--awb-margin-top:30px;\"><h3>DATOS DEL AMBA<\/h3>\n<h3>Mientras que las mujeres ocupan en promedio casi 5 horas por d\u00eda al trabajo no remunerado, los varones s\u00f3lo dedican en promedio 3 horas por d\u00eda a las mismas actividades.<\/h3>\n<h3>En lo que respecta al cuidado a miembros del hogar, las mujeres destinan 3:46 horas diarias mientras que los varones 2:23 horas.<\/h3>\n<\/div><div class=\"fusion-text fusion-text-7\" style=\"--awb-text-transform:none;--awb-margin-top:20px;\"><p>Los datos del Observatorio del Conurbano que tienen que ver con la ENUT<br \/>\n(Encuesta Nacional de Uso del Tiempo) muestran que en los hogares<br \/>\ncon demandantes de cuidados la cuota de tiempo utilizado en trabajo<br \/>\nno remunerado aumenta tanto para varones como para mujeres, aunque<br \/>\nel incremento es mayor para mujeres. Estos n\u00fameros dan cuenta de las<br \/>\ntensiones en el uso del tiempo, y un modo de regular esas tensiones es a<br \/>\ntrav\u00e9s de las licencias en los lugares de trabajo. Actualmente, el r\u00e9gimen<br \/>\nde licencias previsto en la ley de contrato de trabajo contempla 90 d\u00edas<br \/>\npara la persona gestante y s\u00f3lo 2 d\u00edas para la persona no gestante, y no<br \/>\nse contempla a quienes adoptan. [&#8230;]<\/p>\n<\/div><div class=\"fusion-text fusion-text-8\" style=\"--awb-text-transform:none;--awb-margin-top:20px;\"><p>(<em>Ver la nota\u00a0completa en el PDF adjunto<\/em> )<\/p>\n<\/div><div class=\"fusion-clearfix\"><\/div><\/div><\/div><\/div><\/div><\/p>\n<!-- WP Attachments -->\r\n        <div style=\"width:100%;margin:10px 0 10px 0;\">\r\n            <h3>Documentos<\/h3>\r\n        <ul class=\"post-attachments\"><li class=\"post-attachment mime-application-pdf\">                                                                                                                                                                                                                                                                              <a target=\"_blank\" rel=\"noopener noreferrer\" href=\"https:\/\/observatorioconurbano.ungs.edu.ar\/?p=19309&#038;download=19386\">Entrevista-Rocio-Pinto<\/a> <\/li><\/ul><\/div>","protected":false},"excerpt":{"rendered":"<p>Documentos Entrevista-Rocio-Pinto<\/p>\n","protected":false},"author":2,"featured_media":19342,"comment_status":"closed","ping_status":"closed","sticky":false,"template":"","format":"standard","meta":{"_exactmetrics_skip_tracking":false,"_exactmetrics_sitenote_active":false,"_exactmetrics_sitenote_note":"","_exactmetrics_sitenote_category":0,"footnotes":""},"categories":[647,527],"tags":[],"class_list":["post-19309","post","type-post","status-publish","format-standard","has-post-thumbnail","hentry","category-entrevista-agosto-2023","category-todas"],"_links":{"self":[{"href":"https:\/\/observatorioconurbano.ungs.edu.ar\/index.php?rest_route=\/wp\/v2\/posts\/19309","targetHints":{"allow":["GET"]}}],"collection":[{"href":"https:\/\/observatorioconurbano.ungs.edu.ar\/index.php?rest_route=\/wp\/v2\/posts"}],"about":[{"href":"https:\/\/observatorioconurbano.ungs.edu.ar\/index.php?rest_route=\/wp\/v2\/types\/post"}],"author":[{"embeddable":true,"href":"https:\/\/observatorioconurbano.ungs.edu.ar\/index.php?rest_route=\/wp\/v2\/users\/2"}],"replies":[{"embeddable":true,"href":"https:\/\/observatorioconurbano.ungs.edu.ar\/index.php?rest_route=%2Fwp%2Fv2%2Fcomments&post=19309"}],"version-history":[{"count":27,"href":"https:\/\/observatorioconurbano.ungs.edu.ar\/index.php?rest_route=\/wp\/v2\/posts\/19309\/revisions"}],"predecessor-version":[{"id":19346,"href":"https:\/\/observatorioconurbano.ungs.edu.ar\/index.php?rest_route=\/wp\/v2\/posts\/19309\/revisions\/19346"}],"wp:featuredmedia":[{"embeddable":true,"href":"https:\/\/observatorioconurbano.ungs.edu.ar\/index.php?rest_route=\/wp\/v2\/media\/19342"}],"wp:attachment":[{"href":"https:\/\/observatorioconurbano.ungs.edu.ar\/index.php?rest_route=%2Fwp%2Fv2%2Fmedia&parent=19309"}],"wp:term":[{"taxonomy":"category","embeddable":true,"href":"https:\/\/observatorioconurbano.ungs.edu.ar\/index.php?rest_route=%2Fwp%2Fv2%2Fcategories&post=19309"},{"taxonomy":"post_tag","embeddable":true,"href":"https:\/\/observatorioconurbano.ungs.edu.ar\/index.php?rest_route=%2Fwp%2Fv2%2Ftags&post=19309"}],"curies":[{"name":"wp","href":"https:\/\/api.w.org\/{rel}","templated":true}]}}