{"id":17895,"date":"2022-05-27T13:50:49","date_gmt":"2022-05-27T16:50:49","guid":{"rendered":"http:\/\/observatorioconurbano.ungs.edu.ar\/?p=17895"},"modified":"2022-05-27T15:20:46","modified_gmt":"2022-05-27T18:20:46","slug":"mas-30-experiencias-se-reunieron-seminario-taller-observatorios-socio-territoriales-america-latina-2-2-3-3-4-2-2-2-2-3-2-2-2-2-3-2-2-2-2-2-2-2-2-2-2-2-2-2-2-2-2-3-3-2-2-3-2-2-2-2-2-2-2-2-3","status":"publish","type":"post","link":"https:\/\/observatorioconurbano.ungs.edu.ar\/?p=17895","title":{"rendered":"En el conurbano la tasa de desempleo es m\u00e1s alta respecto del promedio provincial"},"content":{"rendered":"<div class=\"fusion-fullwidth fullwidth-box fusion-builder-row-1 nonhundred-percent-fullwidth non-hundred-percent-height-scrolling\" style=\"--awb-background-position:left top;--awb-border-sizes-top:0px;--awb-border-sizes-bottom:0px;--awb-border-sizes-left:0px;--awb-border-sizes-right:0px;--awb-border-radius-top-left:0px;--awb-border-radius-top-right:0px;--awb-border-radius-bottom-right:0px;--awb-border-radius-bottom-left:0px;--awb-padding-top:20px;--awb-padding-bottom:20px;--awb-flex-wrap:wrap;\" ><div class=\"fusion-builder-row fusion-row\"><div class=\"fusion-layout-column fusion_builder_column fusion-builder-column-0 fusion_builder_column_1_3 1_3 fusion-one-third fusion-column-first\" style=\"--awb-bg-size:cover;width:30.6666%; margin-right: 4%;\"><div class=\"fusion-column-wrapper fusion-flex-column-wrapper-legacy\"><div class=\"fusion-image-element in-legacy-container\" style=\"--awb-caption-title-font-family:var(--h2_typography-font-family);--awb-caption-title-font-weight:var(--h2_typography-font-weight);--awb-caption-title-font-style:var(--h2_typography-font-style);--awb-caption-title-size:var(--h2_typography-font-size);--awb-caption-title-transform:var(--h2_typography-text-transform);--awb-caption-title-line-height:var(--h2_typography-line-height);--awb-caption-title-letter-spacing:var(--h2_typography-letter-spacing);\"><span class=\" fusion-imageframe imageframe-none imageframe-1 hover-type-none\"><a href=\"http:\/\/observatorioconurbano.ungs.edu.ar\/wp-content\/uploads\/novedad-3-mercado-de-trabajo-600.jpg\" class=\"fusion-lightbox\" data-rel=\"iLightbox[9b06540b004d6bd3d24]\" data-title=\"novedad-3-mercado-de-trabajo-600\" title=\"novedad-3-mercado-de-trabajo-600\"><img decoding=\"async\" width=\"600\" height=\"338\" alt=\"novedad-3-mercado-de-trabajo\" src=\"http:\/\/observatorioconurbano.ungs.edu.ar\/wp-content\/uploads\/novedad-3-mercado-de-trabajo-600.jpg\" class=\"img-responsive wp-image-17897\"\/><\/a><\/span><\/div><div class=\"fusion-clearfix\"><\/div><\/div><\/div><div class=\"fusion-layout-column fusion_builder_column fusion-builder-column-1 fusion_builder_column_2_3 2_3 fusion-two-third fusion-column-last\" style=\"--awb-bg-size:cover;width:65.3333%;\"><div class=\"fusion-column-wrapper fusion-flex-column-wrapper-legacy\"><div class=\"fusion-text fusion-text-1\" style=\"--awb-content-alignment:left;--awb-text-transform:none;\"><p style=\"text-align: left;\">27-05-2022<\/p>\n<p>El investigador y docente del Instituto del Conurbano de la UNGS Rodrigo Carmona fue entrevistado en el programa Abrir el Juego, por Radio Cooperativa, en el que comparti\u00f3 algunos de los resultados del informe <a href=\"http:\/\/observatorioconurbano.ungs.edu.ar\/?p=17645\">\u00abPanorama del mercado de trabajo: impactos de una crisis de m\u00faltiples aristas\u00bb<\/a>.<\/p>\n<p>Carmona afirm\u00f3 que, de acuerdo a los \u00faltimos datos disponibles, entre el primer y segundo trimestre de 2021, en el conurbano, \u00abla tasa de desempleo respecto al promedio provincial es m\u00e1s alta y todo el escenario de precariedad e informalidad es de gravedad: 4 de cada 10 personas est\u00e1n en situaci\u00f3n de informalidad, con variaciones a nivel territorial y sobre todo en t\u00e9rminos de g\u00e9nero, impactando mucho m\u00e1s fuerte en las mujeres sobre los varones\u00bb.<\/p>\n<p>Asimismo, el autor del informe -el cual fue elaborado junto a B\u00e1rbara Couto y en colaboraci\u00f3n con Sebasti\u00e1n Rotondo, Diego Amor\u00edn- remarc\u00f3 la necesidad de \u00abir hacia una pol\u00edtica de ingresos m\u00e1s s\u00f3lida\u00bb, que permita integrar a un sector \u00abmuy vulnerable en todo sentido\u00bb.<\/p>\n<p>Escuchar la nota completa<\/p>\n<\/div><iframe width=\"100%\" height=\"65px\" scrolling=\"no\" frameborder=\"no\" src=\"\/\/ar.radiocut.fm\/audiocut\/embed\/mini\/rodrigo-carmona-en-conurbano-tasa-desempleo-es-mas-alta-respecto-del-promedio-provincial\/\" ><\/iframe><div class=\"fusion-clearfix\"><\/div><\/div><\/div><\/div><\/div>\n<!-- WP Attachments -->\r\n        <div style=\"width:100%;margin:10px 0 10px 0;\">\r\n            <h3>Documentos<\/h3>\r\n        <ul class=\"post-attachments\"><li class=\"post-attachment mime-image-jpeg\">                                                                                                                                                                                                                                                                              <a target=\"_blank\" rel=\"noopener noreferrer\" href=\"https:\/\/observatorioconurbano.ungs.edu.ar\/?p=17895&#038;download=17897\">novedad-3-mercado-de-trabajo-600<\/a> <\/li><\/ul><\/div>","protected":false},"excerpt":{"rendered":"<p>Documentos novedad-3-mercado-de-trabajo-600<\/p>\n","protected":false},"author":2,"featured_media":17897,"comment_status":"closed","ping_status":"closed","sticky":false,"template":"","format":"standard","meta":{"_exactmetrics_skip_tracking":false,"_exactmetrics_sitenote_active":false,"_exactmetrics_sitenote_note":"","_exactmetrics_sitenote_category":0,"footnotes":""},"categories":[249,202],"tags":[489,488],"class_list":["post-17895","post","type-post","status-publish","format-standard","has-post-thumbnail","hentry","category-actividades","category-agenda","tag-observatorios-ambientales","tag-unlam"],"_links":{"self":[{"href":"https:\/\/observatorioconurbano.ungs.edu.ar\/index.php?rest_route=\/wp\/v2\/posts\/17895","targetHints":{"allow":["GET"]}}],"collection":[{"href":"https:\/\/observatorioconurbano.ungs.edu.ar\/index.php?rest_route=\/wp\/v2\/posts"}],"about":[{"href":"https:\/\/observatorioconurbano.ungs.edu.ar\/index.php?rest_route=\/wp\/v2\/types\/post"}],"author":[{"embeddable":true,"href":"https:\/\/observatorioconurbano.ungs.edu.ar\/index.php?rest_route=\/wp\/v2\/users\/2"}],"replies":[{"embeddable":true,"href":"https:\/\/observatorioconurbano.ungs.edu.ar\/index.php?rest_route=%2Fwp%2Fv2%2Fcomments&post=17895"}],"version-history":[{"count":3,"href":"https:\/\/observatorioconurbano.ungs.edu.ar\/index.php?rest_route=\/wp\/v2\/posts\/17895\/revisions"}],"predecessor-version":[{"id":17899,"href":"https:\/\/observatorioconurbano.ungs.edu.ar\/index.php?rest_route=\/wp\/v2\/posts\/17895\/revisions\/17899"}],"wp:featuredmedia":[{"embeddable":true,"href":"https:\/\/observatorioconurbano.ungs.edu.ar\/index.php?rest_route=\/wp\/v2\/media\/17897"}],"wp:attachment":[{"href":"https:\/\/observatorioconurbano.ungs.edu.ar\/index.php?rest_route=%2Fwp%2Fv2%2Fmedia&parent=17895"}],"wp:term":[{"taxonomy":"category","embeddable":true,"href":"https:\/\/observatorioconurbano.ungs.edu.ar\/index.php?rest_route=%2Fwp%2Fv2%2Fcategories&post=17895"},{"taxonomy":"post_tag","embeddable":true,"href":"https:\/\/observatorioconurbano.ungs.edu.ar\/index.php?rest_route=%2Fwp%2Fv2%2Ftags&post=17895"}],"curies":[{"name":"wp","href":"https:\/\/api.w.org\/{rel}","templated":true}]}}