{"id":17892,"date":"2022-05-27T14:05:57","date_gmt":"2022-05-27T17:05:57","guid":{"rendered":"http:\/\/observatorioconurbano.ungs.edu.ar\/?p=17892"},"modified":"2022-06-29T16:31:38","modified_gmt":"2022-06-29T19:31:38","slug":"mas-30-experiencias-se-reunieron-seminario-taller-observatorios-socio-territoriales-america-latina-2-2-3-3-4-2-2-2-2-3-2-2-2-2-3-2-2-2-2-2-2-2-2-2-2-2-2-2-2-2-2-3-3-2-2-3-2-2-2-2-2-2-2-2-2","status":"publish","type":"post","link":"https:\/\/observatorioconurbano.ungs.edu.ar\/?p=17892","title":{"rendered":"Informe del Observatorio del conurbano sobre mercado de trabajo en T\u00e9lam y El Destape"},"content":{"rendered":"<div class=\"fusion-fullwidth fullwidth-box fusion-builder-row-1 nonhundred-percent-fullwidth non-hundred-percent-height-scrolling\" style=\"--awb-background-position:left top;--awb-border-sizes-top:0px;--awb-border-sizes-bottom:0px;--awb-border-sizes-left:0px;--awb-border-sizes-right:0px;--awb-border-radius-top-left:0px;--awb-border-radius-top-right:0px;--awb-border-radius-bottom-right:0px;--awb-border-radius-bottom-left:0px;--awb-padding-top:20px;--awb-padding-bottom:20px;--awb-flex-wrap:wrap;\" ><div class=\"fusion-builder-row fusion-row\"><div class=\"fusion-layout-column fusion_builder_column fusion-builder-column-0 fusion_builder_column_1_3 1_3 fusion-one-third fusion-column-first\" style=\"--awb-bg-size:cover;width:30.6666%; margin-right: 4%;\"><div class=\"fusion-column-wrapper fusion-flex-column-wrapper-legacy\"><div class=\"fusion-image-element in-legacy-container\" style=\"--awb-caption-title-font-family:var(--h2_typography-font-family);--awb-caption-title-font-weight:var(--h2_typography-font-weight);--awb-caption-title-font-style:var(--h2_typography-font-style);--awb-caption-title-size:var(--h2_typography-font-size);--awb-caption-title-transform:var(--h2_typography-text-transform);--awb-caption-title-line-height:var(--h2_typography-line-height);--awb-caption-title-letter-spacing:var(--h2_typography-letter-spacing);\"><span class=\" fusion-imageframe imageframe-none imageframe-1 hover-type-none\"><a href=\"http:\/\/observatorioconurbano.ungs.edu.ar\/wp-content\/uploads\/novedad-2-mercado-de-trabajo-600.jpg\" class=\"fusion-lightbox\" data-rel=\"iLightbox[f59c0ca18d978a1d459]\" data-title=\"novedad-2-mercado-de-trabajo-600\" title=\"novedad-2-mercado-de-trabajo-600\"><img decoding=\"async\" width=\"600\" height=\"338\" alt=\"novedad-2-mercado-de-trabajo\" src=\"http:\/\/observatorioconurbano.ungs.edu.ar\/wp-content\/uploads\/novedad-2-mercado-de-trabajo-600.jpg\" class=\"img-responsive wp-image-17893\"\/><\/a><\/span><\/div><div class=\"fusion-clearfix\"><\/div><\/div><\/div><div class=\"fusion-layout-column fusion_builder_column fusion-builder-column-1 fusion_builder_column_2_3 2_3 fusion-two-third fusion-column-last\" style=\"--awb-bg-size:cover;width:65.3333%;\"><div class=\"fusion-column-wrapper fusion-flex-column-wrapper-legacy\"><div class=\"fusion-text fusion-text-1\" style=\"--awb-content-alignment:left;--awb-text-transform:none;\"><p style=\"text-align: left;\">27-05-2022<\/p>\n<p>Altos niveles de informalidad laboral y desocupaci\u00f3n caracterizan el escenario del mercado de trabajo en el conurbano bonaerense, aunque con mejoras en la generaci\u00f3n de empleo registrado durante los \u00faltimos meses, de acuerdo con un informe del Observatorio del Conurbano de la Universidad Nacional de General Sarmiento (UNGS).<\/p>\n<p>A trav\u00e9s del informe \u201cPanorama del mercado de trabajo: impactos de una crisis de m\u00faltiples aristas\u201d, los investigadores Rodrigo Carmona y B\u00e1rbara Couto se\u00f1alan la \u00abpersistencia de un escenario fuertemente complejo\u00bb, que tiene lugar debido a \u00ablos efectos perjudiciales pre-pandemia (asociados al \u00faltimo ciclo neoliberal) como los propios de la pandemia todav\u00eda vigentes\u00bb.<\/p>\n<p>Leer la nota completa:<\/p>\n<p><a href=\"https:\/\/www.eldestapeweb.com\/economia\/conurbano\/informe-senala-mejora-en-la-generacion-de-empleo-registrado-en-el-conurbano-20225711230\" target=\"_blank\" rel=\"noopener noreferrer\">https:\/\/www.eldestapeweb.com\/economia\/conurbano\/informe-senala-mejora-en-la-generacion-de-empleo-registrado-en-el-conurbano-20225711230<\/a><\/p>\n<p><a href=\"https:\/\/cablera.telam.com.ar\/cable\/1241097\/informe-seniala-mejora-en-la-generacion-de-empleo-registrado-en-el-conurbano\" target=\"_blank\" rel=\"noopener noreferrer\">https:\/\/cablera.telam.com.ar\/cable\/1241097\/informe-seniala-mejora-en-la-generacion-de-empleo-registrado-en-el-conurbano<\/a><\/p>\n<\/div><div class=\"fusion-clearfix\"><\/div><\/div><\/div><\/div><\/div>\n","protected":false},"excerpt":{"rendered":"","protected":false},"author":2,"featured_media":17893,"comment_status":"closed","ping_status":"closed","sticky":false,"template":"","format":"standard","meta":{"_exactmetrics_skip_tracking":false,"_exactmetrics_sitenote_active":false,"_exactmetrics_sitenote_note":"","_exactmetrics_sitenote_category":0,"footnotes":""},"categories":[249,202],"tags":[489,488],"class_list":["post-17892","post","type-post","status-publish","format-standard","has-post-thumbnail","hentry","category-actividades","category-agenda","tag-observatorios-ambientales","tag-unlam"],"_links":{"self":[{"href":"https:\/\/observatorioconurbano.ungs.edu.ar\/index.php?rest_route=\/wp\/v2\/posts\/17892","targetHints":{"allow":["GET"]}}],"collection":[{"href":"https:\/\/observatorioconurbano.ungs.edu.ar\/index.php?rest_route=\/wp\/v2\/posts"}],"about":[{"href":"https:\/\/observatorioconurbano.ungs.edu.ar\/index.php?rest_route=\/wp\/v2\/types\/post"}],"author":[{"embeddable":true,"href":"https:\/\/observatorioconurbano.ungs.edu.ar\/index.php?rest_route=\/wp\/v2\/users\/2"}],"replies":[{"embeddable":true,"href":"https:\/\/observatorioconurbano.ungs.edu.ar\/index.php?rest_route=%2Fwp%2Fv2%2Fcomments&post=17892"}],"version-history":[{"count":1,"href":"https:\/\/observatorioconurbano.ungs.edu.ar\/index.php?rest_route=\/wp\/v2\/posts\/17892\/revisions"}],"predecessor-version":[{"id":17894,"href":"https:\/\/observatorioconurbano.ungs.edu.ar\/index.php?rest_route=\/wp\/v2\/posts\/17892\/revisions\/17894"}],"wp:featuredmedia":[{"embeddable":true,"href":"https:\/\/observatorioconurbano.ungs.edu.ar\/index.php?rest_route=\/wp\/v2\/media\/17893"}],"wp:attachment":[{"href":"https:\/\/observatorioconurbano.ungs.edu.ar\/index.php?rest_route=%2Fwp%2Fv2%2Fmedia&parent=17892"}],"wp:term":[{"taxonomy":"category","embeddable":true,"href":"https:\/\/observatorioconurbano.ungs.edu.ar\/index.php?rest_route=%2Fwp%2Fv2%2Fcategories&post=17892"},{"taxonomy":"post_tag","embeddable":true,"href":"https:\/\/observatorioconurbano.ungs.edu.ar\/index.php?rest_route=%2Fwp%2Fv2%2Ftags&post=17892"}],"curies":[{"name":"wp","href":"https:\/\/api.w.org\/{rel}","templated":true}]}}