{"id":17645,"date":"2022-04-30T22:59:28","date_gmt":"2022-05-01T01:59:28","guid":{"rendered":"http:\/\/observatorioconurbano.ungs.edu.ar\/?p=17645"},"modified":"2023-08-15T20:36:56","modified_gmt":"2023-08-15T23:36:56","slug":"politicas-economia-social-solidaria-municipios-del-conurbano-bonaerense-1-avances-institucionalizacion-2-2-2-2-3-2-2-4-2","status":"publish","type":"post","link":"https:\/\/observatorioconurbano.ungs.edu.ar\/?p=17645","title":{"rendered":"Panorama del mercado de trabajo: Impactos de una crisis de m\u00faltiples aristas"},"content":{"rendered":"<div class=\"fusion-fullwidth fullwidth-box fusion-builder-row-1 nonhundred-percent-fullwidth non-hundred-percent-height-scrolling\" style=\"--awb-background-position:left top;--awb-border-sizes-top:0px;--awb-border-sizes-bottom:0px;--awb-border-sizes-left:0px;--awb-border-sizes-right:0px;--awb-border-radius-top-left:0px;--awb-border-radius-top-right:0px;--awb-border-radius-bottom-right:0px;--awb-border-radius-bottom-left:0px;--awb-padding-top:20px;--awb-padding-bottom:20px;--awb-flex-wrap:wrap;\" ><div class=\"fusion-builder-row fusion-row\"><div class=\"fusion-layout-column fusion_builder_column fusion-builder-column-0 fusion_builder_column_2_5 2_5 fusion-two-fifth fusion-column-first\" style=\"--awb-bg-size:cover;width:37.6%; margin-right: 4%;\"><div class=\"fusion-column-wrapper fusion-flex-column-wrapper-legacy\"><div class=\"fusion-image-element fusion-image-align-center in-legacy-container\" style=\"text-align:center;--awb-caption-title-font-family:var(--h2_typography-font-family);--awb-caption-title-font-weight:var(--h2_typography-font-weight);--awb-caption-title-font-style:var(--h2_typography-font-style);--awb-caption-title-size:var(--h2_typography-font-size);--awb-caption-title-transform:var(--h2_typography-text-transform);--awb-caption-title-line-height:var(--h2_typography-line-height);--awb-caption-title-letter-spacing:var(--h2_typography-letter-spacing);\"><div class=\"imageframe-align-center\"><span class=\" fusion-imageframe imageframe-none imageframe-1 hover-type-none\" style=\"border:1px solid #d8d8d8;\"><a href=\"http:\/\/observatorioconurbano.ungs.edu.ar\/wp-content\/uploads\/portada-horizontal_Mesa-de-trabajo-1-650.jpg\" class=\"fusion-lightbox\" data-rel=\"iLightbox[721f90fafabecbda5a9]\"><img decoding=\"async\" src=\"http:\/\/observatorioconurbano.ungs.edu.ar\/wp-content\/uploads\/portada-horizontal_Mesa-de-trabajo-1-650.jpg\" alt class=\"img-responsive\"\/><\/a><\/span><\/div><\/div><div class=\"fusion-clearfix\"><\/div><\/div><\/div><div class=\"fusion-layout-column fusion_builder_column fusion-builder-column-1 fusion_builder_column_3_5 3_5 fusion-three-fifth fusion-column-last\" style=\"--awb-bg-size:cover;width:58.4%;\"><div class=\"fusion-column-wrapper fusion-flex-column-wrapper-legacy\"><div class=\"fusion-text fusion-text-1\" style=\"--awb-text-transform:none;\"><p><em>Por Rodrigo Carmona y B\u00e1rbara Couto, con la colaboraci\u00f3n de Sebasti\u00e1n Rotondo, Diego Amor\u00edn<\/em><\/p>\n<p><a href=\"#_ftnref1\" name=\"_ftn1\"><\/a><\/p>\n<\/div><div class=\"fusion-sep-clear\"><\/div><div class=\"fusion-separator fusion-full-width-sep\" style=\"margin-left: auto;margin-right: auto;margin-top:10px;margin-bottom:10px;width:100%;\"><\/div><div class=\"fusion-sep-clear\"><\/div><div class=\"fusion-text fusion-text-2\" style=\"--awb-text-transform:none;\"><p>La llegada de un nuevo 01 de mayo nos invita hacer un balance de la situaci\u00f3n sociolaboral actual en nuestro pa\u00eds y sus impactos m\u00e1s espec\u00edficos en el conurbano bonaerense. Una\u00a0 reflexi\u00f3n inicial resalta la persistencia de un escenario fuertemente complejo dado los efectos perjudiciales pre-pandemia (asociados al \u00faltimo ciclo neoliberal) como los propios de la pandemia todav\u00eda vigentes, sumado a las consecuencias provocadas por la guerra entre Rusia y Ucrania, que repercute en el incremento acelerado de los precios de la canasta b\u00e1sica.<\/p>\n<p>En primer t\u00e9rmino, una consideraci\u00f3n en base a INDEC sobre el nivel de ingresos hasta fines del a\u00f1o pasado daba cuenta\u00a0 que los trabajadores hab\u00edan tenido una ca\u00edda promedio de casi el 20 por ciento en el sector privado y cerca del 25 por ciento en el sector p\u00fablico, a lo cual se agregaba un declive a\u00fan m\u00e1s pronunciado del sector informal, durante el gobierno de Cambiemos y los dos a\u00f1os del gobierno de Alberto Fern\u00e1ndez con el COVID-19 (Manzanelli y Calvo, 2021). Del mismo modo, los primeros meses de este a\u00f1o muestran una inflaci\u00f3n acumulada del 16,1 por ciento, siendo el mes de marzo con 6,7 por ciento la cifra m\u00e1s alta de los \u00faltimos 20 a\u00f1os, y d\u00f3nde los precios de los alimentos subieron para el trimestre casi un 21 por ciento.<\/p>\n<p>En este marco de fuerte p\u00e9rdida de poder adquisitivo el gobierno nacional busc\u00f3 desarrollar acciones paliativas.\u00a0 Las principales medidas desplegadas, como el incremento del 50 por ciento del monto correspondiente a la Tarjeta Alimentar (que perciben m\u00e1s de 2 millones de titulares y llega a m\u00e1s de 4 millones de personas) y los bonos a jubilados (que alcanzan dos jubilaciones m\u00ednimas), a trabajadores informales y monotributistas sociales y de las categor\u00edas m\u00e1s bajas (que representan un conjunto de 13 millones de personas), si bien pertinentes, resultan parciales para atender la retracci\u00f3n general de ingresos y salarios que viene desde el a\u00f1o 2016 y que se ha acentuado fuertemente con la pandemia. Todo este proceso se desarrolla en un contexto de fragmentaci\u00f3n significativa del mercado de trabajo y niveles altos de informalidad y precariedad, aunque con mejoras sostenidas en la generaci\u00f3n de empleo durante los \u00faltimos meses.<\/p>\n<p>El presente informe combina dos fuentes de informaci\u00f3n para el an\u00e1lisis intraregional sobre el conurbano bonaerense, una del Sistema Integrado Previsional Argentino (SIPA) sobre empleo registrado, con un an\u00e1lisis de 7 subregiones y otra de la Encuesta de Hogares y Empleo de la Provincia de Buenos Aires sobre desocupaci\u00f3n y empleo asalariado informal, con un an\u00e1lisis de 5 dominios estad\u00edsticos. Esto significa que la construcci\u00f3n y recortes dentro de la regi\u00f3n conurbano bonaerense aunque no coinciden, permiten ponderar heterogeneidades importantes. El <a href=\"https:\/\/www.arcgis.com\/apps\/View\/index.html?appid=bf5d35c9dfd644a5b4feb3b2ae87532c&amp;extent=-61.0762,-35.5909,-55.8027,-33.3977\" target=\"_blank\" rel=\"noopener noreferrer\">mapa de la producci\u00f3n y el empleo <\/a>es un recurso interactivo que integra las fuentes mencionadas en capas de informaci\u00f3n diferenciadas y funciona de complemento al presente an\u00e1lisis.<\/p>\n<p><a href=\"#_ftnref1\" name=\"_ftn1\"><\/a><\/p>\n<\/div><div class=\"fusion-text fusion-text-3\" style=\"--awb-text-transform:none;\"><\/div><div class=\"fusion-text fusion-text-4\" style=\"--awb-text-transform:none;\"><\/div><div class=\"fusion-clearfix\"><\/div><\/div><\/div><\/div><\/div>\n<!-- WP Attachments -->\r\n        <div style=\"width:100%;margin:10px 0 10px 0;\">\r\n            <h3>Documentos<\/h3>\r\n        <ul class=\"post-attachments\"><li class=\"post-attachment mime-application-pdf\">                                                                                                                                                                                                                                                                              <a target=\"_blank\" rel=\"noopener noreferrer\" href=\"https:\/\/observatorioconurbano.ungs.edu.ar\/?p=17645&#038;download=17927\">Panorama-del-mercado-de-trabajo-final<\/a> <\/li><\/ul><\/div>","protected":false},"excerpt":{"rendered":"<p>Documentos Panorama-del-mercado-de-trabajo-final<\/p>\n","protected":false},"author":2,"featured_media":0,"comment_status":"closed","ping_status":"closed","sticky":false,"template":"","format":"standard","meta":{"_exactmetrics_skip_tracking":false,"_exactmetrics_sitenote_active":false,"_exactmetrics_sitenote_note":"","_exactmetrics_sitenote_category":0,"footnotes":""},"categories":[619,527],"tags":[],"class_list":["post-17645","post","type-post","status-publish","format-standard","hentry","category-conurbano-en-debate-abril-2022","category-todas"],"_links":{"self":[{"href":"https:\/\/observatorioconurbano.ungs.edu.ar\/index.php?rest_route=\/wp\/v2\/posts\/17645","targetHints":{"allow":["GET"]}}],"collection":[{"href":"https:\/\/observatorioconurbano.ungs.edu.ar\/index.php?rest_route=\/wp\/v2\/posts"}],"about":[{"href":"https:\/\/observatorioconurbano.ungs.edu.ar\/index.php?rest_route=\/wp\/v2\/types\/post"}],"author":[{"embeddable":true,"href":"https:\/\/observatorioconurbano.ungs.edu.ar\/index.php?rest_route=\/wp\/v2\/users\/2"}],"replies":[{"embeddable":true,"href":"https:\/\/observatorioconurbano.ungs.edu.ar\/index.php?rest_route=%2Fwp%2Fv2%2Fcomments&post=17645"}],"version-history":[{"count":6,"href":"https:\/\/observatorioconurbano.ungs.edu.ar\/index.php?rest_route=\/wp\/v2\/posts\/17645\/revisions"}],"predecessor-version":[{"id":17928,"href":"https:\/\/observatorioconurbano.ungs.edu.ar\/index.php?rest_route=\/wp\/v2\/posts\/17645\/revisions\/17928"}],"wp:attachment":[{"href":"https:\/\/observatorioconurbano.ungs.edu.ar\/index.php?rest_route=%2Fwp%2Fv2%2Fmedia&parent=17645"}],"wp:term":[{"taxonomy":"category","embeddable":true,"href":"https:\/\/observatorioconurbano.ungs.edu.ar\/index.php?rest_route=%2Fwp%2Fv2%2Fcategories&post=17645"},{"taxonomy":"post_tag","embeddable":true,"href":"https:\/\/observatorioconurbano.ungs.edu.ar\/index.php?rest_route=%2Fwp%2Fv2%2Ftags&post=17645"}],"curies":[{"name":"wp","href":"https:\/\/api.w.org\/{rel}","templated":true}]}}