{"id":17483,"date":"2022-03-31T16:59:19","date_gmt":"2022-03-31T19:59:19","guid":{"rendered":"http:\/\/observatorioconurbano.ungs.edu.ar\/?p=17483"},"modified":"2023-08-15T20:22:29","modified_gmt":"2023-08-15T23:22:29","slug":"politicas-economia-social-solidaria-municipios-del-conurbano-bonaerense-1-avances-institucionalizacion-2-2-2-2-3-2-2-4","status":"publish","type":"post","link":"https:\/\/observatorioconurbano.ungs.edu.ar\/?p=17483","title":{"rendered":"Recrudecen las desigualdades econ\u00f3micas de g\u00e9nero"},"content":{"rendered":"<div class=\"fusion-fullwidth fullwidth-box fusion-builder-row-1 nonhundred-percent-fullwidth non-hundred-percent-height-scrolling\" style=\"--awb-background-position:left top;--awb-border-sizes-top:0px;--awb-border-sizes-bottom:0px;--awb-border-sizes-left:0px;--awb-border-sizes-right:0px;--awb-border-radius-top-left:0px;--awb-border-radius-top-right:0px;--awb-border-radius-bottom-right:0px;--awb-border-radius-bottom-left:0px;--awb-padding-top:20px;--awb-padding-bottom:20px;--awb-flex-wrap:wrap;\" ><div class=\"fusion-builder-row fusion-row\"><div class=\"fusion-layout-column fusion_builder_column fusion-builder-column-0 fusion_builder_column_2_5 2_5 fusion-two-fifth fusion-column-first\" style=\"--awb-bg-size:cover;width:37.6%; margin-right: 4%;\"><div class=\"fusion-column-wrapper fusion-flex-column-wrapper-legacy\"><div class=\"fusion-image-element fusion-image-align-center in-legacy-container\" style=\"text-align:center;--awb-caption-title-font-family:var(--h2_typography-font-family);--awb-caption-title-font-weight:var(--h2_typography-font-weight);--awb-caption-title-font-style:var(--h2_typography-font-style);--awb-caption-title-size:var(--h2_typography-font-size);--awb-caption-title-transform:var(--h2_typography-text-transform);--awb-caption-title-line-height:var(--h2_typography-line-height);--awb-caption-title-letter-spacing:var(--h2_typography-letter-spacing);\"><div class=\"imageframe-align-center\"><span class=\" fusion-imageframe imageframe-none imageframe-1 hover-type-none\" style=\"border:1px solid #d8d8d8;\"><a href=\"http:\/\/observatorioconurbano.ungs.edu.ar\/wp-content\/uploads\/Imagen-para-la-web.jpg\" class=\"fusion-lightbox\" data-rel=\"iLightbox[398ec0045ba285801cb]\" data-title=\"Imagen-para-la-web\" title=\"Imagen-para-la-web\"><img decoding=\"async\" width=\"800\" height=\"450\" alt=\"Imagen-para-la-web\" src=\"http:\/\/observatorioconurbano.ungs.edu.ar\/wp-content\/uploads\/Imagen-para-la-web.jpg\" class=\"img-responsive wp-image-17484\"\/><\/a><\/span><\/div><\/div><div class=\"fusion-clearfix\"><\/div><\/div><\/div><div class=\"fusion-layout-column fusion_builder_column fusion-builder-column-1 fusion_builder_column_3_5 3_5 fusion-three-fifth fusion-column-last\" style=\"--awb-bg-size:cover;width:58.4%;\"><div class=\"fusion-column-wrapper fusion-flex-column-wrapper-legacy\"><div class=\"fusion-text fusion-text-1\" style=\"--awb-text-transform:none;\"><h2 style=\"text-align: center;\"><strong>Recrudecen las desigualdades econ\u00f3micas de g\u00e9nero en el conurbano bonaerense en el escenario pos-COVID-19<\/strong><\/h2>\n<\/div><div class=\"fusion-sep-clear\"><\/div><div class=\"fusion-separator fusion-full-width-sep\" style=\"margin-left: auto;margin-right: auto;margin-top:10px;margin-bottom:10px;width:100%;\"><\/div><div class=\"fusion-sep-clear\"><\/div><div class=\"fusion-text fusion-text-2\" style=\"--awb-text-transform:none;\"><p style=\"text-align: right;\"><em>Por Erika M\u00e1rquez [1]<\/em><\/p>\n<p><a href=\"#_ftnref1\" name=\"_ftn1\"><\/a><\/p>\n<\/div><div class=\"fusion-sep-clear\"><\/div><div class=\"fusion-separator fusion-full-width-sep\" style=\"margin-left: auto;margin-right: auto;margin-top:10px;margin-bottom:10px;width:100%;\"><\/div><div class=\"fusion-sep-clear\"><\/div><div class=\"fusion-text fusion-text-3\" style=\"--awb-text-transform:none;\"><p>La irrupci\u00f3n del COVID-19 impact\u00f3 de lleno en la vida y profundiz\u00f3 las desigualdades econ\u00f3micas y sociales preexistentes. En particular, la crisis econ\u00f3mica provocada por la pandemia recrudeci\u00f3 las desigualdades de g\u00e9nero. El impacto sobre las <a href=\"http:\/\/observatorioconurbano.ungs.edu.ar\/?p=6831\" target=\"_blank\" rel=\"noopener noreferrer\">ocupaciones de baja calificaci\u00f3n<\/a> y las vinculadas a tareas de cuidado fue muy significativo. La baja en el nivel de actividad y empleo durante la pandemia fue elevada tanto en hombres como en mujeres, mientras que el desempleo para estas \u00faltimas se present\u00f3 hasta 6 puntos por encima del observado para los hombres.<\/p>\n<p>El presente art\u00edculo se propone realizar un an\u00e1lisis del impacto de la crisis econ\u00f3mica en las mujeres<a href=\"#_ftn1\" name=\"_ftnref1\"><sup>[1]<\/sup><\/a>, profundizada por la pandemia del COVID-19, con especial \u00e9nfasis en el conurbano bonaerense. A partir de datos proporcionados por la EPH INDEC y diferentes informes del Instituto del Conurbano describiremos el contexto en el conurbano bonaerense en donde m\u00e1s se deterioraron los indicadores laborales y aumentaron m\u00e1s fuertemente los \u00edndices de pobreza e indigencia de los hogares.<\/p>\n<p>En el mes de la mujer trabajadora, resulta de inter\u00e9s analizar c\u00f3mo la crisis econ\u00f3mica de la pandemia del COVID-19 impact\u00f3 en el aumento de las desigualdades de g\u00e9nero y la sobrecarga de tiempo de trabajo de cuidados que pre exist\u00eda en el conurbano bonaerense. El 8 de marzo se conmemora el asesinato de 129 mujeres trabajadoras de la industria textil que reclamaban sus derechos realizando una huelga en sus puestos de trabajo, las cuales fueron quemadas dentro de la f\u00e1brica por el due\u00f1o de la misma. 114 a\u00f1os despu\u00e9s, las mujeres y diversidades nos seguimos organizando para que se nos reconozcan nuestros derechos al igual que nuestros pares varones, reclamando autonom\u00eda econ\u00f3mica y mayor participaci\u00f3n en el mercado laboral. [&#8230;]<\/p>\n<p><a href=\"#_ftnref1\" name=\"_ftn1\"><\/a><\/p>\n<p><sup>[1]<\/sup> <em>Licenciada en Econom\u00eda Pol\u00edtica por la Universidad Nacional de General Sarmiento (UNGS)<\/em><\/p>\n<p>[ Ver la nota\u00a0completa en el PDF adjunto ]<\/p>\n<\/div><div class=\"fusion-clearfix\"><\/div><\/div><\/div><\/div><\/div>\n<!-- WP Attachments -->\r\n        <div style=\"width:100%;margin:10px 0 10px 0;\">\r\n            <h3>Documentos<\/h3>\r\n        <ul class=\"post-attachments\"><li class=\"post-attachment mime-application-pdf\">                                                                                                                                                                                                                                                                              <a target=\"_blank\" rel=\"noopener noreferrer\" href=\"https:\/\/observatorioconurbano.ungs.edu.ar\/?p=17483&#038;download=17921\">Recrudecen-las-desigualdades-economicas-de-genero<\/a> <\/li><\/ul><\/div>","protected":false},"excerpt":{"rendered":"<p>Documentos Recrudecen-las-desigualdades-economicas-de-genero<\/p>\n","protected":false},"author":2,"featured_media":17484,"comment_status":"closed","ping_status":"closed","sticky":false,"template":"","format":"standard","meta":{"_exactmetrics_skip_tracking":false,"_exactmetrics_sitenote_active":false,"_exactmetrics_sitenote_note":"","_exactmetrics_sitenote_category":0,"footnotes":""},"categories":[618,527],"tags":[],"class_list":["post-17483","post","type-post","status-publish","format-standard","has-post-thumbnail","hentry","category-conurbano-en-debate-marzo-2022","category-todas"],"_links":{"self":[{"href":"https:\/\/observatorioconurbano.ungs.edu.ar\/index.php?rest_route=\/wp\/v2\/posts\/17483","targetHints":{"allow":["GET"]}}],"collection":[{"href":"https:\/\/observatorioconurbano.ungs.edu.ar\/index.php?rest_route=\/wp\/v2\/posts"}],"about":[{"href":"https:\/\/observatorioconurbano.ungs.edu.ar\/index.php?rest_route=\/wp\/v2\/types\/post"}],"author":[{"embeddable":true,"href":"https:\/\/observatorioconurbano.ungs.edu.ar\/index.php?rest_route=\/wp\/v2\/users\/2"}],"replies":[{"embeddable":true,"href":"https:\/\/observatorioconurbano.ungs.edu.ar\/index.php?rest_route=%2Fwp%2Fv2%2Fcomments&post=17483"}],"version-history":[{"count":5,"href":"https:\/\/observatorioconurbano.ungs.edu.ar\/index.php?rest_route=\/wp\/v2\/posts\/17483\/revisions"}],"predecessor-version":[{"id":17506,"href":"https:\/\/observatorioconurbano.ungs.edu.ar\/index.php?rest_route=\/wp\/v2\/posts\/17483\/revisions\/17506"}],"wp:featuredmedia":[{"embeddable":true,"href":"https:\/\/observatorioconurbano.ungs.edu.ar\/index.php?rest_route=\/wp\/v2\/media\/17484"}],"wp:attachment":[{"href":"https:\/\/observatorioconurbano.ungs.edu.ar\/index.php?rest_route=%2Fwp%2Fv2%2Fmedia&parent=17483"}],"wp:term":[{"taxonomy":"category","embeddable":true,"href":"https:\/\/observatorioconurbano.ungs.edu.ar\/index.php?rest_route=%2Fwp%2Fv2%2Fcategories&post=17483"},{"taxonomy":"post_tag","embeddable":true,"href":"https:\/\/observatorioconurbano.ungs.edu.ar\/index.php?rest_route=%2Fwp%2Fv2%2Ftags&post=17483"}],"curies":[{"name":"wp","href":"https:\/\/api.w.org\/{rel}","templated":true}]}}