{"id":17295,"date":"2022-02-25T14:51:16","date_gmt":"2022-02-25T17:51:16","guid":{"rendered":"http:\/\/observatorioconurbano.ungs.edu.ar\/?p=17295"},"modified":"2022-02-25T14:51:16","modified_gmt":"2022-02-25T17:51:16","slug":"mas-30-experiencias-se-reunieron-seminario-taller-observatorios-socio-territoriales-america-latina-2-2-3-3-4-2-2-2-2-3-2-2-2-2-3-2-2-2-2-2-2-2-2-2-2-2-2-2-2-2-2-3-3-2-2-3-2-2-2-2-2","status":"publish","type":"post","link":"https:\/\/observatorioconurbano.ungs.edu.ar\/?p=17295","title":{"rendered":"Problemas y demandas del conurbano bonaerense: nuevo relevamiento a referentes de barrios populares"},"content":{"rendered":"<div class=\"fusion-fullwidth fullwidth-box fusion-builder-row-1 nonhundred-percent-fullwidth non-hundred-percent-height-scrolling\" style=\"--awb-background-position:left top;--awb-border-sizes-top:0px;--awb-border-sizes-bottom:0px;--awb-border-sizes-left:0px;--awb-border-sizes-right:0px;--awb-border-radius-top-left:0px;--awb-border-radius-top-right:0px;--awb-border-radius-bottom-right:0px;--awb-border-radius-bottom-left:0px;--awb-padding-top:20px;--awb-padding-bottom:20px;--awb-flex-wrap:wrap;\" ><div class=\"fusion-builder-row fusion-row\"><div class=\"fusion-layout-column fusion_builder_column fusion-builder-column-0 fusion_builder_column_1_3 1_3 fusion-one-third fusion-column-first\" style=\"--awb-bg-size:cover;width:30.6666%; margin-right: 4%;\"><div class=\"fusion-column-wrapper fusion-flex-column-wrapper-legacy\"><div class=\"fusion-image-element in-legacy-container\" style=\"--awb-caption-title-font-family:var(--h2_typography-font-family);--awb-caption-title-font-weight:var(--h2_typography-font-weight);--awb-caption-title-font-style:var(--h2_typography-font-style);--awb-caption-title-size:var(--h2_typography-font-size);--awb-caption-title-transform:var(--h2_typography-text-transform);--awb-caption-title-line-height:var(--h2_typography-line-height);--awb-caption-title-letter-spacing:var(--h2_typography-letter-spacing);\"><span class=\" fusion-imageframe imageframe-none imageframe-1 hover-type-none\"><a href=\"http:\/\/observatorioconurbano.ungs.edu.ar\/wp-content\/uploads\/plantilla-obs-650.jpg\" class=\"fusion-lightbox\" data-rel=\"iLightbox[7475701a0c0c7095ca3]\" data-title=\"plantilla-obs-650\" title=\"plantilla-obs-650\"><img decoding=\"async\" width=\"650\" height=\"650\" alt=\"plantilla-obs\" src=\"http:\/\/observatorioconurbano.ungs.edu.ar\/wp-content\/uploads\/plantilla-obs-650.jpg\" class=\"img-responsive wp-image-17296\"\/><\/a><\/span><\/div><div class=\"fusion-clearfix\"><\/div><\/div><\/div><div class=\"fusion-layout-column fusion_builder_column fusion-builder-column-1 fusion_builder_column_2_3 2_3 fusion-two-third fusion-column-last\" style=\"--awb-bg-size:cover;width:65.3333%;\"><div class=\"fusion-column-wrapper fusion-flex-column-wrapper-legacy\"><div class=\"fusion-text fusion-text-1\" style=\"--awb-content-alignment:left;--awb-text-transform:none;\"><p style=\"text-align: left;\">25-02-2022<\/p>\n<p>Se present\u00f3 un nuevo informe del relevamiento a referentes de barrios populares durante la pandemia, el quinto estudio de este tipo realizado por el Instituto del Conurbano en el contexto COVID-19, realizado entre los meses de noviembre y diciembre del 2021, que describe la situaci\u00f3n de los barrios populares sobre el final del segundo a\u00f1o de la pandemia.<\/p>\n<p>Entre las principales problem\u00e1ticas percibidas, si bien el n\u00facleo de los temas presentados en los relevamientos anteriores sigue estando presente, cambiaron su jerarqu\u00eda: la preocupaci\u00f3n por el acceso a la alimentaci\u00f3n y productos b\u00e1sicos -identificada como central en los estudios anteriores- fue desplazada \u201cde la mano de la relativa reactivaci\u00f3n laboral y del sost\u00e9n del aporte estatal a trav\u00e9s de las transferencias sociales de ingreso\u201d, mientras que el aumento sostenido de precios es de los problemas mencionados con mayor frecuencia en esta edici\u00f3n. El equipo de investigadores e investigadoras del Instituto del Conurbano describen una tendencia hacia un mayor acceso a los alimentos a trav\u00e9s del mercado, restringi\u00e9ndose relativamente la asistencia alimentaria directa (a trav\u00e9s de comedores y bolsones). Asimismo, sobre el papel de las organizaciones sociales en esta asistencia, indican que los comedores que contin\u00faan sus tareas son los \u201cm\u00e1s estructurados\u201d, repleg\u00e1ndose las ollas populares espont\u00e1neas que se hab\u00edan multiplicado durante la etapa de aislamiento social obligatorio.<\/p>\n<p>Entre sus aportes los y las referentes barriales destacaron la necesidad de fortalecer la atenci\u00f3n de la salud, especialmente en el primer nivel, la prevenci\u00f3n, los dispositivos de salud mental y los de tratamiento de consumos problem\u00e1ticos. Con menor intensidad se\u00f1alan otras demandas: intervenciones en el \u00e1rea de seguridad p\u00fablica; pol\u00edticas activas de empleo y de formalizaci\u00f3n del trabajo no registrado; programas espec\u00edficos para los j\u00f3venes, en particular los orientados a la primera inserci\u00f3n laboral y al reenganche educativo.<\/p>\n<p>Adem\u00e1s de los t\u00f3picos relevados en las ediciones previas, se sumaron otros ejes al an\u00e1lisis: la situaci\u00f3n de los y las j\u00f3venes en la pandemia (su reinserci\u00f3n laboral y la vuelta a la presencialidad escolar); la preocupaci\u00f3n por robos y hurtos en los barrios junto a la relaci\u00f3n con las fuerzas de seguridad; la violencia de g\u00e9nero y las acciones comunitarias y estatales para enfrentarla. Tambi\u00e9n se analiz\u00f3 el despliegue de pol\u00edticas espec\u00edficas y estrategias de los hogares y la comunidad. Entre ellas se da cuenta del alcance de las transferencias de ingresos y eval\u00faa la implementaci\u00f3n local de las pol\u00edticas m\u00e1s relevantes: la Asignaci\u00f3n Universal por Hijo, la Tarjeta Alimentar y el Programa Potenciar Trabajo.<\/p>\n<p>El informe fue realizado por las investigadoras Ver\u00f3nica Maceira y Alejandra Beccaria, que tambi\u00e9n dise\u00f1aron y coordinaron el relevamiento junto al investigador Gonzalo V\u00e1zquez. El relevamiento cont\u00f3 con la participaci\u00f3n de investigadores &#8211; docentes, entrevistadores y estudiantes adscriptos del ICO, en estrecha colaboraci\u00f3n con diversas redes territoriales. El mismo aporta un conocimiento valioso sobre el territorio, plantea preguntas y da lugar a la voz de referentes (pertenecientes a clubes, escuelas, centros de salud, comedores, espacios culturales, organizaciones sociales) con un conocimiento \u00fanico y particular de la realidad y el d\u00eda a d\u00eda de los sectores populares.<\/p>\n<p>Descargar <a href=\"https:\/\/www.ungs.edu.ar\/wp-content\/uploads\/2022\/02\/Quinto-relevamiento-barrios-populares-feb-2022-1.pdf\" target=\"_blank\" rel=\"noopener noreferrer\">Informe completo<\/a><\/p>\n<\/div><div class=\"fusion-clearfix\"><\/div><\/div><\/div><\/div><\/div>\n","protected":false},"excerpt":{"rendered":"","protected":false},"author":2,"featured_media":17296,"comment_status":"closed","ping_status":"closed","sticky":false,"template":"","format":"standard","meta":{"_exactmetrics_skip_tracking":false,"_exactmetrics_sitenote_active":false,"_exactmetrics_sitenote_note":"","_exactmetrics_sitenote_category":0,"footnotes":""},"categories":[249,202],"tags":[489,488],"class_list":["post-17295","post","type-post","status-publish","format-standard","has-post-thumbnail","hentry","category-actividades","category-agenda","tag-observatorios-ambientales","tag-unlam"],"_links":{"self":[{"href":"https:\/\/observatorioconurbano.ungs.edu.ar\/index.php?rest_route=\/wp\/v2\/posts\/17295","targetHints":{"allow":["GET"]}}],"collection":[{"href":"https:\/\/observatorioconurbano.ungs.edu.ar\/index.php?rest_route=\/wp\/v2\/posts"}],"about":[{"href":"https:\/\/observatorioconurbano.ungs.edu.ar\/index.php?rest_route=\/wp\/v2\/types\/post"}],"author":[{"embeddable":true,"href":"https:\/\/observatorioconurbano.ungs.edu.ar\/index.php?rest_route=\/wp\/v2\/users\/2"}],"replies":[{"embeddable":true,"href":"https:\/\/observatorioconurbano.ungs.edu.ar\/index.php?rest_route=%2Fwp%2Fv2%2Fcomments&post=17295"}],"version-history":[{"count":2,"href":"https:\/\/observatorioconurbano.ungs.edu.ar\/index.php?rest_route=\/wp\/v2\/posts\/17295\/revisions"}],"predecessor-version":[{"id":17298,"href":"https:\/\/observatorioconurbano.ungs.edu.ar\/index.php?rest_route=\/wp\/v2\/posts\/17295\/revisions\/17298"}],"wp:featuredmedia":[{"embeddable":true,"href":"https:\/\/observatorioconurbano.ungs.edu.ar\/index.php?rest_route=\/wp\/v2\/media\/17296"}],"wp:attachment":[{"href":"https:\/\/observatorioconurbano.ungs.edu.ar\/index.php?rest_route=%2Fwp%2Fv2%2Fmedia&parent=17295"}],"wp:term":[{"taxonomy":"category","embeddable":true,"href":"https:\/\/observatorioconurbano.ungs.edu.ar\/index.php?rest_route=%2Fwp%2Fv2%2Fcategories&post=17295"},{"taxonomy":"post_tag","embeddable":true,"href":"https:\/\/observatorioconurbano.ungs.edu.ar\/index.php?rest_route=%2Fwp%2Fv2%2Ftags&post=17295"}],"curies":[{"name":"wp","href":"https:\/\/api.w.org\/{rel}","templated":true}]}}