{"id":16992,"date":"2021-11-11T11:10:41","date_gmt":"2021-11-11T14:10:41","guid":{"rendered":"http:\/\/observatorioconurbano.ungs.edu.ar\/?p=16992"},"modified":"2023-09-04T20:28:29","modified_gmt":"2023-09-04T23:28:29","slug":"7475-2-2-2-2-2-2-2-3-2-5-2-3","status":"publish","type":"post","link":"https:\/\/observatorioconurbano.ungs.edu.ar\/?p=16992","title":{"rendered":"Pol\u00edticas de desarrollo productivo en el conurbano bonaerense"},"content":{"rendered":"<p><div class=\"fusion-fullwidth fullwidth-box fusion-builder-row-1 nonhundred-percent-fullwidth non-hundred-percent-height-scrolling\" style=\"--awb-background-position:left top;--awb-border-sizes-top:0px;--awb-border-sizes-bottom:0px;--awb-border-sizes-left:0px;--awb-border-sizes-right:0px;--awb-border-radius-top-left:0px;--awb-border-radius-top-right:0px;--awb-border-radius-bottom-right:0px;--awb-border-radius-bottom-left:0px;--awb-padding-top:20px;--awb-padding-bottom:20px;--awb-background-color:#ffe8ca;--awb-flex-wrap:wrap;\" ><div class=\"fusion-builder-row fusion-row\"><div class=\"fusion-layout-column fusion_builder_column fusion-builder-column-0 fusion_builder_column_1_6 1_6 fusion-one-sixth fusion-column-first\" style=\"--awb-bg-size:cover;width:13.3333%; margin-right: 4%;\"><div class=\"fusion-column-wrapper fusion-flex-column-wrapper-legacy\"><div class=\"fusion-clearfix\"><\/div><\/div><\/div><div class=\"fusion-layout-column fusion_builder_column fusion-builder-column-1 fusion_builder_column_2_3 2_3 fusion-two-third\" style=\"--awb-padding-right:20px;--awb-padding-left:20px;--awb-bg-size:cover;--awb-margin-top:25px;width:65.3333%; margin-right: 4%;\"><div class=\"fusion-column-wrapper fusion-flex-column-wrapper-legacy\"><div class=\"fusion-text fusion-text-1\"><p><em><strong>\u201cLa actual matriz de programas estatales evidencia un despliegue creciente de instrumentos de apoyo, pero tambi\u00e9n, un alcance desigual en el territorio. El car\u00e1cter estructural de las problem\u00e1ticas productivas y la magnitud de las brechas en la regi\u00f3n exigen una labor \u2018capilar\u2019, mucho m\u00e1s extendida y un proceso asociativo m\u00e1s profundo.\u201d<\/strong><\/em><\/p>\n<p style=\"text-align: center;\"><strong><em>Jos\u00e9 Borello<\/em><\/strong><em>, investigador docente del \u00c1rea de Sistemas Econ\u00f3micos Urbanos del Instituto del Conurbano UNGS.<\/em><\/p>\n<\/div><div class=\"fusion-clearfix\"><\/div><\/div><\/div><div class=\"fusion-layout-column fusion_builder_column fusion-builder-column-2 fusion_builder_column_1_6 1_6 fusion-one-sixth fusion-column-last\" style=\"--awb-bg-size:cover;width:13.3333%;\"><div class=\"fusion-column-wrapper fusion-flex-column-wrapper-legacy\"><div class=\"fusion-clearfix\"><\/div><\/div><\/div><\/div><\/div><div class=\"fusion-fullwidth fullwidth-box fusion-builder-row-2 nonhundred-percent-fullwidth non-hundred-percent-height-scrolling\" style=\"--awb-background-position:left top;--awb-border-sizes-top:0px;--awb-border-sizes-bottom:0px;--awb-border-sizes-left:0px;--awb-border-sizes-right:0px;--awb-border-radius-top-left:0px;--awb-border-radius-top-right:0px;--awb-border-radius-bottom-right:0px;--awb-border-radius-bottom-left:0px;--awb-padding-top:20px;--awb-padding-bottom:20px;--awb-flex-wrap:wrap;\" ><div class=\"fusion-builder-row fusion-row\"><div class=\"fusion-layout-column fusion_builder_column fusion-builder-column-3 fusion_builder_column_1_1 1_1 fusion-one-full fusion-column-first fusion-column-last fusion-column-no-min-height\" style=\"--awb-bg-size:cover;--awb-margin-bottom:0px;\"><div class=\"fusion-column-wrapper fusion-flex-column-wrapper-legacy\"><div class=\"fusion-sep-clear\"><\/div><div class=\"fusion-separator fusion-full-width-sep\" style=\"margin-left: auto;margin-right: auto;margin-bottom:3%;width:100%;\"><\/div><div class=\"fusion-sep-clear\"><\/div><div class=\"fusion-text fusion-text-2\"><p style=\"text-align: right;\"><em>Por Leandro Rodr\u00edguez<a href=\"#_ftn1\" name=\"_ftnref1\"><sup><strong>[1]<\/strong><\/sup><\/a> y B\u00e1rbara Couto<a href=\"#_ftn2\" name=\"_ftnref2\"><sup><strong>[2]<\/strong><\/sup><\/a>.<\/em><a href=\"#_ftnref1\" name=\"_ftn1\"><\/a><\/p>\n<\/div><div class=\"fusion-clearfix\"><\/div><\/div><\/div><div class=\"fusion-layout-column fusion_builder_column fusion-builder-column-4 fusion_builder_column_1_2 1_2 fusion-one-half fusion-column-first\" style=\"--awb-bg-size:cover;width:48%; margin-right: 4%;\"><div class=\"fusion-column-wrapper fusion-flex-column-wrapper-legacy\"><div class=\"fusion-image-element in-legacy-container\" style=\"--awb-caption-title-font-family:var(--h2_typography-font-family);--awb-caption-title-font-weight:var(--h2_typography-font-weight);--awb-caption-title-font-style:var(--h2_typography-font-style);--awb-caption-title-size:var(--h2_typography-font-size);--awb-caption-title-transform:var(--h2_typography-text-transform);--awb-caption-title-line-height:var(--h2_typography-line-height);--awb-caption-title-letter-spacing:var(--h2_typography-letter-spacing);\"><span class=\" fusion-imageframe imageframe-none imageframe-1 hover-type-none\"><img decoding=\"async\" width=\"600\" height=\"450\" alt=\"Jos\u00e9-Borello\" title=\"Jos\u00e9-Borello-600\" src=\"http:\/\/observatorioconurbano.ungs.edu.ar\/wp-content\/uploads\/Jose-Borello-600.jpg\" class=\"img-responsive wp-image-16995\"\/><\/span><\/div><div class=\"fusion-clearfix\"><\/div><\/div><\/div><div class=\"fusion-layout-column fusion_builder_column fusion-builder-column-5 fusion_builder_column_1_2 1_2 fusion-one-half fusion-column-last\" style=\"--awb-bg-size:cover;width:48%;\"><div class=\"fusion-column-wrapper fusion-flex-column-wrapper-legacy\"><div class=\"fusion-text fusion-text-3\"><p><strong>En una regi\u00f3n tan heterog\u00e9nea y desigual en t\u00e9rminos productivos como el conurbano bonaerense, \u00bfCu\u00e1l es la importancia del accionar estatal en el despliegue de pol\u00edticas productivas para el territorio?<\/strong><\/p>\n<p>BORELLO: Hay un despliegue del accionar estatal importante tanto de Naci\u00f3n como desde Provincia de Buenos Aires y crecientemente tambi\u00e9n desde los gobiernos locales. Los datos del Observatorio del Conurbano permiten ponderar el alcance de diferentes <a href=\"http:\/\/observatorioconurbano.ungs.edu.ar\/?p=16952\" target=\"_blank\" rel=\"noopener noreferrer\">programas del Ministerio de Desarrollo Productivo de Naci\u00f3n <\/a>en los 24 partidos del conurbano. Los PAC &#8211;<a href=\"http:\/\/observatorioconurbano.ungs.edu.ar\/?p=16897\" target=\"_blank\" rel=\"noopener noreferrer\">Programa de Apoyo a la Competitividad<\/a>-, el <a href=\"http:\/\/observatorioconurbano.ungs.edu.ar\/?p=16913\" target=\"_blank\" rel=\"noopener noreferrer\">Registro Nacional de desarrollo de Proveedores<\/a>, el <a href=\"http:\/\/observatorioconurbano.ungs.edu.ar\/?p=16909\" target=\"_blank\" rel=\"noopener noreferrer\">Registro Mipyme<\/a>, <a href=\"http:\/\/observatorioconurbano.ungs.edu.ar\/?p=16893\" target=\"_blank\" rel=\"noopener noreferrer\">Grandes Proyectos de Inversi\u00f3n<\/a>, <a href=\"http:\/\/observatorioconurbano.ungs.edu.ar\/?p=16901\" target=\"_blank\" rel=\"noopener noreferrer\">Programa de Apoyo al Sistema Productivo Nacional COVID-19<\/a>, o los <a href=\"http:\/\/observatorioconurbano.ungs.edu.ar\/?p=16886\" target=\"_blank\" rel=\"noopener noreferrer\">Programas de Econom\u00eda del Conocimiento<\/a>, evidencian el peso de la regi\u00f3n en los beneficios asignados por el Estado nacional.<\/p>\n<p>Tambi\u00e9n hay otras herramientas estatales provinciales\/nacionales: las iniciativas de clusters o agrupamientos industriales, como el <a href=\"https:\/\/www.gba.gob.ar\/produccion\/areas_de_trabajo\/agrupamientos_industriales\" target=\"_blank\" rel=\"noopener noreferrer\">Programa Agrupamientos industriales <\/a>de la provincia de Buenos Aires, las l\u00edneas de Agricultura a trav\u00e9s del PROSAP <a href=\"http:\/\/www.prosap.gov.ar\/m_DefinicionObjetivos.aspx\" target=\"_blank\" rel=\"noopener noreferrer\">Programa de Servicios Agr\u00edcolas Provinciales, <\/a>las l\u00edneas para agrupamientos productivos y formaci\u00f3n para articuladores de red del Mincyt para vincular escuelas t\u00e9cnicas, empresas y universidades; todas estas iniciativas fueron y son muy interesantes, pero lamentablemente su alcance es muy limitado.<\/p>\n<p>Esta matriz de programas estatales evidencia un despliegue creciente de instrumentos de apoyo, pero tambi\u00e9n, un alcance desigual en el territorio.<\/p>\n<p><strong>El car\u00e1cter estructural de las problem\u00e1ticas productivas y la magnitud de las brechas en la regi\u00f3n exigen una labor \u2018capilar\u2019, mucho m\u00e1s extendida y un proceso asociativo m\u00e1s profundo.<\/strong> <span style=\"text-align: justify;\">[&#8230;]<\/span><\/p>\n<p style=\"margin: 0cm; margin-bottom: .0001pt; text-align: justify; text-justify: inter-ideograph; vertical-align: baseline;\">[ Ver la nota\u00a0completa en el PDF adjunto ]<\/p>\n<\/div><div class=\"fusion-text fusion-text-4\"><p><a href=\"#_ftnref1\" name=\"_ftn1\"><sup>[1]<\/sup><\/a> <em>Graduado ICO-UNGS y colaborador del Observatorio\u00a0 del Conurbano.<\/em><\/p>\n<p><a href=\"#_ftnref2\" name=\"_ftn2\"><sup>[2]<\/sup><\/a> <em>Coordinadora del Observatorio del Conurbano.<\/em><\/p>\n<\/div><div class=\"fusion-clearfix\"><\/div><\/div><\/div><\/div><\/div><\/p>\n<!-- WP Attachments -->\r\n        <div style=\"width:100%;margin:10px 0 10px 0;\">\r\n            <h3>Documentos<\/h3>\r\n        <ul class=\"post-attachments\"><li class=\"post-attachment mime-application-pdf\">                                                                                                                                                                                                                                                                              <a target=\"_blank\" rel=\"noopener noreferrer\" href=\"https:\/\/observatorioconurbano.ungs.edu.ar\/?p=16992&#038;download=16999\">Entrevista-Jose-Borello<\/a> <\/li><\/ul><\/div>","protected":false},"excerpt":{"rendered":"<p>Documentos Entrevista-Jose-Borello<\/p>\n","protected":false},"author":2,"featured_media":16995,"comment_status":"closed","ping_status":"closed","sticky":false,"template":"","format":"standard","meta":{"_exactmetrics_skip_tracking":false,"_exactmetrics_sitenote_active":false,"_exactmetrics_sitenote_note":"","_exactmetrics_sitenote_category":0,"footnotes":""},"categories":[613,527],"tags":[],"class_list":["post-16992","post","type-post","status-publish","format-standard","has-post-thumbnail","hentry","category-entrevista-noviembre-2021","category-todas"],"_links":{"self":[{"href":"https:\/\/observatorioconurbano.ungs.edu.ar\/index.php?rest_route=\/wp\/v2\/posts\/16992","targetHints":{"allow":["GET"]}}],"collection":[{"href":"https:\/\/observatorioconurbano.ungs.edu.ar\/index.php?rest_route=\/wp\/v2\/posts"}],"about":[{"href":"https:\/\/observatorioconurbano.ungs.edu.ar\/index.php?rest_route=\/wp\/v2\/types\/post"}],"author":[{"embeddable":true,"href":"https:\/\/observatorioconurbano.ungs.edu.ar\/index.php?rest_route=\/wp\/v2\/users\/2"}],"replies":[{"embeddable":true,"href":"https:\/\/observatorioconurbano.ungs.edu.ar\/index.php?rest_route=%2Fwp%2Fv2%2Fcomments&post=16992"}],"version-history":[{"count":9,"href":"https:\/\/observatorioconurbano.ungs.edu.ar\/index.php?rest_route=\/wp\/v2\/posts\/16992\/revisions"}],"predecessor-version":[{"id":19319,"href":"https:\/\/observatorioconurbano.ungs.edu.ar\/index.php?rest_route=\/wp\/v2\/posts\/16992\/revisions\/19319"}],"wp:featuredmedia":[{"embeddable":true,"href":"https:\/\/observatorioconurbano.ungs.edu.ar\/index.php?rest_route=\/wp\/v2\/media\/16995"}],"wp:attachment":[{"href":"https:\/\/observatorioconurbano.ungs.edu.ar\/index.php?rest_route=%2Fwp%2Fv2%2Fmedia&parent=16992"}],"wp:term":[{"taxonomy":"category","embeddable":true,"href":"https:\/\/observatorioconurbano.ungs.edu.ar\/index.php?rest_route=%2Fwp%2Fv2%2Fcategories&post=16992"},{"taxonomy":"post_tag","embeddable":true,"href":"https:\/\/observatorioconurbano.ungs.edu.ar\/index.php?rest_route=%2Fwp%2Fv2%2Ftags&post=16992"}],"curies":[{"name":"wp","href":"https:\/\/api.w.org\/{rel}","templated":true}]}}