{"id":16769,"date":"2021-09-30T19:05:01","date_gmt":"2021-09-30T22:05:01","guid":{"rendered":"http:\/\/observatorioconurbano.ungs.edu.ar\/?p=16769"},"modified":"2021-10-27T10:59:08","modified_gmt":"2021-10-27T13:59:08","slug":"politicas-economia-social-solidaria-municipios-del-conurbano-bonaerense-1-avances-institucionalizacion-2-2-3-2-2-3","status":"publish","type":"post","link":"https:\/\/observatorioconurbano.ungs.edu.ar\/?p=16769","title":{"rendered":"Plataformas de empleo"},"content":{"rendered":"<p><div class=\"fusion-fullwidth fullwidth-box fusion-builder-row-1 fusion-flex-container nonhundred-percent-fullwidth non-hundred-percent-height-scrolling\" style=\"--awb-border-radius-top-left:0px;--awb-border-radius-top-right:0px;--awb-border-radius-bottom-right:0px;--awb-border-radius-bottom-left:0px;--awb-margin-bottom:-30px;--awb-flex-wrap:wrap;\" ><div class=\"fusion-builder-row fusion-row fusion-flex-align-items-flex-start fusion-flex-content-wrap\" style=\"max-width:1144px;margin-left: calc(-4% \/ 2 );margin-right: calc(-4% \/ 2 );\"><div class=\"fusion-layout-column fusion_builder_column fusion-builder-column-0 fusion_builder_column_1_1 1_1 fusion-flex-column\" style=\"--awb-bg-size:cover;--awb-width-large:100%;--awb-margin-top-large:0px;--awb-spacing-right-large:1.92%;--awb-margin-bottom-large:20px;--awb-spacing-left-large:1.92%;--awb-width-medium:100%;--awb-order-medium:0;--awb-spacing-right-medium:1.92%;--awb-spacing-left-medium:1.92%;--awb-width-small:100%;--awb-order-small:0;--awb-spacing-right-small:1.92%;--awb-spacing-left-small:1.92%;\"><div class=\"fusion-column-wrapper fusion-column-has-shadow fusion-flex-justify-content-flex-start fusion-content-layout-column\"><div class=\"fusion-title title fusion-title-1 fusion-sep-none fusion-title-text fusion-title-size-three\" style=\"--awb-margin-top-small:0px;--awb-margin-right-small:0px;--awb-margin-bottom-small:20px;--awb-margin-left-small:0px;\"><h3 class=\"fusion-title-heading title-heading-left\" style=\"margin:0;\"><h3>TRAYECTORIAS LABORALES Y DE MOVILIDAD EN EL AMBA<\/h3><\/h3><\/div><\/div><\/div><\/div><\/div><div class=\"fusion-fullwidth fullwidth-box fusion-builder-row-2 nonhundred-percent-fullwidth non-hundred-percent-height-scrolling\" style=\"--awb-background-position:left top;--awb-border-sizes-top:0px;--awb-border-sizes-bottom:0px;--awb-border-sizes-left:0px;--awb-border-sizes-right:0px;--awb-border-radius-top-left:0px;--awb-border-radius-top-right:0px;--awb-border-radius-bottom-right:0px;--awb-border-radius-bottom-left:0px;--awb-padding-top:20px;--awb-padding-bottom:20px;--awb-flex-wrap:wrap;\" ><div class=\"fusion-builder-row fusion-row\"><div class=\"fusion-layout-column fusion_builder_column fusion-builder-column-1 fusion_builder_column_2_5 2_5 fusion-two-fifth fusion-column-first\" style=\"--awb-bg-size:cover;width:37.6%; margin-right: 4%;\"><div class=\"fusion-column-wrapper fusion-flex-column-wrapper-legacy\"><div class=\"fusion-image-element fusion-image-align-center in-legacy-container\" style=\"text-align:center;--awb-caption-title-font-family:var(--h2_typography-font-family);--awb-caption-title-font-weight:var(--h2_typography-font-weight);--awb-caption-title-font-style:var(--h2_typography-font-style);--awb-caption-title-size:var(--h2_typography-font-size);--awb-caption-title-transform:var(--h2_typography-text-transform);--awb-caption-title-line-height:var(--h2_typography-line-height);--awb-caption-title-letter-spacing:var(--h2_typography-letter-spacing);\"><div class=\"imageframe-align-center\"><span class=\" fusion-imageframe imageframe-none imageframe-1 hover-type-none\" style=\"border:1px solid #e8e8e8;\"><a href=\"http:\/\/observatorioconurbano.ungs.edu.ar\/wp-content\/uploads\/plataformas-de-empleo-700.jpg\" class=\"fusion-lightbox\" data-rel=\"iLightbox[9061272dda4fb040993]\" data-title=\"plataformas-de-empleo-700\" title=\"plataformas-de-empleo-700\"><img decoding=\"async\" width=\"700\" height=\"560\" alt=\"http:\/\/observatorioconurbano.ungs.edu.ar\/?p=16769\" src=\"http:\/\/observatorioconurbano.ungs.edu.ar\/wp-content\/uploads\/plataformas-de-empleo-700.jpg\" class=\"img-responsive wp-image-16770\"\/><\/a><\/span><\/div><\/div><div class=\"fusion-clearfix\"><\/div><\/div><\/div><div class=\"fusion-layout-column fusion_builder_column fusion-builder-column-2 fusion_builder_column_3_5 3_5 fusion-three-fifth fusion-column-last\" style=\"--awb-bg-size:cover;width:58.4%;\"><div class=\"fusion-column-wrapper fusion-flex-column-wrapper-legacy\"><div class=\"fusion-text fusion-text-1\"><p style=\"text-align: right;\"><em>Por B\u00e1rbara Couto, Rodrigo Carmona, Osvaldo Battistini y Leandro Rodr\u00edguez.<br \/>\n<\/em><\/p>\n<p><a href=\"#_ftnref1\" name=\"_ftn1\"><\/a><\/p>\n<\/div><div class=\"fusion-text fusion-text-2\"><p>El empleo de plataformas se ha convertido en un refugio para les j\u00f3venes residentes en zonas urbanas en a\u00f1os recientes, en el marco de un proceso de precarizaci\u00f3n y creciente desocupaci\u00f3n que acecha a esta franja etaria. Asimismo, a partir de la irrupci\u00f3n del contexto de pandemia por COVID-19, estos empleos se han expandido significativamente constituyendo un refugio para diferentes segmentos de la poblaci\u00f3n desocupada. Las empresas de plataformas han incrementado su nivel de actividad por ser un soporte log\u00edstico central de las actividades esenciales en el marco de las medidas de aislamiento impuesto. Al transporte de alimentos y medicamentos como insumos esenciales se incorporaron \u201cservicios de env\u00edo puerta a puerta\u201d de gran variedad de productos de comercios que no pod\u00edan realizar ventas al p\u00fablico. El art\u00edculo se elabora a partir de una investigaci\u00f3n que indaga sobre el escenario<br \/>\npre-pandemia y sobre los impactos de la pandemia en los empleos de plataformas en el AMBA. Se pasa revista de algunos aportes conceptuales sobre la tem\u00e1tica. Nos preguntamos de qu\u00e9 manera los cybertrabajadores representan una nueva categor\u00eda02 en materia de fragmentaci\u00f3n sociolaboral.<br \/>\nJ\u00f3venes, desempleades, inmigrantes, con calificaciones heterog\u00e9neas: de qu\u00e9 manera confluyen estas caracter\u00edsticas<br \/>\nsociodemogr\u00e1ficas en trabajadores de plataformas, cu\u00e1les son sus trayectorias laborales, educativas; cu\u00e1les son las<br \/>\nperspectivas de organizaci\u00f3n de este colectivo en el escenario actual [&#8230;]<\/p>\n<\/div><div class=\"fusion-clearfix\"><\/div><\/div><\/div><\/div><\/div><\/p>\n<!-- WP Attachments -->\r\n        <div style=\"width:100%;margin:10px 0 10px 0;\">\r\n            <h3>Documentos<\/h3>\r\n        <ul class=\"post-attachments\"><li class=\"post-attachment mime-application-pdf\">                                                                                                                                                                                                                                                                              <a target=\"_blank\" rel=\"noopener noreferrer\" href=\"https:\/\/observatorioconurbano.ungs.edu.ar\/?p=16769&#038;download=16781\">Plataformas-de-empleo.-Trayectorias-laborales-y-de-movilidad_final<\/a> <\/li><\/ul><\/div>","protected":false},"excerpt":{"rendered":"<p>Documentos Plataformas-de-empleo.-Trayectorias-laborales-y-de-movilidad_final<\/p>\n","protected":false},"author":2,"featured_media":16770,"comment_status":"closed","ping_status":"closed","sticky":false,"template":"","format":"standard","meta":{"_exactmetrics_skip_tracking":false,"_exactmetrics_sitenote_active":false,"_exactmetrics_sitenote_note":"","_exactmetrics_sitenote_category":0,"footnotes":""},"categories":[611,527],"tags":[610],"class_list":["post-16769","post","type-post","status-publish","format-standard","has-post-thumbnail","hentry","category-articulos-centrales-septiembre-2021","category-todas","tag-articulos-centrales-septiembre-2021"],"_links":{"self":[{"href":"https:\/\/observatorioconurbano.ungs.edu.ar\/index.php?rest_route=\/wp\/v2\/posts\/16769","targetHints":{"allow":["GET"]}}],"collection":[{"href":"https:\/\/observatorioconurbano.ungs.edu.ar\/index.php?rest_route=\/wp\/v2\/posts"}],"about":[{"href":"https:\/\/observatorioconurbano.ungs.edu.ar\/index.php?rest_route=\/wp\/v2\/types\/post"}],"author":[{"embeddable":true,"href":"https:\/\/observatorioconurbano.ungs.edu.ar\/index.php?rest_route=\/wp\/v2\/users\/2"}],"replies":[{"embeddable":true,"href":"https:\/\/observatorioconurbano.ungs.edu.ar\/index.php?rest_route=%2Fwp%2Fv2%2Fcomments&post=16769"}],"version-history":[{"count":4,"href":"https:\/\/observatorioconurbano.ungs.edu.ar\/index.php?rest_route=\/wp\/v2\/posts\/16769\/revisions"}],"predecessor-version":[{"id":16779,"href":"https:\/\/observatorioconurbano.ungs.edu.ar\/index.php?rest_route=\/wp\/v2\/posts\/16769\/revisions\/16779"}],"wp:featuredmedia":[{"embeddable":true,"href":"https:\/\/observatorioconurbano.ungs.edu.ar\/index.php?rest_route=\/wp\/v2\/media\/16770"}],"wp:attachment":[{"href":"https:\/\/observatorioconurbano.ungs.edu.ar\/index.php?rest_route=%2Fwp%2Fv2%2Fmedia&parent=16769"}],"wp:term":[{"taxonomy":"category","embeddable":true,"href":"https:\/\/observatorioconurbano.ungs.edu.ar\/index.php?rest_route=%2Fwp%2Fv2%2Fcategories&post=16769"},{"taxonomy":"post_tag","embeddable":true,"href":"https:\/\/observatorioconurbano.ungs.edu.ar\/index.php?rest_route=%2Fwp%2Fv2%2Ftags&post=16769"}],"curies":[{"name":"wp","href":"https:\/\/api.w.org\/{rel}","templated":true}]}}