{"id":16742,"date":"2021-09-25T12:21:24","date_gmt":"2021-09-25T15:21:24","guid":{"rendered":"http:\/\/observatorioconurbano.ungs.edu.ar\/?p=16742"},"modified":"2021-11-11T01:31:50","modified_gmt":"2021-11-11T04:31:50","slug":"7475-2-2-2-2-2-2-2-3-2-5","status":"publish","type":"post","link":"https:\/\/observatorioconurbano.ungs.edu.ar\/?p=16742","title":{"rendered":"Empleos de plataformas"},"content":{"rendered":"<p><div class=\"fusion-fullwidth fullwidth-box fusion-builder-row-1 fusion-flex-container nonhundred-percent-fullwidth non-hundred-percent-height-scrolling\" style=\"--awb-border-radius-top-left:0px;--awb-border-radius-top-right:0px;--awb-border-radius-bottom-right:0px;--awb-border-radius-bottom-left:0px;--awb-flex-wrap:wrap;\" ><div class=\"fusion-builder-row fusion-row fusion-flex-align-items-flex-start fusion-flex-content-wrap\" style=\"max-width:1144px;margin-left: calc(-4% \/ 2 );margin-right: calc(-4% \/ 2 );\"><div class=\"fusion-layout-column fusion_builder_column fusion-builder-column-0 fusion_builder_column_1_1 1_1 fusion-flex-column\" style=\"--awb-bg-size:cover;--awb-width-large:100%;--awb-margin-top-large:-30px;--awb-spacing-right-large:1.92%;--awb-margin-bottom-large:20px;--awb-spacing-left-large:1.92%;--awb-width-medium:100%;--awb-order-medium:0;--awb-spacing-right-medium:1.92%;--awb-spacing-left-medium:1.92%;--awb-width-small:100%;--awb-order-small:0;--awb-spacing-right-small:1.92%;--awb-spacing-left-small:1.92%;\"><div class=\"fusion-column-wrapper fusion-column-has-shadow fusion-flex-justify-content-flex-start fusion-content-layout-column\"><div class=\"fusion-title title fusion-title-1 fusion-sep-none fusion-title-text fusion-title-size-one\" style=\"--awb-margin-top-small:0px;--awb-margin-right-small:0px;--awb-margin-bottom-small:20px;--awb-margin-left-small:0px;\"><h1 class=\"fusion-title-heading title-heading-left\" style=\"margin:0;\"><h3>La flexibilidad horaria no anula las relaciones de dependencia y subordinaci\u00f3n entre trabajadores y empleadores de las Apps<\/h3><\/h1><\/div><\/div><\/div><\/div><\/div><div class=\"fusion-fullwidth fullwidth-box fusion-builder-row-2 nonhundred-percent-fullwidth non-hundred-percent-height-scrolling\" style=\"--awb-background-position:left top;--awb-border-sizes-top:0px;--awb-border-sizes-bottom:0px;--awb-border-sizes-left:0px;--awb-border-sizes-right:0px;--awb-border-radius-top-left:0px;--awb-border-radius-top-right:0px;--awb-border-radius-bottom-right:0px;--awb-border-radius-bottom-left:0px;--awb-padding-top:20px;--awb-padding-bottom:20px;--awb-background-color:#ffe8ca;--awb-flex-wrap:wrap;\" ><div class=\"fusion-builder-row fusion-row\"><div class=\"fusion-layout-column fusion_builder_column fusion-builder-column-1 fusion_builder_column_1_6 1_6 fusion-one-sixth fusion-column-first\" style=\"--awb-bg-size:cover;width:13.3333%; margin-right: 4%;\"><div class=\"fusion-column-wrapper fusion-flex-column-wrapper-legacy\"><div class=\"fusion-clearfix\"><\/div><\/div><\/div><div class=\"fusion-layout-column fusion_builder_column fusion-builder-column-2 fusion_builder_column_2_3 2_3 fusion-two-third\" style=\"--awb-padding-right:20px;--awb-padding-left:20px;--awb-bg-size:cover;--awb-margin-top:25px;width:65.3333%; margin-right: 4%;\"><div class=\"fusion-column-wrapper fusion-flex-column-wrapper-legacy\"><div class=\"fusion-text fusion-text-1\"><p style=\"text-align: center;\"><em>B\u00e1rbara Couto, Ver\u00f3nica Maceira y Melina Castellano entrevistaron a Juan Manuel Ottaviano, abogado asesor de trabajadores de la Asociaci\u00f3n de Personal de Plataformas, en el marco del en el marco del proyecto ICO 2019-2020 \u201cPlataformas tecnol\u00f3gicas y trabajo. Un an\u00e1lisis sobre el \u00c1rea Metropolitana de Buenos Aires\u201d y el Programa Interinstituto ICO-ICI \u201cEmpleo Trabajo y Producci\u00f3n\u201d. La entrevista compila dos encuentros, uno del 19 de septiembre de 2019 y otro del 16 de diciembre de 2020.<\/em><\/p>\n<\/div><div class=\"fusion-clearfix\"><\/div><\/div><\/div><div class=\"fusion-layout-column fusion_builder_column fusion-builder-column-3 fusion_builder_column_1_6 1_6 fusion-one-sixth fusion-column-last\" style=\"--awb-bg-size:cover;width:13.3333%;\"><div class=\"fusion-column-wrapper fusion-flex-column-wrapper-legacy\"><div class=\"fusion-clearfix\"><\/div><\/div><\/div><\/div><\/div><div class=\"fusion-fullwidth fullwidth-box fusion-builder-row-3 nonhundred-percent-fullwidth non-hundred-percent-height-scrolling\" style=\"--awb-background-position:left top;--awb-border-sizes-top:0px;--awb-border-sizes-bottom:0px;--awb-border-sizes-left:0px;--awb-border-sizes-right:0px;--awb-border-radius-top-left:0px;--awb-border-radius-top-right:0px;--awb-border-radius-bottom-right:0px;--awb-border-radius-bottom-left:0px;--awb-padding-top:20px;--awb-padding-bottom:20px;--awb-flex-wrap:wrap;\" ><div class=\"fusion-builder-row fusion-row\"><div class=\"fusion-layout-column fusion_builder_column fusion-builder-column-4 fusion_builder_column_1_1 1_1 fusion-one-full fusion-column-first fusion-column-last fusion-column-no-min-height\" style=\"--awb-bg-size:cover;--awb-margin-bottom:0px;\"><div class=\"fusion-column-wrapper fusion-flex-column-wrapper-legacy\"><div class=\"fusion-sep-clear\"><\/div><div class=\"fusion-separator fusion-full-width-sep\" style=\"margin-left: auto;margin-right: auto;margin-bottom:3%;width:100%;\"><\/div><div class=\"fusion-sep-clear\"><\/div><div class=\"fusion-clearfix\"><\/div><\/div><\/div><div class=\"fusion-layout-column fusion_builder_column fusion-builder-column-5 fusion_builder_column_1_2 1_2 fusion-one-half fusion-column-first\" style=\"--awb-bg-size:cover;width:48%; margin-right: 4%;\"><div class=\"fusion-column-wrapper fusion-flex-column-wrapper-legacy\"><div class=\"fusion-image-carousel fusion-image-carousel-auto fusion-image-carousel-1 lightbox-enabled fusion-carousel-border\"><div class=\"awb-carousel awb-swiper awb-swiper-carousel awb-carousel--carousel awb-swiper-dots-position-bottom\" data-layout=\"carousel\" data-autoplay=\"yes\" data-autoplayspeed=\"2500\" data-autoplaypause=\"no\" data-loop=\"yes\" data-columns=\"1\" data-columnsmedium=\"1\" data-columnssmall=\"1\" data-itemmargin=\"5\" data-itemwidth=\"180\" data-touchscroll=\"no\" data-freemode=\"no\" data-imagesize=\"auto\" data-scrollitems=\"0\" data-centeredslides=\"no\" data-rotationangle=\"50\" data-depth=\"100\" data-speed=\"500\" data-shadow=\"no\" data-pagination=\"bullets\" style=\"--awb-columns:1;--awb-column-spacing:5px;--awb-border-width:1px;--awb-border-color:#e9eaee;\"><div class=\"swiper-wrapper awb-image-carousel-wrapper fusion-flex-align-items-center\"><div class=\"swiper-slide\"><div class=\"fusion-carousel-item-wrapper\"><div class=\"fusion-image-wrapper hover-type-none\"><a data-rel=\"iLightbox[image_carousel_1]\" data-title=\"Entrevista_Ottaviano-500\" aria-label=\"Entrevista_Ottaviano-500\" href=\"http:\/\/observatorioconurbano.ungs.edu.ar\/wp-content\/uploads\/Entrevista_Ottaviano-500.jpg\" target=\"_self\"><img decoding=\"async\" width=\"500\" height=\"290\" src=\"https:\/\/observatorioconurbano.ungs.edu.ar\/wp-content\/uploads\/Entrevista_Ottaviano-500.jpg\" class=\"attachment-full size-full\" alt=\"Entrevista_Ottaviano\" \/><\/a><\/div><\/div><\/div><div class=\"swiper-slide\"><div class=\"fusion-carousel-item-wrapper\"><div class=\"fusion-image-wrapper hover-type-none\"><a data-rel=\"iLightbox[image_carousel_1]\" data-title=\"Entrevista_estacion-finlandia-500\" aria-label=\"Entrevista_estacion-finlandia-500\" href=\"http:\/\/observatorioconurbano.ungs.edu.ar\/wp-content\/uploads\/Entrevista_estacion-finlandia-500.jpg\" target=\"_self\"><img decoding=\"async\" width=\"500\" height=\"290\" src=\"https:\/\/observatorioconurbano.ungs.edu.ar\/wp-content\/uploads\/Entrevista_estacion-finlandia-500.jpg\" class=\"attachment-full size-full\" alt=\"Entrevista_estacion-finlandia\" \/><\/a><\/div><\/div><\/div><div class=\"swiper-slide\"><div class=\"fusion-carousel-item-wrapper\"><div class=\"fusion-image-wrapper hover-type-none\"><a data-rel=\"iLightbox[image_carousel_1]\" data-title=\"Entrevista_infobae_Mesa-de-trabajo-500\" aria-label=\"Entrevista_infobae_Mesa-de-trabajo-500\" href=\"http:\/\/observatorioconurbano.ungs.edu.ar\/wp-content\/uploads\/Entrevista_infobae_Mesa-de-trabajo-500.jpg\" target=\"_self\"><img decoding=\"async\" width=\"500\" height=\"289\" src=\"https:\/\/observatorioconurbano.ungs.edu.ar\/wp-content\/uploads\/Entrevista_infobae_Mesa-de-trabajo-500.jpg\" class=\"attachment-full size-full\" alt=\"Entrevista_infobae_Mesa-de-trabajo\" \/><\/a><\/div><\/div><\/div><div class=\"swiper-slide\"><div class=\"fusion-carousel-item-wrapper\"><div class=\"fusion-image-wrapper hover-type-none\"><a data-rel=\"iLightbox[image_carousel_1]\" data-title=\"Entrevista_infobae-500\" aria-label=\"Entrevista_infobae-500\" href=\"http:\/\/observatorioconurbano.ungs.edu.ar\/wp-content\/uploads\/Entrevista_infobae-500.jpg\" target=\"_self\"><img decoding=\"async\" width=\"500\" height=\"282\" src=\"https:\/\/observatorioconurbano.ungs.edu.ar\/wp-content\/uploads\/Entrevista_infobae-500.jpg\" class=\"attachment-full size-full\" alt=\"Entrevista_infobae\" \/><\/a><\/div><\/div><\/div><\/div><\/div><\/div><div class=\"fusion-clearfix\"><\/div><\/div><\/div><div class=\"fusion-layout-column fusion_builder_column fusion-builder-column-6 fusion_builder_column_1_2 1_2 fusion-one-half fusion-column-last\" style=\"--awb-bg-size:cover;width:48%;\"><div class=\"fusion-column-wrapper fusion-flex-column-wrapper-legacy\"><div class=\"fusion-text fusion-text-2\"><p><strong>\u00bfC\u00f3mo es el enfoque del modelo colaborativo emprendedorista que se quiere asignar a las plataformas y que est\u00e1 presente en la propuesta de Ley del Bloque Vamos Juntos de la Legislatura Porte\u00f1a para regular las apps? <\/strong><\/p>\n<p>OTTAVIANO: Se pretende imponer el enfoque del modelo colaborativo en los empleos de plataformas, donde los trabajadores son emprendedores y las empresas son solo intermediarias. El planteo de la econom\u00eda colaborativa primero tiene una dimensi\u00f3n mitol\u00f3gica \u00bfqu\u00e9 es la colaboraci\u00f3n? Est\u00e1 vedado aqu\u00ed el concepto de trabajo, sujeci\u00f3n,\u00a0 dependencia, subordinaci\u00f3n, que es determinante en las relaciones laborales.<\/p>\n<p>El planteo de la econom\u00eda colaborativa es que no hay ning\u00fan aspecto de subordinaci\u00f3n y esto es una fantas\u00eda. El postulado jur\u00eddico que supone que estas relaciones son aut\u00f3nomas est\u00e1 basado en el supuesto de que si hay flexibilidad horaria, no hay, entonces, subordinaci\u00f3n jur\u00eddica, t\u00e9cnica o econ\u00f3mica.<\/p>\n<p>Ning\u00fan abogado laboralista puede decir que estas relaciones son aut\u00f3nomas porque\u00a0 lo pone en contradicci\u00f3n con su propio campo de conocimiento, es desconocer el derecho del trabajo, uno de los elementos b\u00e1sicos del derecho del trabajo es que hay trabajo asalariado, y el trabajo asalariado est\u00e1 basado en que hay relaciones de subordinaci\u00f3n y de dependencia. Hay subordinaci\u00f3n econ\u00f3mica en dos sentidos: hay dependencia en los ingresos y adem\u00e1s,\u00a0 quien determina el valor del salario es el empleador, la plataforma. Hay dependencia jur\u00eddica porque hay un sistema organizado disciplinario de sanciones. Hay dependencia t\u00e9cnica porque quien organiza t\u00e9cnicamente el trabajo, quien organiza la empresa, la plataforma, el empleador. Hay ajenidad en el mercado, hay ajenidad en la determinaci\u00f3n del precio. Excepto que hay un indicio de autonom\u00eda que es una flexibilidad relativa en la organizaci\u00f3n de la jornada, es decir, no hay un control exclusivo de parte de la plataforma para\u00a0 determinar en qu\u00e9 momento debe ser prestado el servicio; ahora bien, mientras haya tiempo a disposici\u00f3n del trabajador ante el empleador, la disposici\u00f3n es dependiente.\u00a0 <span style=\"text-align: justify;\">[&#8230;]<\/span><\/p>\n<p style=\"margin: 0cm; margin-bottom: .0001pt; text-align: justify; text-justify: inter-ideograph; vertical-align: baseline;\">[ Ver la nota\u00a0completa en el PDF adjunto ]<\/p>\n<\/div><div class=\"fusion-clearfix\"><\/div><\/div><\/div><\/div><\/div><\/p>\n<!-- WP Attachments -->\r\n        <div style=\"width:100%;margin:10px 0 10px 0;\">\r\n            <h3>Documentos<\/h3>\r\n        <ul class=\"post-attachments\"><li class=\"post-attachment mime-application-pdf\">                                                                                                                                                                                                                                                                              <a target=\"_blank\" rel=\"noopener noreferrer\" href=\"https:\/\/observatorioconurbano.ungs.edu.ar\/?p=16742&#038;download=16757\">Entrevista-Juan-Manuel-Ottaviano<\/a> <\/li><\/ul><\/div>","protected":false},"excerpt":{"rendered":"<p>Documentos Entrevista-Juan-Manuel-Ottaviano<\/p>\n","protected":false},"author":2,"featured_media":16751,"comment_status":"closed","ping_status":"closed","sticky":false,"template":"","format":"standard","meta":{"_exactmetrics_skip_tracking":false,"_exactmetrics_sitenote_active":false,"_exactmetrics_sitenote_note":"","_exactmetrics_sitenote_category":0,"footnotes":""},"categories":[609,527],"tags":[],"class_list":["post-16742","post","type-post","status-publish","format-standard","has-post-thumbnail","hentry","category-entrevista-septiembre-2021","category-todas"],"_links":{"self":[{"href":"https:\/\/observatorioconurbano.ungs.edu.ar\/index.php?rest_route=\/wp\/v2\/posts\/16742","targetHints":{"allow":["GET"]}}],"collection":[{"href":"https:\/\/observatorioconurbano.ungs.edu.ar\/index.php?rest_route=\/wp\/v2\/posts"}],"about":[{"href":"https:\/\/observatorioconurbano.ungs.edu.ar\/index.php?rest_route=\/wp\/v2\/types\/post"}],"author":[{"embeddable":true,"href":"https:\/\/observatorioconurbano.ungs.edu.ar\/index.php?rest_route=\/wp\/v2\/users\/2"}],"replies":[{"embeddable":true,"href":"https:\/\/observatorioconurbano.ungs.edu.ar\/index.php?rest_route=%2Fwp%2Fv2%2Fcomments&post=16742"}],"version-history":[{"count":12,"href":"https:\/\/observatorioconurbano.ungs.edu.ar\/index.php?rest_route=\/wp\/v2\/posts\/16742\/revisions"}],"predecessor-version":[{"id":16991,"href":"https:\/\/observatorioconurbano.ungs.edu.ar\/index.php?rest_route=\/wp\/v2\/posts\/16742\/revisions\/16991"}],"wp:featuredmedia":[{"embeddable":true,"href":"https:\/\/observatorioconurbano.ungs.edu.ar\/index.php?rest_route=\/wp\/v2\/media\/16751"}],"wp:attachment":[{"href":"https:\/\/observatorioconurbano.ungs.edu.ar\/index.php?rest_route=%2Fwp%2Fv2%2Fmedia&parent=16742"}],"wp:term":[{"taxonomy":"category","embeddable":true,"href":"https:\/\/observatorioconurbano.ungs.edu.ar\/index.php?rest_route=%2Fwp%2Fv2%2Fcategories&post=16742"},{"taxonomy":"post_tag","embeddable":true,"href":"https:\/\/observatorioconurbano.ungs.edu.ar\/index.php?rest_route=%2Fwp%2Fv2%2Ftags&post=16742"}],"curies":[{"name":"wp","href":"https:\/\/api.w.org\/{rel}","templated":true}]}}