{"id":16102,"date":"2021-08-23T11:00:05","date_gmt":"2021-08-23T14:00:05","guid":{"rendered":"http:\/\/observatorioconurbano.ungs.edu.ar\/?p=16102"},"modified":"2021-08-23T11:00:05","modified_gmt":"2021-08-23T14:00:05","slug":"inmigrantes-conurbano-bonaerense-mitos-realidades-2","status":"publish","type":"post","link":"https:\/\/observatorioconurbano.ungs.edu.ar\/?p=16102","title":{"rendered":"Inmigrantes en el Conurbano Bonaerense: entre mitos y realidades"},"content":{"rendered":"<div class=\"fusion-fullwidth fullwidth-box fusion-builder-row-1 nonhundred-percent-fullwidth non-hundred-percent-height-scrolling\" style=\"--awb-background-position:left top;--awb-border-radius-top-left:0px;--awb-border-radius-top-right:0px;--awb-border-radius-bottom-right:0px;--awb-border-radius-bottom-left:0px;--awb-padding-top:20px;--awb-padding-bottom:20px;--awb-border-sizes-top:0px;--awb-border-sizes-bottom:0px;--awb-flex-wrap:wrap;\" ><div class=\"fusion-builder-row fusion-row\"><div class=\"fusion-layout-column fusion_builder_column fusion-builder-column-0 fusion_builder_column_1_1 1_1 fusion-one-full fusion-column-first fusion-column-last\" style=\"--awb-bg-size:cover;\"><div class=\"fusion-column-wrapper fusion-flex-column-wrapper-legacy\"><div class=\"fusion-text fusion-text-1\"><p style=\"text-align: right;\"><em>Por Anabella Zamora A.<\/em><\/p>\n<\/div><div class=\"fusion-text fusion-text-2\"><p>\u201cSon muchos. Nos vienen a quitar el trabajo. Viven de subsidios y de los beneficios del Estado\u201d, son algunas de las frases que se escuchan cuando aflora el discurso anti inmigrantes en la esfera p\u00fablica, tanto desde el ciudadano com\u00fan como desde algunos dirigentes pol\u00edticos.<\/p>\n<p>Sin embargo, las cifras muestran que el n\u00famero de inmigrantes es bajo en relaci\u00f3n a la poblaci\u00f3n total, si refiere a personas nacidas en pa\u00edses lim\u00edtrofes. En el caso del Conurbano Bonaerense (compuesto por los 40 partidos de la Regi\u00f3n Metropolitana de Buenos Aires que rodean a la Ciudad Aut\u00f3noma de Buenos Aires), la presencia de inmigrantes se distribuye de la siguiente forma (seg\u00fan datos de elaboraci\u00f3n propia en base al Censo 2010):<br \/>\nLos <strong>habitantes totales del Conurbano Bonarense son 11.948.875<\/strong>. De ese total, <strong>342.727\u00a0provienen de Paraguay (2,87%), 120.833 de Bolivia (1,01%), 62.220 de Uruguay (0,52%),\u00a060.796 de Per\u00fa (0,51%), 26.265 de Chile (0,22%), 7.036 de Brasil (0,06%) y 5.022 (0,04%) son de otros pa\u00edses<\/strong> (<a href=\"http:\/\/observatorioconurbano.ungs.edu.ar\/wp-content\/uploads\/254-Migraci%C3%B3n-2010-paises-Sud.pdf\" target=\"_blank\" rel=\"noopener noreferrer\">ver indicadores<\/a>).<\/p>\n<p>De acuerdo a estas cifras, <strong>la poblaci\u00f3n inmigrante en el Conurbano, representa un 5,23%<\/strong>\u00a0del total de habitantes. Y los porcentajes m\u00e1s altos son de paraguayos y bolivianos. Laura Reboratti y Andr\u00e9s Barsky son investigadores y docentes del Instituto del Conurbano, de\u00a0la Universidad Nacional de General Sarmiento. En esta entrevista brindaron algunas claves\u00a0sobre lo que significa la presencia de inmigrantes en la RMBA en particular, y en Argentina en general.<\/p>\n<p><em><strong>Los n\u00fameros muestran que la poblaci\u00f3n inmigrante es apenas superior al 5% en el Conurbano Bonarense. Sin embargo, hay discursos que aluden a una cantidad mayor. \u00bfPor qu\u00e9?<\/strong><\/em><\/p>\n<blockquote>\n<p><strong>Laura<\/strong>: \u201cEl com\u00fan de la gente tiene esta sensaci\u00f3n, que estamos llenos de inmigrantes porque\u00a0hay un alto grado de concentraci\u00f3n y barrios donde han armado sus grupos de pertenencia y\u00a0colectividad, entonces est\u00e1n todos juntos.<br \/>\nEl dato del censo es muy interesante porque cuando te hablan de los ilegales o\u00a0indocumentados, en el censo esto no aparece como problema. Cuando el censista va a la casa lo que le pregunta es d\u00f3nde naci\u00f3, no importa si tiene documentos o no. As\u00ed que la respuesta del censo es buena por ese lado, y adem\u00e1s es desde el universo total.<br \/>\nNo hay nada tan universal como el censo. Aunque sea del 2010, y as\u00ed hayan tenido un hijo por a\u00f1o no var\u00eda demasiado. Los hijos de ellos que nacen ac\u00e1 son argentinos y ya no entran en\u00a0esta estad\u00edstica\u201d.<\/p>\n<\/blockquote>\n<p><em><strong>\u00bfCu\u00e1l es el impacto de esta presencia de inmigrantes en la actividad social y econ\u00f3mica de la Regi\u00f3n?<\/strong><\/em><\/p>\n<blockquote>\n<p><strong>Laura<\/strong>: \u201cEn t\u00e9rminos generales, tiene que ser irrelevante. Por actividad econ\u00f3mica es otra cosa porque hay concentraci\u00f3n por tipo de actividad econ\u00f3mica: los bolivianos en agricultura, los paraguayos en construcci\u00f3n. Ahora si mir\u00e1s los datos, si bien los paraguayos son la comunidad m\u00e1s numerosa, son muchas m\u00e1s las mujeres paraguayas que los varones, con lo\u00a0cual el mito de que los paraguayos est\u00e1n en la construcci\u00f3n y le roban el trabajo a los<br \/>\nargentinos tampoco es tal\u201d.<\/p>\n<p><strong>Andr\u00e9s<\/strong>: \u201cEl tema del impacto econ\u00f3mico est\u00e1 muy estudiado en otros pa\u00edses, sobretodo en cuanto a mitos tales como que los inmigrantes se benefician del Estado benefactor, que viven de subsidios, etc. En el a\u00f1o 2006, en Espa\u00f1a un estudio de Caixa Catalunya demostraba que el \u00b4milagro\u2019 del crecimiento econ\u00f3mico espa\u00f1ol -que era de 3% a 4% anual-, se deb\u00eda en gran parte al aporte de los extranjeros a la econom\u00eda. Incluso calculaban cu\u00e1nto aportan al Estado y cu\u00e1nto \u2018se llevan\u2019 del Estado. Y en 2011, un estudio realizado por la Obra Social de la Caixa\u00a0en plena crisis dio el mismo resultado. Siempre en el c\u00e1lculo es superior lo que aportan a lo que se llevan, de la manera que lo mires: recaudaci\u00f3n fiscal, porcentaje de crecimiento, lo que aportan al PBI. Los estudios son muy claros.\u00a0En el caso de Argentina, si bien no hay estudios tan espec\u00edficos en este sentido, acontece la misma situaci\u00f3n. Por ejemplo, en la agricultura periurbana, que produce lo que comemos todos los d\u00edas en la ensalada. La provisi\u00f3n de hortalizas de Buenos Aires, producidas en el cintur\u00f3n de 9.000 hect\u00e1reas que est\u00e1 a su alrededor, el aporte es de un 30%. Y all\u00ed los bolivianos tienen un rol principal porque m\u00e1s de la mitad de esa producci\u00f3n es generada por\u00a0ellos. O sea que la colectividad boliviana est\u00e1 aportando de manera esencial a la seguridad alimentaria de la poblaci\u00f3n.<br \/>\nAsimismo, como agentes econ\u00f3micos han avanzado en la cadena de comercializaci\u00f3n\u00a0mayorista y minorista de una manera muy inteligente, aprovechando las redes que han\u00a0armado en el territorio. A ello tambi\u00e9n contribuy\u00f3 una importante crisis de la horticultura\u00a0familiar tradicional registrada en los a\u00f1os \u00b480 y `90 y una retirada del Estado respecto de la regulaci\u00f3n de los mercados hort\u00edcolas. Situaciones que los bolivianos supieron aprovechar.<br \/>\nPor otro lado, lo que viene ocurriendo desde principios del siglo XX, es que con el correr del\u00a0tiempo las diferentes colectividades se han ido reemplazando en el desarrollo de esta\u00a0actividad. Primero estaban los espa\u00f1oles e italianos alrededor de Buenos Aires produciendo\u00a0alimentos, despu\u00e9s los japoneses, y luego los portugueses envejecen y son los bolivianos\u00a0quienes los reemplazan. La pregunta es qui\u00e9n se har\u00e1 cargo de esta actividad dentro de 30 o\u00a040 a\u00f1os. En definitiva, hay una serie de actividades econ\u00f3micas que los argentinos no\u00a0realizamos y que son important\u00edsimas para el funcionamiento de la sociedad\u201d. [&#8230;]<\/p><\/blockquote>\n<\/div><div class=\"fusion-clearfix\"><\/div><\/div><\/div><\/div><\/div>\n","protected":false},"excerpt":{"rendered":"","protected":false},"author":2,"featured_media":0,"comment_status":"closed","ping_status":"closed","sticky":false,"template":"","format":"standard","meta":{"_exactmetrics_skip_tracking":false,"_exactmetrics_sitenote_active":false,"_exactmetrics_sitenote_note":"","_exactmetrics_sitenote_category":0,"footnotes":""},"categories":[527],"tags":[],"class_list":["post-16102","post","type-post","status-publish","format-standard","hentry","category-todas"],"_links":{"self":[{"href":"https:\/\/observatorioconurbano.ungs.edu.ar\/index.php?rest_route=\/wp\/v2\/posts\/16102","targetHints":{"allow":["GET"]}}],"collection":[{"href":"https:\/\/observatorioconurbano.ungs.edu.ar\/index.php?rest_route=\/wp\/v2\/posts"}],"about":[{"href":"https:\/\/observatorioconurbano.ungs.edu.ar\/index.php?rest_route=\/wp\/v2\/types\/post"}],"author":[{"embeddable":true,"href":"https:\/\/observatorioconurbano.ungs.edu.ar\/index.php?rest_route=\/wp\/v2\/users\/2"}],"replies":[{"embeddable":true,"href":"https:\/\/observatorioconurbano.ungs.edu.ar\/index.php?rest_route=%2Fwp%2Fv2%2Fcomments&post=16102"}],"version-history":[{"count":1,"href":"https:\/\/observatorioconurbano.ungs.edu.ar\/index.php?rest_route=\/wp\/v2\/posts\/16102\/revisions"}],"predecessor-version":[{"id":16103,"href":"https:\/\/observatorioconurbano.ungs.edu.ar\/index.php?rest_route=\/wp\/v2\/posts\/16102\/revisions\/16103"}],"wp:attachment":[{"href":"https:\/\/observatorioconurbano.ungs.edu.ar\/index.php?rest_route=%2Fwp%2Fv2%2Fmedia&parent=16102"}],"wp:term":[{"taxonomy":"category","embeddable":true,"href":"https:\/\/observatorioconurbano.ungs.edu.ar\/index.php?rest_route=%2Fwp%2Fv2%2Fcategories&post=16102"},{"taxonomy":"post_tag","embeddable":true,"href":"https:\/\/observatorioconurbano.ungs.edu.ar\/index.php?rest_route=%2Fwp%2Fv2%2Ftags&post=16102"}],"curies":[{"name":"wp","href":"https:\/\/api.w.org\/{rel}","templated":true}]}}