{"id":15834,"date":"2021-08-06T12:24:52","date_gmt":"2021-08-06T15:24:52","guid":{"rendered":"http:\/\/observatorioconurbano.ungs.edu.ar\/?p=15834"},"modified":"2021-08-13T19:40:55","modified_gmt":"2021-08-13T22:40:55","slug":"desempleo-en-el-conurbano-bonaerense-mas-alto-que-el-promedio-pais-2-2-2","status":"publish","type":"post","link":"https:\/\/observatorioconurbano.ungs.edu.ar\/?p=15834","title":{"rendered":"En nueve meses, los precios subieron un 14,7% en San Miguel"},"content":{"rendered":"<div class=\"fusion-fullwidth fullwidth-box fusion-builder-row-1 fusion-flex-container nonhundred-percent-fullwidth non-hundred-percent-height-scrolling\" style=\"--awb-border-radius-top-left:0px;--awb-border-radius-top-right:0px;--awb-border-radius-bottom-right:0px;--awb-border-radius-bottom-left:0px;--awb-flex-wrap:wrap;\" ><div class=\"fusion-builder-row fusion-row fusion-flex-align-items-flex-start fusion-flex-content-wrap\" style=\"max-width:1144px;margin-left: calc(-4% \/ 2 );margin-right: calc(-4% \/ 2 );\"><div class=\"fusion-layout-column fusion_builder_column fusion-builder-column-0 fusion_builder_column_1_3 1_3 fusion-flex-column\" style=\"--awb-bg-size:cover;--awb-width-large:33.333333333333%;--awb-margin-top-large:0px;--awb-spacing-right-large:5.76%;--awb-margin-bottom-large:20px;--awb-spacing-left-large:5.76%;--awb-width-medium:100%;--awb-order-medium:0;--awb-spacing-right-medium:1.92%;--awb-spacing-left-medium:1.92%;--awb-width-small:100%;--awb-order-small:0;--awb-spacing-right-small:1.92%;--awb-spacing-left-small:1.92%;\"><div class=\"fusion-column-wrapper fusion-column-has-shadow fusion-flex-justify-content-flex-start fusion-content-layout-column\"><div class=\"fusion-image-element \" style=\"--awb-caption-title-font-family:var(--h2_typography-font-family);--awb-caption-title-font-weight:var(--h2_typography-font-weight);--awb-caption-title-font-style:var(--h2_typography-font-style);--awb-caption-title-size:var(--h2_typography-font-size);--awb-caption-title-transform:var(--h2_typography-text-transform);--awb-caption-title-line-height:var(--h2_typography-line-height);--awb-caption-title-letter-spacing:var(--h2_typography-letter-spacing);\"><span class=\" fusion-imageframe imageframe-none imageframe-1 hover-type-none\"><a href=\"http:\/\/observatorioconurbano.ungs.edu.ar\/wp-content\/uploads\/grafico-nota600-1-1.png\" class=\"fusion-lightbox\" data-rel=\"iLightbox[df556eb3096b858e1bc]\" data-title=\"grafico-nota600-1\" title=\"grafico-nota600-1\"><img decoding=\"async\" width=\"571\" height=\"330\" src=\"http:\/\/observatorioconurbano.ungs.edu.ar\/wp-content\/uploads\/grafico-nota600-1-1.png\" alt class=\"img-responsive wp-image-15839\"\/><\/a><\/span><\/div><\/div><\/div><div class=\"fusion-layout-column fusion_builder_column fusion-builder-column-1 fusion_builder_column_2_3 2_3 fusion-flex-column\" style=\"--awb-bg-size:cover;--awb-width-large:66.666666666667%;--awb-margin-top-large:0px;--awb-spacing-right-large:2.88%;--awb-margin-bottom-large:20px;--awb-spacing-left-large:2.88%;--awb-width-medium:100%;--awb-order-medium:0;--awb-spacing-right-medium:1.92%;--awb-spacing-left-medium:1.92%;--awb-width-small:100%;--awb-order-small:0;--awb-spacing-right-small:1.92%;--awb-spacing-left-small:1.92%;\"><div class=\"fusion-column-wrapper fusion-column-has-shadow fusion-flex-justify-content-flex-start fusion-content-layout-column\"><div class=\"fusion-text fusion-text-1\"><p><strong><em>Es lo que surge de relevamientos realizados entre junio de 2017 y marzo de 2018, que miden la evoluci\u00f3n general del \u00edndice de precios.<\/em><\/strong><\/p>\n<p>Andr\u00e9s Pizarro, docente e investigador de la UNGS e integrante del Programa InterInstitutos sobre Empleo, Trabajo y Producci\u00f3n de la Universidad Nacional de General Sarmiento (UNGS) se\u00f1ala en el documento \u201c<a href=\"http:\/\/observatorioconurbano.ungs.edu.ar\/wp-content\/uploads\/InformePreciosSan_Miguel.pdf\" target=\"_blank\" rel=\"noopener noreferrer\">Incremento Precios en San Miguel: inflaci\u00f3n incesante que golpea a los m\u00e1s vulnerables<\/a>\u201d , que la evoluci\u00f3n del \u00edndice de precios en San Miguel para el per\u00edodo junio 2017-marzo 2018 fue de 14,7%, la canasta b\u00e1sica alimentaria aument\u00f3<br \/>\nen un 17,2% y la canasta b\u00e1sica total se increment\u00f3 en un 18,94% en igual per\u00edodo [\u2026]<\/p>\n<blockquote>\n<p>NOTA DE PRENSA &#8211; 09 de mayo de 2018<\/p>\n<\/blockquote>\n<p><a href=\"http:\/\/observatorioconurbano.ungs.edu.ar\/wp-content\/uploads\/Nota-de-prensa-inflacion-San-Miguel.pdf\" target=\"_blank\" rel=\"noopener noreferrer\">Ver la nota<\/a><\/p>\n<\/div><\/div><\/div><\/div><\/div>\n","protected":false},"excerpt":{"rendered":"","protected":false},"author":2,"featured_media":15839,"comment_status":"closed","ping_status":"closed","sticky":false,"template":"","format":"standard","meta":{"_exactmetrics_skip_tracking":false,"_exactmetrics_sitenote_active":false,"_exactmetrics_sitenote_note":"","_exactmetrics_sitenote_category":0,"footnotes":""},"categories":[255],"tags":[],"class_list":["post-15834","post","type-post","status-publish","format-standard","has-post-thumbnail","hentry","category-nota-de-prensa"],"_links":{"self":[{"href":"https:\/\/observatorioconurbano.ungs.edu.ar\/index.php?rest_route=\/wp\/v2\/posts\/15834","targetHints":{"allow":["GET"]}}],"collection":[{"href":"https:\/\/observatorioconurbano.ungs.edu.ar\/index.php?rest_route=\/wp\/v2\/posts"}],"about":[{"href":"https:\/\/observatorioconurbano.ungs.edu.ar\/index.php?rest_route=\/wp\/v2\/types\/post"}],"author":[{"embeddable":true,"href":"https:\/\/observatorioconurbano.ungs.edu.ar\/index.php?rest_route=\/wp\/v2\/users\/2"}],"replies":[{"embeddable":true,"href":"https:\/\/observatorioconurbano.ungs.edu.ar\/index.php?rest_route=%2Fwp%2Fv2%2Fcomments&post=15834"}],"version-history":[{"count":5,"href":"https:\/\/observatorioconurbano.ungs.edu.ar\/index.php?rest_route=\/wp\/v2\/posts\/15834\/revisions"}],"predecessor-version":[{"id":15965,"href":"https:\/\/observatorioconurbano.ungs.edu.ar\/index.php?rest_route=\/wp\/v2\/posts\/15834\/revisions\/15965"}],"wp:featuredmedia":[{"embeddable":true,"href":"https:\/\/observatorioconurbano.ungs.edu.ar\/index.php?rest_route=\/wp\/v2\/media\/15839"}],"wp:attachment":[{"href":"https:\/\/observatorioconurbano.ungs.edu.ar\/index.php?rest_route=%2Fwp%2Fv2%2Fmedia&parent=15834"}],"wp:term":[{"taxonomy":"category","embeddable":true,"href":"https:\/\/observatorioconurbano.ungs.edu.ar\/index.php?rest_route=%2Fwp%2Fv2%2Fcategories&post=15834"},{"taxonomy":"post_tag","embeddable":true,"href":"https:\/\/observatorioconurbano.ungs.edu.ar\/index.php?rest_route=%2Fwp%2Fv2%2Ftags&post=15834"}],"curies":[{"name":"wp","href":"https:\/\/api.w.org\/{rel}","templated":true}]}}