{"id":15824,"date":"2021-08-05T19:12:06","date_gmt":"2021-08-05T22:12:06","guid":{"rendered":"http:\/\/observatorioconurbano.ungs.edu.ar\/?p=15824"},"modified":"2021-08-13T19:40:01","modified_gmt":"2021-08-13T22:40:01","slug":"desempleo-en-el-conurbano-bonaerense-mas-alto-que-el-promedio-pais-2","status":"publish","type":"post","link":"https:\/\/observatorioconurbano.ungs.edu.ar\/?p=15824","title":{"rendered":"Acceso previsional en el conurbano: De la inclusi\u00f3n previsional a la Pensi\u00f3n Universal"},"content":{"rendered":"<div class=\"fusion-fullwidth fullwidth-box fusion-builder-row-1 fusion-flex-container nonhundred-percent-fullwidth non-hundred-percent-height-scrolling\" style=\"--awb-border-radius-top-left:0px;--awb-border-radius-top-right:0px;--awb-border-radius-bottom-right:0px;--awb-border-radius-bottom-left:0px;--awb-flex-wrap:wrap;\" ><div class=\"fusion-builder-row fusion-row fusion-flex-align-items-flex-start fusion-flex-content-wrap\" style=\"max-width:1144px;margin-left: calc(-4% \/ 2 );margin-right: calc(-4% \/ 2 );\"><div class=\"fusion-layout-column fusion_builder_column fusion-builder-column-0 fusion_builder_column_1_3 1_3 fusion-flex-column\" style=\"--awb-bg-size:cover;--awb-width-large:33.333333333333%;--awb-margin-top-large:0px;--awb-spacing-right-large:5.76%;--awb-margin-bottom-large:20px;--awb-spacing-left-large:5.76%;--awb-width-medium:100%;--awb-order-medium:0;--awb-spacing-right-medium:1.92%;--awb-spacing-left-medium:1.92%;--awb-width-small:100%;--awb-order-small:0;--awb-spacing-right-small:1.92%;--awb-spacing-left-small:1.92%;\"><div class=\"fusion-column-wrapper fusion-column-has-shadow fusion-flex-justify-content-flex-start fusion-content-layout-column\"><div class=\"fusion-image-element \" style=\"--awb-caption-title-font-family:var(--h2_typography-font-family);--awb-caption-title-font-weight:var(--h2_typography-font-weight);--awb-caption-title-font-style:var(--h2_typography-font-style);--awb-caption-title-size:var(--h2_typography-font-size);--awb-caption-title-transform:var(--h2_typography-text-transform);--awb-caption-title-line-height:var(--h2_typography-line-height);--awb-caption-title-letter-spacing:var(--h2_typography-letter-spacing);\"><span class=\" fusion-imageframe imageframe-none imageframe-1 hover-type-none\"><img decoding=\"async\" width=\"660\" height=\"370\" alt=\"viedma - los desempleados podran tener obra social a travez del ANSES\" title=\"viedma &#8211; los desempleados podran tener obra social a travez del ANSES\" src=\"http:\/\/observatorioconurbano.ungs.edu.ar\/wp-content\/uploads\/5108923-1.jpg\" class=\"img-responsive wp-image-15828\"\/><\/span><\/div><\/div><\/div><div class=\"fusion-layout-column fusion_builder_column fusion-builder-column-1 fusion_builder_column_2_3 2_3 fusion-flex-column\" style=\"--awb-bg-size:cover;--awb-width-large:66.666666666667%;--awb-margin-top-large:0px;--awb-spacing-right-large:2.88%;--awb-margin-bottom-large:20px;--awb-spacing-left-large:2.88%;--awb-width-medium:100%;--awb-order-medium:0;--awb-spacing-right-medium:1.92%;--awb-spacing-left-medium:1.92%;--awb-width-small:100%;--awb-order-small:0;--awb-spacing-right-small:1.92%;--awb-spacing-left-small:1.92%;\"><div class=\"fusion-column-wrapper fusion-column-has-shadow fusion-flex-justify-content-flex-start fusion-content-layout-column\"><div class=\"fusion-text fusion-text-1\"><p>En el segundo trimestre del 2015, la cobertura previsional total de adultos mayores en el Conurbano Bonaerense lleg\u00f3 a un 88,6%. Muchos de ellos pudieron acceder a jubilaciones gracias al Programa de Inclusi\u00f3n Previsional de Acceso Universal a la Jubilaci\u00f3n (Ley 24.476), que estableci\u00f3 la primera moratoria en el 2005, a\u00f1o en el que el porcentaje de cobertura alcanzaba el 64,8%. Desde ese entonces hasta el segundo trimestre del 2015, hubo un aumento en la cobertura de un 23,8% (<a href=\"http:\/\/observatorioconurbano.ungs.edu.ar\/wp-content\/uploads\/216Tasa-de-cobertura-previsional-de-los-adultos-mayores-con-poblacion.pdf\" target=\"_blank\" rel=\"noopener noreferrer\">seg\u00fan datos de elaboraci\u00f3n propia, en base a la Encuesta Nacional de Protecci\u00f3n Social- Ministerio de Trabajo, Empleo y Seguridad Social<\/a>).<br \/>\nRespecto de la cobertura de adultas mayores en el Conurbano Bonaerense, en el segundo trimestre de 2015 alcanz\u00f3 un 91,1%. Adem\u00e1s del acceso a la moratoria, desde el 2005 las mujeres pudieron obtener su jubilaci\u00f3n a trav\u00e9s de la realizaci\u00f3n de aportes como amas de casa partir de los 60 a\u00f1os. En ese a\u00f1o, la cobertura previsional de adultas mayores en el Conurbano llegaba al 61,6%. Es decir, que entre el 2005 y el segundo trimestre del 2015 creci\u00f3 en un 49,5% y falt\u00f3 que s\u00f3lo un 8,9% de la poblaci\u00f3n de adultas mayores accediera para que la cobertura fuera plena. (<a href=\"http:\/\/observatorioconurbano.ungs.edu.ar\/wp-content\/uploads\/216Tasa-de-cobertura-previsional-de-los-adultos-mayores-con-poblacion.pdf\" target=\"_blank\" rel=\"noopener noreferrer\">ver indicador<\/a>).<\/p>\n<blockquote>\n<p>NOTA DE PRENSA \u2013 14 de septiembre de 2016<\/p>\n<\/blockquote>\n<p><a href=\"http:\/\/observatorioconurbano.ungs.edu.ar\/Difusion\/NOTA DE PRENSAOCB jubilaciones.pdf\" target=\"_blank\" rel=\"noopener noreferrer\">Ver la nota<\/a><\/p>\n<\/div><\/div><\/div><\/div><\/div>\n","protected":false},"excerpt":{"rendered":"","protected":false},"author":2,"featured_media":15828,"comment_status":"closed","ping_status":"closed","sticky":false,"template":"","format":"standard","meta":{"_exactmetrics_skip_tracking":false,"_exactmetrics_sitenote_active":false,"_exactmetrics_sitenote_note":"","_exactmetrics_sitenote_category":0,"footnotes":""},"categories":[255],"tags":[],"class_list":["post-15824","post","type-post","status-publish","format-standard","has-post-thumbnail","hentry","category-nota-de-prensa"],"_links":{"self":[{"href":"https:\/\/observatorioconurbano.ungs.edu.ar\/index.php?rest_route=\/wp\/v2\/posts\/15824","targetHints":{"allow":["GET"]}}],"collection":[{"href":"https:\/\/observatorioconurbano.ungs.edu.ar\/index.php?rest_route=\/wp\/v2\/posts"}],"about":[{"href":"https:\/\/observatorioconurbano.ungs.edu.ar\/index.php?rest_route=\/wp\/v2\/types\/post"}],"author":[{"embeddable":true,"href":"https:\/\/observatorioconurbano.ungs.edu.ar\/index.php?rest_route=\/wp\/v2\/users\/2"}],"replies":[{"embeddable":true,"href":"https:\/\/observatorioconurbano.ungs.edu.ar\/index.php?rest_route=%2Fwp%2Fv2%2Fcomments&post=15824"}],"version-history":[{"count":4,"href":"https:\/\/observatorioconurbano.ungs.edu.ar\/index.php?rest_route=\/wp\/v2\/posts\/15824\/revisions"}],"predecessor-version":[{"id":15964,"href":"https:\/\/observatorioconurbano.ungs.edu.ar\/index.php?rest_route=\/wp\/v2\/posts\/15824\/revisions\/15964"}],"wp:featuredmedia":[{"embeddable":true,"href":"https:\/\/observatorioconurbano.ungs.edu.ar\/index.php?rest_route=\/wp\/v2\/media\/15828"}],"wp:attachment":[{"href":"https:\/\/observatorioconurbano.ungs.edu.ar\/index.php?rest_route=%2Fwp%2Fv2%2Fmedia&parent=15824"}],"wp:term":[{"taxonomy":"category","embeddable":true,"href":"https:\/\/observatorioconurbano.ungs.edu.ar\/index.php?rest_route=%2Fwp%2Fv2%2Fcategories&post=15824"},{"taxonomy":"post_tag","embeddable":true,"href":"https:\/\/observatorioconurbano.ungs.edu.ar\/index.php?rest_route=%2Fwp%2Fv2%2Ftags&post=15824"}],"curies":[{"name":"wp","href":"https:\/\/api.w.org\/{rel}","templated":true}]}}