{"id":15731,"date":"2021-08-23T14:08:19","date_gmt":"2021-08-23T17:08:19","guid":{"rendered":"http:\/\/observatorioconurbano.ungs.edu.ar\/?p=15731"},"modified":"2022-12-25T01:16:52","modified_gmt":"2022-12-25T04:16:52","slug":"politicas-economia-social-solidaria-municipios-del-conurbano-bonaerense-1-avances-institucionalizacion-2-2-3-2-2","status":"publish","type":"post","link":"https:\/\/observatorioconurbano.ungs.edu.ar\/?p=15731","title":{"rendered":"Pol\u00edticas de ni\u00f1ez y adolescencia"},"content":{"rendered":"<p><div class=\"fusion-fullwidth fullwidth-box fusion-builder-row-1 nonhundred-percent-fullwidth non-hundred-percent-height-scrolling\" style=\"--awb-background-position:left top;--awb-border-sizes-top:0px;--awb-border-sizes-bottom:0px;--awb-border-sizes-left:0px;--awb-border-sizes-right:0px;--awb-border-radius-top-left:0px;--awb-border-radius-top-right:0px;--awb-border-radius-bottom-right:0px;--awb-border-radius-bottom-left:0px;--awb-padding-top:20px;--awb-padding-bottom:20px;--awb-background-color:#ffe8ca;--awb-flex-wrap:wrap;\" ><div class=\"fusion-builder-row fusion-row\"><div class=\"fusion-layout-column fusion_builder_column fusion-builder-column-0 fusion_builder_column_1_6 1_6 fusion-one-sixth fusion-column-first\" style=\"--awb-bg-size:cover;width:13.3333%; margin-right: 4%;\"><div class=\"fusion-column-wrapper fusion-flex-column-wrapper-legacy\"><div class=\"fusion-clearfix\"><\/div><\/div><\/div><div class=\"fusion-layout-column fusion_builder_column fusion-builder-column-1 fusion_builder_column_2_3 2_3 fusion-two-third\" style=\"--awb-padding-right:20px;--awb-padding-left:20px;--awb-bg-size:cover;--awb-margin-top:25px;width:65.3333%; margin-right: 4%;\"><div class=\"fusion-column-wrapper fusion-flex-column-wrapper-legacy\"><div class=\"fusion-text fusion-text-1\"><p style=\"text-align: center;\"><em><strong>Pol\u00edticas de ni\u00f1ez y adolescencia en el conurbano bonaerense: agenda y construcci\u00f3n institucional de las \u00e1reas de protecci\u00f3n<\/strong><\/em><\/p>\n<\/div><div class=\"fusion-clearfix\"><\/div><\/div><\/div><div class=\"fusion-layout-column fusion_builder_column fusion-builder-column-2 fusion_builder_column_1_6 1_6 fusion-one-sixth fusion-column-last\" style=\"--awb-bg-size:cover;width:13.3333%;\"><div class=\"fusion-column-wrapper fusion-flex-column-wrapper-legacy\"><div class=\"fusion-clearfix\"><\/div><\/div><\/div><\/div><\/div><div class=\"fusion-fullwidth fullwidth-box fusion-builder-row-2 nonhundred-percent-fullwidth non-hundred-percent-height-scrolling\" style=\"--awb-background-position:left top;--awb-border-sizes-top:0px;--awb-border-sizes-bottom:0px;--awb-border-sizes-left:0px;--awb-border-sizes-right:0px;--awb-border-radius-top-left:0px;--awb-border-radius-top-right:0px;--awb-border-radius-bottom-right:0px;--awb-border-radius-bottom-left:0px;--awb-padding-top:20px;--awb-padding-bottom:20px;--awb-flex-wrap:wrap;\" ><div class=\"fusion-builder-row fusion-row\"><div class=\"fusion-layout-column fusion_builder_column fusion-builder-column-3 fusion_builder_column_1_1 1_1 fusion-one-full fusion-column-first fusion-column-last fusion-column-no-min-height\" style=\"--awb-bg-size:cover;--awb-margin-bottom:0px;\"><div class=\"fusion-column-wrapper fusion-flex-column-wrapper-legacy\"><div class=\"fusion-sep-clear\"><\/div><div class=\"fusion-separator fusion-full-width-sep\" style=\"margin-left: auto;margin-right: auto;margin-bottom:3%;width:100%;\"><\/div><div class=\"fusion-sep-clear\"><\/div><div class=\"fusion-clearfix\"><\/div><\/div><\/div><div class=\"fusion-layout-column fusion_builder_column fusion-builder-column-4 fusion_builder_column_2_5 2_5 fusion-two-fifth fusion-column-first\" style=\"--awb-bg-size:cover;width:37.6%; margin-right: 4%;\"><div class=\"fusion-column-wrapper fusion-flex-column-wrapper-legacy\"><div class=\"fusion-image-element fusion-image-align-center in-legacy-container\" style=\"text-align:center;--awb-caption-title-font-family:var(--h2_typography-font-family);--awb-caption-title-font-weight:var(--h2_typography-font-weight);--awb-caption-title-font-style:var(--h2_typography-font-style);--awb-caption-title-size:var(--h2_typography-font-size);--awb-caption-title-transform:var(--h2_typography-text-transform);--awb-caption-title-line-height:var(--h2_typography-line-height);--awb-caption-title-letter-spacing:var(--h2_typography-letter-spacing);\"><div class=\"imageframe-align-center\"><span class=\" fusion-imageframe imageframe-none imageframe-1 hover-type-none\" style=\"border:1px solid #e8e8e8;\"><a href=\"http:\/\/observatorioconurbano.ungs.edu.ar\/wp-content\/uploads\/Portada-Politicas-de-ninez-y-adolescencia.jpg\" class=\"fusion-lightbox\" data-rel=\"iLightbox[6257e4b82bccf4d3f54]\" data-title=\"Portada-Politicas-de-ninez-y-adolescencia\" title=\"Portada-Politicas-de-ninez-y-adolescencia\"><img decoding=\"async\" width=\"650\" height=\"520\" alt=\"Portada-Politicas-de-ninez-y-adolescencia\" src=\"http:\/\/observatorioconurbano.ungs.edu.ar\/wp-content\/uploads\/Portada-Politicas-de-ninez-y-adolescencia.jpg\" class=\"img-responsive wp-image-15732\"\/><\/a><\/span><\/div><\/div><div class=\"fusion-clearfix\"><\/div><\/div><\/div><div class=\"fusion-layout-column fusion_builder_column fusion-builder-column-5 fusion_builder_column_3_5 3_5 fusion-three-fifth fusion-column-last\" style=\"--awb-bg-size:cover;width:58.4%;\"><div class=\"fusion-column-wrapper fusion-flex-column-wrapper-legacy\"><div class=\"fusion-text fusion-text-2\"><p style=\"text-align: right;\"><em>Por Carolina Foglia<a href=\"#_ftn1\" name=\"_ftnref1\">[1]<\/a>, Javier Moro<a href=\"#_ftn2\" name=\"_ftnref2\">[2]<\/a> y Guillermo Orizaola<a href=\"#_ftn3\" name=\"_ftnref3\">[3]<\/a><\/em><\/p>\n<p><a href=\"#_ftnref1\" name=\"_ftn1\"><\/a><\/p>\n<\/div><div class=\"fusion-text fusion-text-3\"><p>En la Provincia de Buenos Aires, la <a href=\"http:\/\/abc.gob.ar\/primaria\/sites\/default\/files\/ley_provincial_de_la_promocion_y_proteccion_integral_de_los_derechos_de_los_ninos_ndeg13.298.pdf\" target=\"_blank\" rel=\"noopener noreferrer\">Ley 13.298<\/a> de Promoci\u00f3n y Protecci\u00f3n de los Derechos de los Ni\u00f1os del a\u00f1o 2005, constituye la expresi\u00f3n de un nuevo marco conceptual para el abordaje de la cuesti\u00f3n de la ni\u00f1ez y adolescencia a la luz de la <a href=\"http:\/\/servicios.infoleg.gob.ar\/infolegInternet\/anexos\/110000-114999\/110778\/norma.htm\" target=\"_blank\" rel=\"noopener noreferrer\">Ley nacional 26.061<\/a>, de la <a href=\"http:\/\/servicios.infoleg.gob.ar\/infolegInternet\/anexos\/0-4999\/249\/norma.htm\" target=\"_blank\" rel=\"noopener noreferrer\">Convenci\u00f3n Internacional de los Derechos de los Ni\u00f1os (CIDN)<\/a> y de otros tratados internacionales.<\/p>\n<p>Con esta normativa, y la derogaci\u00f3n del <a href=\"https:\/\/normas.gba.gob.ar\/documentos\/Be41rs7x.html\" target=\"_blank\" rel=\"noopener noreferrer\">Decreto\u2013Ley 10.067<\/a> de la Provincia de Buenos Aires, <strong>se plasm\u00f3 el reconocimiento de la ni\u00f1ez como sujeto de derechos y se impuls\u00f3 a nivel provincial un nuevo modelo de pol\u00edtica p\u00fablica dirigida a los ni\u00f1os, ni\u00f1as y adolescentes (NNyA)<\/strong>. Este nuevo paradigma se contrapone con la l\u00f3gica tutelarista del patronato donde el Estado, a trav\u00e9s de la figura del juez de menores, interven\u00eda sobre NNyA definidos como en peligro moral o material, pudiendo dejarlos en libertad vigilada con su familia o internarlos en los institutos de menores. La l\u00f3gica tutelarista del patronato remite a la <a href=\"http:\/\/www.saij.gob.ar\/10903-nacional-patronato-menores-jurisdiccion-nacional-provincial-lns0002402-1919-09-29\/123456789-0abc-defg-g20-42000scanyel\" target=\"_blank\" rel=\"noopener noreferrer\">Ley 10.903<\/a>, conocida como \u201cLey Agote\u201d del a\u00f1o 1919. Se trataba de una l\u00f3gica que criminalizaba a las ni\u00f1eces, principalmente a las ni\u00f1eces vulneradas. Si bien la normativa fue derogada en 2005, muchas pr\u00e1cticas asociadas a esta l\u00f3gica quedaron instaladas en la intervenci\u00f3n con ni\u00f1os, ni\u00f1as y adolescentes [&#8230;]<\/p>\n<\/div><div class=\"fusion-text fusion-text-4\" style=\"--awb-margin-top:20px;\"><p><em><a href=\"#_ftnref1\" name=\"_ftn1\">[1]<\/a> Investigadora-docente del Instituto del Conurbano ICO \u2013 UNGS.<\/em><\/p>\n<p><em><a href=\"#_ftnref2\" name=\"_ftn2\">[2]<\/a> Investigador-docente del Instituto del Conurbano ICO \u2013 UNGS. Director de Monitoreo de la Defensor\u00eda de Ni\u00f1as, Ni\u00f1os y Adolescentes.<\/em><\/p>\n<p><em><a href=\"#_ftnref3\" name=\"_ftn3\">[3]<\/a> Lic. en Pol\u00edtica Social (ICO &#8211; UNGS).<\/em><\/p>\n<p style=\"text-align: left;\"><em>Lxs autores son integrantes del equipo de investigaci\u00f3n del proyecto \u00abEl re-enmarque de las pol\u00edticas sociales para la ni\u00f1ez y adolescencia en el AMBA: agenda, abordajes, territoriales e investigaci\u00f3n.\u201d ICO, UNGS. (2019)<\/em><\/p>\n<\/div><div class=\"fusion-clearfix\"><\/div><\/div><\/div><\/div><\/div><\/p>\n<!-- WP Attachments -->\r\n        <div style=\"width:100%;margin:10px 0 10px 0;\">\r\n            <h3>Documentos<\/h3>\r\n        <ul class=\"post-attachments\"><li class=\"post-attachment mime-application-pdf\">                                                                                                                                                                                                                                                                              <a target=\"_blank\" rel=\"noopener noreferrer\" href=\"https:\/\/observatorioconurbano.ungs.edu.ar\/?p=15731&#038;download=15755\">Politicas-de-ninez-y-adolescencia-en-el-conurbano-bonaerense-1<\/a> <\/li><\/ul><\/div>","protected":false},"excerpt":{"rendered":"<p>Documentos Politicas-de-ninez-y-adolescencia-en-el-conurbano-bonaerense-1<\/p>\n","protected":false},"author":2,"featured_media":15732,"comment_status":"closed","ping_status":"closed","sticky":false,"template":"","format":"standard","meta":{"_exactmetrics_skip_tracking":false,"_exactmetrics_sitenote_active":false,"_exactmetrics_sitenote_note":"","_exactmetrics_sitenote_category":0,"footnotes":""},"categories":[526,527],"tags":[],"class_list":["post-15731","post","type-post","status-publish","format-standard","has-post-thumbnail","hentry","category-articulos-centrales-julio-2021","category-todas"],"_links":{"self":[{"href":"https:\/\/observatorioconurbano.ungs.edu.ar\/index.php?rest_route=\/wp\/v2\/posts\/15731","targetHints":{"allow":["GET"]}}],"collection":[{"href":"https:\/\/observatorioconurbano.ungs.edu.ar\/index.php?rest_route=\/wp\/v2\/posts"}],"about":[{"href":"https:\/\/observatorioconurbano.ungs.edu.ar\/index.php?rest_route=\/wp\/v2\/types\/post"}],"author":[{"embeddable":true,"href":"https:\/\/observatorioconurbano.ungs.edu.ar\/index.php?rest_route=\/wp\/v2\/users\/2"}],"replies":[{"embeddable":true,"href":"https:\/\/observatorioconurbano.ungs.edu.ar\/index.php?rest_route=%2Fwp%2Fv2%2Fcomments&post=15731"}],"version-history":[{"count":10,"href":"https:\/\/observatorioconurbano.ungs.edu.ar\/index.php?rest_route=\/wp\/v2\/posts\/15731\/revisions"}],"predecessor-version":[{"id":15754,"href":"https:\/\/observatorioconurbano.ungs.edu.ar\/index.php?rest_route=\/wp\/v2\/posts\/15731\/revisions\/15754"}],"wp:featuredmedia":[{"embeddable":true,"href":"https:\/\/observatorioconurbano.ungs.edu.ar\/index.php?rest_route=\/wp\/v2\/media\/15732"}],"wp:attachment":[{"href":"https:\/\/observatorioconurbano.ungs.edu.ar\/index.php?rest_route=%2Fwp%2Fv2%2Fmedia&parent=15731"}],"wp:term":[{"taxonomy":"category","embeddable":true,"href":"https:\/\/observatorioconurbano.ungs.edu.ar\/index.php?rest_route=%2Fwp%2Fv2%2Fcategories&post=15731"},{"taxonomy":"post_tag","embeddable":true,"href":"https:\/\/observatorioconurbano.ungs.edu.ar\/index.php?rest_route=%2Fwp%2Fv2%2Ftags&post=15731"}],"curies":[{"name":"wp","href":"https:\/\/api.w.org\/{rel}","templated":true}]}}