{"id":15412,"date":"2021-06-09T20:01:15","date_gmt":"2021-06-09T23:01:15","guid":{"rendered":"http:\/\/observatorioconurbano.ungs.edu.ar\/?p=15412"},"modified":"2021-06-09T20:05:40","modified_gmt":"2021-06-09T23:05:40","slug":"mas-30-experiencias-se-reunieron-seminario-taller-observatorios-socio-territoriales-america-latina-2-2-3-3-4-2-2-2-2-3-2-2-2-2-3-2-2-2-2-2-2-2-2-2-2","status":"publish","type":"post","link":"https:\/\/observatorioconurbano.ungs.edu.ar\/?p=15412","title":{"rendered":"Mesa sobre G\u00e9nero y Violencias. La lucha es colectiva, reflexiva e incesante."},"content":{"rendered":"<div class=\"fusion-fullwidth fullwidth-box fusion-builder-row-1 nonhundred-percent-fullwidth non-hundred-percent-height-scrolling\" style=\"--awb-background-position:left top;--awb-border-sizes-top:0px;--awb-border-sizes-bottom:0px;--awb-border-sizes-left:0px;--awb-border-sizes-right:0px;--awb-border-radius-top-left:0px;--awb-border-radius-top-right:0px;--awb-border-radius-bottom-right:0px;--awb-border-radius-bottom-left:0px;--awb-padding-top:20px;--awb-padding-bottom:20px;--awb-flex-wrap:wrap;\" ><div class=\"fusion-builder-row fusion-row\"><div class=\"fusion-layout-column fusion_builder_column fusion-builder-column-0 fusion_builder_column_1_2 1_2 fusion-one-half fusion-column-first\" style=\"--awb-bg-size:cover;width:48%; margin-right: 4%;\"><div class=\"fusion-column-wrapper fusion-flex-column-wrapper-legacy\"><div class=\"fusion-text fusion-text-1\"><\/div><div class=\"fusion-image-carousel fusion-image-carousel-auto fusion-image-carousel-1 lightbox-enabled fusion-carousel-border\"><div class=\"awb-carousel awb-swiper awb-swiper-carousel awb-carousel--carousel awb-swiper-dots-position-bottom\" data-layout=\"carousel\" data-autoplay=\"yes\" data-autoplayspeed=\"2500\" data-autoplaypause=\"no\" data-loop=\"yes\" data-columns=\"1\" data-columnsmedium=\"1\" data-columnssmall=\"1\" data-itemmargin=\"5\" data-itemwidth=\"180\" data-touchscroll=\"no\" data-freemode=\"no\" data-imagesize=\"auto\" data-scrollitems=\"0\" data-centeredslides=\"no\" data-rotationangle=\"50\" data-depth=\"100\" data-speed=\"500\" data-shadow=\"no\" data-pagination=\"bullets\" style=\"--awb-columns:1;--awb-column-spacing:5px;--awb-border-width:1px;--awb-border-color:#e9eaee;\"><div class=\"swiper-wrapper awb-image-carousel-wrapper fusion-flex-align-items-center\"><div class=\"swiper-slide\"><div class=\"fusion-carousel-item-wrapper\"><div class=\"fusion-image-wrapper hover-type-none\"><a data-rel=\"iLightbox[image_carousel_1]\" data-title=\"G\u00e9nero 1\" aria-label=\"G\u00e9nero 1\" href=\"http:\/\/observatorioconurbano.ungs.edu.ar\/wp-content\/uploads\/Genero-1.jpg\" target=\"_self\"><img decoding=\"async\" width=\"603\" height=\"392\" src=\"https:\/\/observatorioconurbano.ungs.edu.ar\/wp-content\/uploads\/Genero-1.jpg\" class=\"attachment-full size-full\" alt=\"G\u00e9nero 1\" \/><\/a><\/div><\/div><\/div><div class=\"swiper-slide\"><div class=\"fusion-carousel-item-wrapper\"><div class=\"fusion-image-wrapper hover-type-none\"><a data-rel=\"iLightbox[image_carousel_1]\" data-title=\"G\u00e9nero 2\" aria-label=\"G\u00e9nero 2\" href=\"http:\/\/observatorioconurbano.ungs.edu.ar\/wp-content\/uploads\/Genero-2.jpg\" target=\"_self\"><img decoding=\"async\" width=\"603\" height=\"392\" src=\"https:\/\/observatorioconurbano.ungs.edu.ar\/wp-content\/uploads\/Genero-2.jpg\" class=\"attachment-full size-full\" alt=\"\" \/><\/a><\/div><\/div><\/div><div class=\"swiper-slide\"><div class=\"fusion-carousel-item-wrapper\"><div class=\"fusion-image-wrapper hover-type-none\"><a data-rel=\"iLightbox[image_carousel_1]\" data-title=\"G\u00e9nero\" aria-label=\"G\u00e9nero\" href=\"http:\/\/observatorioconurbano.ungs.edu.ar\/wp-content\/uploads\/Genero.jpg\" target=\"_self\"><img decoding=\"async\" width=\"603\" height=\"392\" src=\"https:\/\/observatorioconurbano.ungs.edu.ar\/wp-content\/uploads\/Genero.jpg\" class=\"attachment-full size-full\" alt=\"G\u00e9nero\" \/><\/a><\/div><\/div><\/div><\/div><\/div><\/div><div class=\"fusion-clearfix\"><\/div><\/div><\/div><div class=\"fusion-layout-column fusion_builder_column fusion-builder-column-1 fusion_builder_column_1_2 1_2 fusion-one-half fusion-column-last\" style=\"--awb-bg-size:cover;width:48%;\"><div class=\"fusion-column-wrapper fusion-flex-column-wrapper-legacy\"><div class=\"fusion-text fusion-text-2\" style=\"--awb-content-alignment:left;\"><p style=\"text-align: left;\">09-06-2021<\/p>\n<p>El 3 de junio se cumplieron 6 a\u00f1os de la primera movilizaci\u00f3n por la consigna \u201cNi Una Menos\u201d y el viernes 4 de junio la UNGS lo conmemor\u00f3 con una actividad masiva de \u201creflexi\u00f3n para la acci\u00f3n!\u201d, a partir de la organizaci\u00f3n de la Mesa de trabajo intersectorial para el abordaje integral de las violencias por razones de G\u00e9nero en el Conurbano Bonaerense, convocada por el Instituto del Conurbano y el Instituto Latinoamericano de Seguridad y Democracia, en el marco del proyecto AGENCIA Prevenci\u00f3n y monitoreo del COVID-19, el cual nuclea a m\u00e1s de 30 investigadores en diferentes ejes sobre las condiciones de vida y las pol\u00edticas en la regi\u00f3n conurbano bonaerense.<\/p>\n<p>Fue una jornada de reflexi\u00f3n fuertemente convocante de la cual participaron m\u00e1s de 100 invitades, provenientes de instituciones estatales locales y provinciales, organizaciones sociales del territorio, referentes de las mesas locales contra las violencias, e incluso de algunas Comisar\u00edas de la mujer de los municipios aleda\u00f1os a la Universidad.<\/p>\n<p>Inauguraron el evento las autoridades del ICO y del ILSED. La decana del Instituto del Conurbano, Andrea Catenazzi, celebr\u00f3 el encuentro como un espacio de reflexi\u00f3n y creatividad para pensar pol\u00edticas atendiendo a la diversidad de realidades del territorio, y para seguir construyendo una agenda feminista m\u00e1s densa en torno a g\u00e9neros y justicia en la regi\u00f3n. Tamara Pe\u00f1alver, Directora Ejecutiva del ILSED, por su parte advirti\u00f3 que el Instituto busca superar la mirada punitivista de la seguridad e instalar una nueva mirada que se enfoque en la prevenci\u00f3n integral, as\u00ed como en la implementaci\u00f3n de pol\u00edticas que produzcan impactos m\u00e1s eficaces en la reducci\u00f3n de las violencias. El ILSED viene articulando con el ICO y el Observatorio del Conurbano a trav\u00e9s de diferentes proyectos y <a href=\"http:\/\/observatorioconurbano.ungs.edu.ar\/wp-content\/uploads\/Carrasco,-Cassano-y-Schleider.pdf\" target=\"_blank\" rel=\"noopener noreferrer\">publicaciones<\/a>. Pe\u00f1alver se\u00f1al\u00f3, en este sentido, que la criminalidad es un problema complejo y multifactorial de modo que para el dise\u00f1o de pol\u00edticas es clave la articulaci\u00f3n con una multiplicidad de actores, entre ellos, la Universidad, en torno a la producci\u00f3n de conocimiento y de estad\u00edsticas.<\/p>\n<p>La Mesa se dividi\u00f3 en cuatro talleres\u00a0 simult\u00e1neos estructurados en funci\u00f3n de los nudos problem\u00e1ticos que hacen la violencia de g\u00e9nero y su vinculaci\u00f3n con las infancias, las juventudes y la diversidad sexual:.\u00a0 1- El \u201ccircuito\u201d de acceso a derechos para mujeres, infancias y diversidades v\u00edctimas de violencias por razones de g\u00e9nero; 2- Redes: Articulaci\u00f3n intersectorial e interactoral en la atenci\u00f3n y el acompa\u00f1amiento a las v\u00edctimas de violencias por razones de g\u00e9nero, las violencias hacia las infancias y las adolescencias; 3- El rol de las fuerzas de seguridad y el poder judicial en el abordaje de las violencias por razones de g\u00e9nero; 4- La relaci\u00f3n entre las pol\u00edticas de cuidado, acompa\u00f1amiento y prevenci\u00f3n, y las pol\u00edticas punitivas y de abordaje ante la consumaci\u00f3n de hechos graves. A su vez, cada espacio de taller organiz\u00f3 el tiempo de reflexi\u00f3n en torno a 3 claves de lectura: 1) los problemas, 2) las buenas pr\u00e1cticas y 3) las propuestas y recomendaciones de pol\u00edticas a futuro.<\/p>\n<p>Estos materiales integrar\u00e1n la \u00faltima publicaci\u00f3n que saldr\u00e1 en julio-agosto en el marco del proyecto AGENCIA y que se enfocar\u00e1 en presentar propuestas de pol\u00edticas. Cabe destacar que en la elaboraci\u00f3n de registros y sistematizaci\u00f3n de reflexiones colaboraron 40 estudiantes de diferentes licenciaturas y profesorados de la UNGS que se encuentran cursando la Asignatura Perspectiva de G\u00e9neros, aportes y debates de la carrera de Pol\u00edtica Social del ICO.<\/p>\n<p>En torno a las problem\u00e1ticas vinculadas a las fuerzas de seguridad y el poder judicial, les participantes indicaron que fue evidente c\u00f3mo la pandemia agrav\u00f3 el ejercicio de las violencias contra mujeres y ni\u00f1es en los hogares por el tiempo de exposici\u00f3n a convivencias con agresores. Al mismo tiempo, destacan que hubo innovaciones en la gesti\u00f3n local y en la conformaci\u00f3n de redes para la atenci\u00f3n de estas problem\u00e1ticas. Se dise\u00f1aron dispositivos de comunicaci\u00f3n como las l\u00edneas de denuncias o la incorporaci\u00f3n de equipos telem\u00e1ticos que agilizaron la comunicaci\u00f3n dentro de la red de instituciones estatales que contienen en estas situaciones. Se\u00f1ala una referente del municipio de Moreno que el equipo telem\u00e1tico permit\u00eda la derivaci\u00f3n autom\u00e1tica desde el poder judicial al equipo municipal. De este modo se mejor\u00f3 el acceso de las v\u00edctimas al sistema y se facilitaron los circuitos posteriores.<\/p>\n<p>La transformaci\u00f3n de los paradigmas patriarcales sigue siendo el gran desaf\u00edo \u00bfEl primer contacto abriga o expulsa? \u00bfC\u00f3mo reducir el car\u00e1cter expulsivo del sistema, incluso condenatorio de las v\u00edctimas en muchos casos? \u00bfC\u00f3mo reordenar el laberinto institucional de una problem\u00e1tica compleja que requiere abordajes e intervenciones integrales, en red, reduciendo la fragmentaci\u00f3n pero tambi\u00e9n evitando la superposici\u00f3n de competencias dentro del aparato estatal?<\/p>\n<p>Les referentes advierten que resulta urgente desplegar acciones para romper los entramados institucionales que protegen a los violentos y reproducen las violencias en el poder judicial y las fuerzas de seguridad a partir de la formaci\u00f3n continua en perspectiva de g\u00e9neros, para mejorar la escucha de las mujeres v\u00edctimas cuando van a denunciar y para asegurar el seguimiento efectivo de los circuitos judiciales. Es necesario, se\u00f1alan, reestructurar el \u00f3rgano policial para fortalecer la toma de denuncias en todas las dependencias y no solo en las comisar\u00edas de mujer y familia.<\/p>\n<p>En la misma l\u00ednea, el abordaje de las masculinidades exige pensar sobre c\u00f3mo mejorar los dispositivos de trabajo con varones con conductas violentas. Las violencias en las fuerzas de seguridad, la tenencia de armas en las viviendas, la violencia en las comisar\u00edas constituyen diferentes dimensiones de las problem\u00e1ticas a abordar. Las tobilleras y los nuevos dispositivos tecnol\u00f3gicos de gesti\u00f3n constituyen una innovaci\u00f3n pero deben articularse con redes territoriales y comunitarias, con entramados sociales densos y comprometidos con la erradicaci\u00f3n de la violencia por razones de g\u00e9nero. En este punto la\u00a0 formaci\u00f3n y la sensibilizaci\u00f3n resultan centrales\u00a0 para adecuar y transformar tanto las pr\u00e1cticas como las concepciones fuertemente arraigadas en la cultura. Incluso, se\u00f1alan referentes del interior en esta misma l\u00ednea c\u00f3mo en los pueblos, hay \u201cvarones intocables\u201d, amparados por los mecanismos territoriales de protecci\u00f3n de los violentos, evidenciando la supremac\u00eda de los intereses econ\u00f3micos y pol\u00edticos por encima de los derechos de g\u00e9nero.<\/p>\n<p>Por otro lado, las organizaciones de mujeres y diversidad sexual que trabajan cotidianamente en el acompa\u00f1amiento de situaciones y que muchas veces son quienes realizan la \u201cprimera escucha\u201d plantearon la necesidad de ser reconocidas por el Estado como agentes leg\u00edtimos para el abordaje de este tipo de violencias.<\/p>\n<p>El \u00faltimo <a href=\"https:\/\/www.ungs.edu.ar\/wp-content\/uploads\/2020\/09\/Informe-COVID19-UNGS-Etapa-3-Abr-2021-seguridad.pdf\" target=\"_blank\" rel=\"noopener noreferrer\">informe del ICO<\/a> y el libro \u201c<a href=\"https:\/\/ediciones.ungs.edu.ar\/wp-content\/uploads\/2021\/05\/9789876305266.pdf\" target=\"_blank\" rel=\"noopener noreferrer\">Conurbano bonaerense en pandemia<\/a>\u201d realizado por investigadoras\/es del ICO e ILSED, analiza las condiciones de vida de las mujeres y las pol\u00edticas de g\u00e9nero. Los resultados de la investigaci\u00f3n revelan cifras alarmantes. En 2020 se produjeron 94 femicidios en la provincia de Buenos Aires, el 86% de los eventos ocurri\u00f3 en la vivienda de las v\u00edctimas y el 14,8% ya hab\u00eda realizado denuncias penales contra el femicida. En la misma l\u00ednea el Observatorio del Conurbano publicaba que durante el 2020 hubo 22<a href=\"http:\/\/observatorioconurbano.ungs.edu.ar\/?p=13590\" target=\"_blank\" rel=\"noopener noreferrer\"> trasvesticidios<\/a> a partir de datos recopilados por el Observatorio Luc\u00eda P\u00e9rez. En ambos informes se releva que la pandemia agrav\u00f3 la situaci\u00f3n de las mujeres durante los meses de confinamiento dispuesto por el COVID-19, debido a que se increment\u00f3 su exposici\u00f3n frente a los agresores que generalmente son parejas de las v\u00edctimas.<\/p>\n<p>Finalmente, las intervenciones p\u00fablicas para reducir la violencia, coinciden en la Mesa, deben apoyarse tanto, en el amplio abanico normativo-, la Ley Micaela, la Ley de Educaci\u00f3n Sexual Integral, la Ley de Salud sexual y Procreaci\u00f3n Responsable, la Ley de Interrupci\u00f3n Legal del Embarazo, la Ley de Identidad de G\u00e9nero &#8211; as\u00ed como en los diferentes dispositivos institucionales tal como\u00a0 la Red Universitaria de G\u00e9nero (RUGE) y en las redes y organizaciones de base territorial, los activismos locales de matriz feministas u otros que son quienes actu\u00e1n de manera sistem\u00e1tica asistiendo y tensando la agenda para garantizar que los derechos se cumplan.<\/p>\n<\/div><div class=\"fusion-clearfix\"><\/div><\/div><\/div><\/div><\/div>\n","protected":false},"excerpt":{"rendered":"","protected":false},"author":2,"featured_media":15415,"comment_status":"closed","ping_status":"closed","sticky":false,"template":"","format":"standard","meta":{"_exactmetrics_skip_tracking":false,"_exactmetrics_sitenote_active":false,"_exactmetrics_sitenote_note":"","_exactmetrics_sitenote_category":0,"footnotes":""},"categories":[249,202],"tags":[489,488],"class_list":["post-15412","post","type-post","status-publish","format-standard","has-post-thumbnail","hentry","category-actividades","category-agenda","tag-observatorios-ambientales","tag-unlam"],"_links":{"self":[{"href":"https:\/\/observatorioconurbano.ungs.edu.ar\/index.php?rest_route=\/wp\/v2\/posts\/15412","targetHints":{"allow":["GET"]}}],"collection":[{"href":"https:\/\/observatorioconurbano.ungs.edu.ar\/index.php?rest_route=\/wp\/v2\/posts"}],"about":[{"href":"https:\/\/observatorioconurbano.ungs.edu.ar\/index.php?rest_route=\/wp\/v2\/types\/post"}],"author":[{"embeddable":true,"href":"https:\/\/observatorioconurbano.ungs.edu.ar\/index.php?rest_route=\/wp\/v2\/users\/2"}],"replies":[{"embeddable":true,"href":"https:\/\/observatorioconurbano.ungs.edu.ar\/index.php?rest_route=%2Fwp%2Fv2%2Fcomments&post=15412"}],"version-history":[{"count":2,"href":"https:\/\/observatorioconurbano.ungs.edu.ar\/index.php?rest_route=\/wp\/v2\/posts\/15412\/revisions"}],"predecessor-version":[{"id":15417,"href":"https:\/\/observatorioconurbano.ungs.edu.ar\/index.php?rest_route=\/wp\/v2\/posts\/15412\/revisions\/15417"}],"wp:featuredmedia":[{"embeddable":true,"href":"https:\/\/observatorioconurbano.ungs.edu.ar\/index.php?rest_route=\/wp\/v2\/media\/15415"}],"wp:attachment":[{"href":"https:\/\/observatorioconurbano.ungs.edu.ar\/index.php?rest_route=%2Fwp%2Fv2%2Fmedia&parent=15412"}],"wp:term":[{"taxonomy":"category","embeddable":true,"href":"https:\/\/observatorioconurbano.ungs.edu.ar\/index.php?rest_route=%2Fwp%2Fv2%2Fcategories&post=15412"},{"taxonomy":"post_tag","embeddable":true,"href":"https:\/\/observatorioconurbano.ungs.edu.ar\/index.php?rest_route=%2Fwp%2Fv2%2Ftags&post=15412"}],"curies":[{"name":"wp","href":"https:\/\/api.w.org\/{rel}","templated":true}]}}