{"id":15386,"date":"2021-06-07T11:58:41","date_gmt":"2021-06-07T14:58:41","guid":{"rendered":"http:\/\/observatorioconurbano.ungs.edu.ar\/?p=15386"},"modified":"2022-08-01T16:55:41","modified_gmt":"2022-08-01T19:55:41","slug":"mas-30-experiencias-se-reunieron-seminario-taller-observatorios-socio-territoriales-america-latina-2-2-3-3-4-2-2-2-2-3-2-2-2-2-3-2-2-2-2-2-2-2-2-2","status":"publish","type":"post","link":"https:\/\/observatorioconurbano.ungs.edu.ar\/?p=15386","title":{"rendered":"Mesa Redonda Producci\u00f3n y Trabajo. Desaf\u00edos y propuestas para la pospandemia."},"content":{"rendered":"<div class=\"fusion-fullwidth fullwidth-box fusion-builder-row-1 nonhundred-percent-fullwidth non-hundred-percent-height-scrolling\" style=\"--awb-background-position:left top;--awb-border-sizes-top:0px;--awb-border-sizes-bottom:0px;--awb-border-sizes-left:0px;--awb-border-sizes-right:0px;--awb-border-radius-top-left:0px;--awb-border-radius-top-right:0px;--awb-border-radius-bottom-right:0px;--awb-border-radius-bottom-left:0px;--awb-padding-top:20px;--awb-padding-bottom:20px;--awb-flex-wrap:wrap;\" ><div class=\"fusion-builder-row fusion-row\"><div class=\"fusion-layout-column fusion_builder_column fusion-builder-column-0 fusion_builder_column_1_2 1_2 fusion-one-half fusion-column-first\" style=\"--awb-bg-size:cover;width:48%; margin-right: 4%;\"><div class=\"fusion-column-wrapper fusion-flex-column-wrapper-legacy\"><div class=\"fusion-text fusion-text-1\"><\/div><div class=\"fusion-image-carousel fusion-image-carousel-auto fusion-image-carousel-1 lightbox-enabled fusion-carousel-border\"><div class=\"awb-carousel awb-swiper awb-swiper-carousel awb-carousel--carousel awb-swiper-dots-position-bottom\" data-layout=\"carousel\" data-autoplay=\"yes\" data-autoplayspeed=\"2500\" data-autoplaypause=\"no\" data-loop=\"yes\" data-columns=\"1\" data-columnsmedium=\"1\" data-columnssmall=\"1\" data-itemmargin=\"5\" data-itemwidth=\"180\" data-touchscroll=\"no\" data-freemode=\"no\" data-imagesize=\"auto\" data-scrollitems=\"0\" data-centeredslides=\"no\" data-rotationangle=\"50\" data-depth=\"100\" data-speed=\"500\" data-shadow=\"no\" data-pagination=\"bullets\" style=\"--awb-columns:1;--awb-column-spacing:5px;--awb-border-width:1px;--awb-border-color:#e9eaee;\"><div class=\"swiper-wrapper awb-image-carousel-wrapper fusion-flex-align-items-center\"><div class=\"swiper-slide\"><div class=\"fusion-carousel-item-wrapper\"><div class=\"fusion-image-wrapper hover-type-none\"><a data-rel=\"iLightbox[image_carousel_1]\" data-title=\"mesa redonda 1\" aria-label=\"mesa redonda 1\" href=\"http:\/\/observatorioconurbano.ungs.edu.ar\/wp-content\/uploads\/mesa-redonda-1.jpg\" target=\"_self\"><img decoding=\"async\" width=\"522\" height=\"308\" src=\"https:\/\/observatorioconurbano.ungs.edu.ar\/wp-content\/uploads\/mesa-redonda-1.jpg\" class=\"attachment-full size-full\" alt=\"mesa redonda 1\" \/><\/a><\/div><\/div><\/div><div class=\"swiper-slide\"><div class=\"fusion-carousel-item-wrapper\"><div class=\"fusion-image-wrapper hover-type-none\"><a data-rel=\"iLightbox[image_carousel_1]\" data-title=\"mesa redonda 2\" aria-label=\"mesa redonda 2\" href=\"http:\/\/observatorioconurbano.ungs.edu.ar\/wp-content\/uploads\/mesa-redonda-2.jpg\" target=\"_self\"><img decoding=\"async\" width=\"596\" height=\"299\" src=\"https:\/\/observatorioconurbano.ungs.edu.ar\/wp-content\/uploads\/mesa-redonda-2.jpg\" class=\"attachment-full size-full\" alt=\"mesa redonda 2\" \/><\/a><\/div><\/div><\/div><div class=\"swiper-slide\"><div class=\"fusion-carousel-item-wrapper\"><div class=\"fusion-image-wrapper hover-type-none\"><a data-rel=\"iLightbox[image_carousel_1]\" data-title=\"mesa redonda\" aria-label=\"mesa redonda\" href=\"http:\/\/observatorioconurbano.ungs.edu.ar\/wp-content\/uploads\/mesa-redonda.jpg\" target=\"_self\"><img decoding=\"async\" width=\"522\" height=\"299\" src=\"https:\/\/observatorioconurbano.ungs.edu.ar\/wp-content\/uploads\/mesa-redonda.jpg\" class=\"attachment-full size-full\" alt=\"mesa redonda\" \/><\/a><\/div><\/div><\/div><\/div><\/div><\/div><div class=\"fusion-clearfix\"><\/div><\/div><\/div><div class=\"fusion-layout-column fusion_builder_column fusion-builder-column-1 fusion_builder_column_1_2 1_2 fusion-one-half fusion-column-last\" style=\"--awb-bg-size:cover;width:48%;\"><div class=\"fusion-column-wrapper fusion-flex-column-wrapper-legacy\"><div class=\"fusion-text fusion-text-2\" style=\"--awb-content-alignment:left;--awb-text-transform:none;\"><p style=\"text-align: left;\">03-06-2021<\/p>\n<p style=\"text-align: left;\">En el d\u00eda de ayer tuvo lugar la Mesa Redonda \u00abProducci\u00f3n y Trabajo\u201d, un encuentro virtual con actores de la producci\u00f3n y el trabajo organizada por el Instituto del Conurbano de la UNGS para pensar problemas y propuestas en la materia. Referentes sindicales y empresarios se reunieron con los\/las investigadores\/as del proyecto AGENCIA Prevenci\u00f3n y monitoreo del COVID-19, para reflexionar acerca de los viejos y nuevos desaf\u00edos sociales y econ\u00f3micos en un escenario complejo de transformaci\u00f3n digital y tecnol\u00f3gica acelerada, que hoy se combina con recesi\u00f3n, inflaci\u00f3n y un desempleo creciente.<\/p>\n<p style=\"text-align: left;\">Participaron de esta reuni\u00f3n integrantes del proyecto que dirige Rodrigo Carmona y los invitados del mundo de la producci\u00f3n y el trabajo. Daniel Mill\u00e1n empresario de la firma de cosm\u00e9tica Millanel, Leonardo Wagner presidente del parque industrial la Bernalesa y miembro de la Uni\u00f3n Industrial de la PBA, Gabriel Duranti presidente de la Uni\u00f3n Industrial de Tigre, Ricardo Lo Vaglio de la CGT zona Norte, Horacio Garc\u00eda de la CGT San Martin y Gustavo Rodr\u00edguez Director de Industria del municipio de Tres de Febrero.<\/p>\n<p style=\"text-align: left;\">La desocupaci\u00f3n y la informalidad, acuerdan los participantes es el problema m\u00e1s acuciante que enfrentamos en el contexto de pandemia. La desocupaci\u00f3n por el impacto del cierre de empresas y reducci\u00f3n de personal y la ca\u00edda de la informalidad por las dificultades que enfrentaron las empresas no registradas para continuar operativas cuando quedaron al margen de los ATP o los IFE.<\/p>\n<p style=\"text-align: left;\">Advirti\u00f3 Wagner \u201choy asistimos a un proceso de destrucci\u00f3n de empleo, en un contexto de industria 4.0. La tecnolog\u00eda es determinante pero no sabemos qu\u00e9 empleos se van a crear\u201d. En la misma l\u00ednea Mill\u00e1n reflexion\u00f3 \u201cm\u00e1s del 80% de las Pymes tienen menos de 5 empleados y no tienen estructura para afrontar una transformaci\u00f3n hacia el home office porque no tienen un departamento de sistemas que haga un mantenimiento de la infraestructura digital necesaria. La era digital complejiza entonces la situaci\u00f3n de las pymes. Los ingenieros que necesit\u00e1s no los pod\u00e9s pagar\u201d. Se necesita una permanente actualizaci\u00f3n e incorporaci\u00f3n de tecnolog\u00eda acorde a la transformaci\u00f3n digital que profundiz\u00f3 la pandemia, tanto en los procesos productivos como en la formaci\u00f3n de recursos humanos.<\/p>\n<p style=\"text-align: left;\">El rol de los gobiernos locales y las universidades es clave en este proceso de articulaci\u00f3n entre actores e instituciones del territorio para fortalecer los entramados de apoyo y reducir las brechas tecnol\u00f3gicas y de formaci\u00f3n de los recursos humanos. En este punto el director de Industria del Municipio de Tres de Febrero se\u00f1al\u00f3 que \u201cla pandemia signific\u00f3 una ventana de oportunidad en la medida que las empresas se abrieron m\u00e1s a la articulaci\u00f3n por el escenario de incertidumbre, en la b\u00fasqueda de apoyos de las c\u00e1maras y el municipio. Tambi\u00e9n se acercaron a las universidades, que funcionan como puente para la asistencia t\u00e9cnica, la transferencia de conocimiento y tecnolog\u00eda, pero tambi\u00e9n funcionaron para producir informaci\u00f3n para la toma de decisiones en un contexto desconocido\u201d.<\/p>\n<p style=\"text-align: left;\">En este sentido, el proyecto AGENCIA present\u00f3 los \u00faltimos <a href=\"https:\/\/www.ungs.edu.ar\/ico\/investigacion-ico\/informes\" target=\"_blank\" rel=\"noopener noreferrer\">informes<\/a> en el mes de abril, actualiz\u00f3 el <a href=\"https:\/\/www.arcgis.com\/apps\/View\/index.html?appid=bf5d35c9dfd644a5b4feb3b2ae87532c&amp;extent=-61.0762,-35.5909,-55.8027,-33.3977\" target=\"_blank\" rel=\"noopener noreferrer\">Mapa del Trabajo y la Producci\u00f3n<\/a>, una cartograf\u00eda interactiva elaborada en conjunto por investigadores del proyecto y del Observatorio del Conurbano; y planea lanzar un libro pr\u00f3ximamente con propuestas de pol\u00edticas y apuntes para la gesti\u00f3n de la crisis en la regi\u00f3n.<\/p>\n<\/div><div class=\"fusion-clearfix\"><\/div><\/div><\/div><\/div><\/div>\n","protected":false},"excerpt":{"rendered":"","protected":false},"author":2,"featured_media":15389,"comment_status":"closed","ping_status":"closed","sticky":false,"template":"","format":"standard","meta":{"_exactmetrics_skip_tracking":false,"_exactmetrics_sitenote_active":false,"_exactmetrics_sitenote_note":"","_exactmetrics_sitenote_category":0,"footnotes":""},"categories":[249,202,516],"tags":[489,488],"class_list":["post-15386","post","type-post","status-publish","format-standard","has-post-thumbnail","hentry","category-actividades","category-agenda","category-covid-19-noticias","tag-observatorios-ambientales","tag-unlam"],"_links":{"self":[{"href":"https:\/\/observatorioconurbano.ungs.edu.ar\/index.php?rest_route=\/wp\/v2\/posts\/15386","targetHints":{"allow":["GET"]}}],"collection":[{"href":"https:\/\/observatorioconurbano.ungs.edu.ar\/index.php?rest_route=\/wp\/v2\/posts"}],"about":[{"href":"https:\/\/observatorioconurbano.ungs.edu.ar\/index.php?rest_route=\/wp\/v2\/types\/post"}],"author":[{"embeddable":true,"href":"https:\/\/observatorioconurbano.ungs.edu.ar\/index.php?rest_route=\/wp\/v2\/users\/2"}],"replies":[{"embeddable":true,"href":"https:\/\/observatorioconurbano.ungs.edu.ar\/index.php?rest_route=%2Fwp%2Fv2%2Fcomments&post=15386"}],"version-history":[{"count":5,"href":"https:\/\/observatorioconurbano.ungs.edu.ar\/index.php?rest_route=\/wp\/v2\/posts\/15386\/revisions"}],"predecessor-version":[{"id":18053,"href":"https:\/\/observatorioconurbano.ungs.edu.ar\/index.php?rest_route=\/wp\/v2\/posts\/15386\/revisions\/18053"}],"wp:featuredmedia":[{"embeddable":true,"href":"https:\/\/observatorioconurbano.ungs.edu.ar\/index.php?rest_route=\/wp\/v2\/media\/15389"}],"wp:attachment":[{"href":"https:\/\/observatorioconurbano.ungs.edu.ar\/index.php?rest_route=%2Fwp%2Fv2%2Fmedia&parent=15386"}],"wp:term":[{"taxonomy":"category","embeddable":true,"href":"https:\/\/observatorioconurbano.ungs.edu.ar\/index.php?rest_route=%2Fwp%2Fv2%2Fcategories&post=15386"},{"taxonomy":"post_tag","embeddable":true,"href":"https:\/\/observatorioconurbano.ungs.edu.ar\/index.php?rest_route=%2Fwp%2Fv2%2Ftags&post=15386"}],"curies":[{"name":"wp","href":"https:\/\/api.w.org\/{rel}","templated":true}]}}