{"id":14135,"date":"2021-08-23T13:58:16","date_gmt":"2021-08-23T16:58:16","guid":{"rendered":"http:\/\/observatorioconurbano.ungs.edu.ar\/?p=14135"},"modified":"2021-10-27T11:47:47","modified_gmt":"2021-10-27T14:47:47","slug":"politicas-economia-social-solidaria-municipios-del-conurbano-bonaerense-1-avances-institucionalizacion-2-2-2-2-3-2-2-2-2-2","status":"publish","type":"post","link":"https:\/\/observatorioconurbano.ungs.edu.ar\/?p=14135","title":{"rendered":"Radiograf\u00eda de la asistencia social en el Conurbano"},"content":{"rendered":"<p><div class=\"fusion-fullwidth fullwidth-box fusion-builder-row-1 nonhundred-percent-fullwidth non-hundred-percent-height-scrolling\" style=\"--awb-background-position:left top;--awb-border-sizes-top:0px;--awb-border-sizes-bottom:0px;--awb-border-sizes-left:0px;--awb-border-sizes-right:0px;--awb-border-radius-top-left:0px;--awb-border-radius-top-right:0px;--awb-border-radius-bottom-right:0px;--awb-border-radius-bottom-left:0px;--awb-padding-top:20px;--awb-padding-bottom:20px;--awb-flex-wrap:wrap;\" ><div class=\"fusion-builder-row fusion-row\"><div class=\"fusion-layout-column fusion_builder_column fusion-builder-column-0 fusion_builder_column_1_2 1_2 fusion-one-half fusion-column-first\" style=\"--awb-bg-size:cover;width:48%; margin-right: 4%;\"><div class=\"fusion-column-wrapper fusion-flex-column-wrapper-legacy\"><div class=\"fusion-image-element fusion-image-align-center in-legacy-container\" style=\"text-align:center;--awb-caption-title-font-family:var(--h2_typography-font-family);--awb-caption-title-font-weight:var(--h2_typography-font-weight);--awb-caption-title-font-style:var(--h2_typography-font-style);--awb-caption-title-size:var(--h2_typography-font-size);--awb-caption-title-transform:var(--h2_typography-text-transform);--awb-caption-title-line-height:var(--h2_typography-line-height);--awb-caption-title-letter-spacing:var(--h2_typography-letter-spacing);\"><div class=\"imageframe-align-center\"><span class=\" fusion-imageframe imageframe-none imageframe-1 hover-type-none\" style=\"border:1px solid #d8d8d8;\"><a href=\"http:\/\/observatorioconurbano.ungs.edu.ar\/wp-content\/uploads\/Mapa-asistencia-social_presentacion398.jpg\" class=\"fusion-lightbox\" data-rel=\"iLightbox[4c7c266ce717b350e29]\" data-title=\"Mapa-asistencia-social_presentacion398\" title=\"Mapa-asistencia-social_presentacion398\"><img decoding=\"async\" width=\"635\" height=\"398\" alt=\"Mapa asistencia\" src=\"http:\/\/observatorioconurbano.ungs.edu.ar\/wp-content\/uploads\/Mapa-asistencia-social_presentacion398.jpg\" class=\"img-responsive wp-image-14136\"\/><\/a><\/span><\/div><\/div><div class=\"fusion-clearfix\"><\/div><\/div><\/div><div class=\"fusion-layout-column fusion_builder_column fusion-builder-column-1 fusion_builder_column_1_2 1_2 fusion-one-half fusion-column-last\" style=\"--awb-bg-size:cover;width:48%;\"><div class=\"fusion-column-wrapper fusion-flex-column-wrapper-legacy\"><div class=\"fusion-text fusion-text-1\"><p style=\"text-align: right;\"><em>Por B\u00e1rbara Couto[2] y Pamela Flores[3]<\/em><\/p>\n<p style=\"text-align: right;\"><em>Octubre 2020<\/em><\/p>\n<p><a href=\"#_ftnref1\" name=\"_ftn1\"><\/a><\/p>\n<\/div><div class=\"fusion-sep-clear\"><\/div><div class=\"fusion-separator fusion-full-width-sep\" style=\"margin-left: auto;margin-right: auto;margin-top:10px;margin-bottom:10px;width:100%;\"><\/div><div class=\"fusion-sep-clear\"><\/div><div class=\"fusion-text fusion-text-2 fusion-no-medium-visibility\"><p>Las condiciones de vida en el conurbano bonaerense han sido fuertemente afectadas por el escenario de pandemia y Aislamiento social preventivo y obligatorio (ASPO). La pobreza y la indigencia en el Gran Buenos Aires siguen escalando a \u00edndices escalofriantes. La extensa recesi\u00f3n combinada con inflaci\u00f3n, vienen golpeando los ingresos de los hogares, limitando las alternativas laborales de los y las trabajadores que desarrollan m\u00faltiples estrategias familiares y comunitarias para hacer frente a la crisis, como explica el informe \u201c<a href=\"http:\/\/observatorioconurbano.ungs.edu.ar\/Publicaciones\/Informe-COVID19-UNGS-Sep-2020-02-Condiciones-de-vida.pdf\">El Conurbano en la cuarentena III<\/a>\u201d de septiembre 2020.<\/p>\n<p>El \u00faltimo informe de <a href=\"http:\/\/observatorioconurbano.ungs.edu.ar\/?p=12826\">EPH<\/a> refiere que un 47% de la poblaci\u00f3n y un 37% de los hogares del conurbano es pobre, exhibiendo un incremento sustantivo los \u00faltimos a\u00f1os y en particular a partir de la pandemia. En 2016 la poblaci\u00f3n pobre representaba el 25%, en 2019 alcanzaba el 31,8% y escala otros 6 puntos seg\u00fan el \u00faltimo informe del INDEC. En especial entre ni\u00f1os y ni\u00f1as y adolescentes, la pobreza llega al 56% en el conurbano, el primer trimestre de 2020, evidenciando la extrema vulnerabilidad de esa poblaci\u00f3n. [&#8230;]\n[2]\u00a0 Investigadora docente del Instituto del Conurbano de la UNGS y Coordinadora del Observatorio del Conurbano<\/p>\n<p>[3]\u00a0 Investigadora docente del Instituto del Conurbano de la UNGS<\/p>\n<p>[ Ver la nota completa en el PDF adjunto ]<\/p>\n<\/div><div class=\"fusion-clearfix\"><\/div><\/div><\/div><\/div><\/div><div class=\"fusion-fullwidth fullwidth-box fusion-builder-row-2 nonhundred-percent-fullwidth non-hundred-percent-height-scrolling\" style=\"--awb-border-radius-top-left:0px;--awb-border-radius-top-right:0px;--awb-border-radius-bottom-right:0px;--awb-border-radius-bottom-left:0px;--awb-flex-wrap:wrap;\" ><div class=\"fusion-builder-row fusion-row\"><div class=\"fusion-layout-column fusion_builder_column fusion-builder-column-2 fusion_builder_column_1_1 1_1 fusion-one-full fusion-column-first fusion-column-last\" style=\"--awb-bg-size:cover;--awb-margin-bottom:0px;\"><div class=\"fusion-column-wrapper fusion-flex-column-wrapper-legacy\"><div class=\"fusion-clearfix\"><\/div><\/div><\/div><\/div><\/div><\/p>\n<!-- WP Attachments -->\r\n        <div style=\"width:100%;margin:10px 0 10px 0;\">\r\n            <h3>Documentos<\/h3>\r\n        <ul class=\"post-attachments\"><li class=\"post-attachment mime-application-pdf\">                                                                                                                                                                                                                                                                              <a target=\"_blank\" rel=\"noopener noreferrer\" href=\"https:\/\/observatorioconurbano.ungs.edu.ar\/?p=14135&#038;download=14156\">Radiografia-de-la-asistencia-social-en-el-Conurbano<\/a> <\/li><\/ul><\/div>","protected":false},"excerpt":{"rendered":"<p>Documentos Radiografia-de-la-asistencia-social-en-el-Conurbano<\/p>\n","protected":false},"author":2,"featured_media":14136,"comment_status":"closed","ping_status":"closed","sticky":false,"template":"","format":"standard","meta":{"_exactmetrics_skip_tracking":false,"_exactmetrics_sitenote_active":false,"_exactmetrics_sitenote_note":"","_exactmetrics_sitenote_category":0,"footnotes":""},"categories":[515,527],"tags":[],"class_list":["post-14135","post","type-post","status-publish","format-standard","has-post-thumbnail","hentry","category-conurbano-en-debate-octubre-2020","category-todas"],"_links":{"self":[{"href":"https:\/\/observatorioconurbano.ungs.edu.ar\/index.php?rest_route=\/wp\/v2\/posts\/14135","targetHints":{"allow":["GET"]}}],"collection":[{"href":"https:\/\/observatorioconurbano.ungs.edu.ar\/index.php?rest_route=\/wp\/v2\/posts"}],"about":[{"href":"https:\/\/observatorioconurbano.ungs.edu.ar\/index.php?rest_route=\/wp\/v2\/types\/post"}],"author":[{"embeddable":true,"href":"https:\/\/observatorioconurbano.ungs.edu.ar\/index.php?rest_route=\/wp\/v2\/users\/2"}],"replies":[{"embeddable":true,"href":"https:\/\/observatorioconurbano.ungs.edu.ar\/index.php?rest_route=%2Fwp%2Fv2%2Fcomments&post=14135"}],"version-history":[{"count":11,"href":"https:\/\/observatorioconurbano.ungs.edu.ar\/index.php?rest_route=\/wp\/v2\/posts\/14135\/revisions"}],"predecessor-version":[{"id":16866,"href":"https:\/\/observatorioconurbano.ungs.edu.ar\/index.php?rest_route=\/wp\/v2\/posts\/14135\/revisions\/16866"}],"wp:featuredmedia":[{"embeddable":true,"href":"https:\/\/observatorioconurbano.ungs.edu.ar\/index.php?rest_route=\/wp\/v2\/media\/14136"}],"wp:attachment":[{"href":"https:\/\/observatorioconurbano.ungs.edu.ar\/index.php?rest_route=%2Fwp%2Fv2%2Fmedia&parent=14135"}],"wp:term":[{"taxonomy":"category","embeddable":true,"href":"https:\/\/observatorioconurbano.ungs.edu.ar\/index.php?rest_route=%2Fwp%2Fv2%2Fcategories&post=14135"},{"taxonomy":"post_tag","embeddable":true,"href":"https:\/\/observatorioconurbano.ungs.edu.ar\/index.php?rest_route=%2Fwp%2Fv2%2Ftags&post=14135"}],"curies":[{"name":"wp","href":"https:\/\/api.w.org\/{rel}","templated":true}]}}