{"id":14011,"date":"2020-10-08T01:07:09","date_gmt":"2020-10-08T04:07:09","guid":{"rendered":"http:\/\/observatorioconurbano.ungs.edu.ar\/?p=14011"},"modified":"2020-10-28T18:40:48","modified_gmt":"2020-10-28T21:40:48","slug":"mas-30-experiencias-se-reunieron-seminario-taller-observatorios-socio-territoriales-america-latina-2-2-3-3-4-2-2-2-2-3-2-2-2-2-3-2-2","status":"publish","type":"post","link":"https:\/\/observatorioconurbano.ungs.edu.ar\/?p=14011","title":{"rendered":"El impacto del COVID-19 en la producci\u00f3n y el trabajo en el AMBA. Desaf\u00edos presentes y futuros"},"content":{"rendered":"<div class=\"fusion-fullwidth fullwidth-box fusion-builder-row-1 nonhundred-percent-fullwidth non-hundred-percent-height-scrolling\" style=\"--awb-background-position:left top;--awb-border-sizes-top:0px;--awb-border-sizes-bottom:0px;--awb-border-sizes-left:0px;--awb-border-sizes-right:0px;--awb-border-radius-top-left:0px;--awb-border-radius-top-right:0px;--awb-border-radius-bottom-right:0px;--awb-border-radius-bottom-left:0px;--awb-padding-top:20px;--awb-padding-bottom:20px;--awb-flex-wrap:wrap;\" ><div class=\"fusion-builder-row fusion-row\"><div class=\"fusion-layout-column fusion_builder_column fusion-builder-column-0 fusion_builder_column_1_2 1_2 fusion-one-half fusion-column-first\" style=\"--awb-bg-size:cover;width:48%; margin-right: 4%;\"><div class=\"fusion-column-wrapper fusion-flex-column-wrapper-legacy\"><div class=\"fusion-image-element in-legacy-container\" style=\"--awb-caption-title-font-family:var(--h2_typography-font-family);--awb-caption-title-font-weight:var(--h2_typography-font-weight);--awb-caption-title-font-style:var(--h2_typography-font-style);--awb-caption-title-size:var(--h2_typography-font-size);--awb-caption-title-transform:var(--h2_typography-text-transform);--awb-caption-title-line-height:var(--h2_typography-line-height);--awb-caption-title-letter-spacing:var(--h2_typography-letter-spacing);\"><span class=\" fusion-imageframe imageframe-none imageframe-1 hover-type-none\"><a href=\"http:\/\/observatorioconurbano.ungs.edu.ar\/wp-content\/uploads\/evento-7-10-600.jpg\" class=\"fusion-lightbox\" data-rel=\"iLightbox[e2690f896d859c3b3db]\" data-title=\"evento-7-10-600\" title=\"evento-7-10-600\"><img decoding=\"async\" width=\"602\" height=\"338\" alt=\"eventp\" src=\"http:\/\/observatorioconurbano.ungs.edu.ar\/wp-content\/uploads\/evento-7-10-600.jpg\" class=\"img-responsive wp-image-14012\"\/><\/a><\/span><\/div><div class=\"fusion-sep-clear\"><\/div><div class=\"fusion-separator fusion-full-width-sep\" style=\"margin-left: auto;margin-right: auto;margin-top:30px;width:100%;\"><\/div><div class=\"fusion-sep-clear\"><\/div><div class=\"fusion-text fusion-text-1\"><\/div><div class=\"fusion-clearfix\"><\/div><\/div><\/div><div class=\"fusion-layout-column fusion_builder_column fusion-builder-column-1 fusion_builder_column_1_2 1_2 fusion-one-half fusion-column-last\" style=\"--awb-bg-size:cover;width:48%;\"><div class=\"fusion-column-wrapper fusion-flex-column-wrapper-legacy\"><div class=\"fusion-text fusion-text-2\"><p>7.10.2020<\/p>\n<p>El Observatorio del Conurbano estuvo presente en el encuentro virtual \u201cEl impacto del COVID-19 en la producci\u00f3n y el trabajo en el AMBA. Desaf\u00edos presentes y futuros\u201d organizado por el Instituto del Conurbano y la Secretar\u00eda de Desarrollo Tecnol\u00f3gico y Social de la UNGS.<\/p>\n<p>La apertura de la jornada estuvo a cargo de Pablo Bonaldi, vicerrector en ejercicio del rectorado. El evento se enfoc\u00f3 en la presentaci\u00f3n del informe sobre condiciones del empleo y la producci\u00f3n que forma parte de los avances preliminares de la investigaci\u00f3n \u201cPrevenci\u00f3n y monitoreo del COVID-19 en municipios del Conurbano Bonaerense desde una perspectiva multidimensional\u201d, financiado por la AGENCIA +I+D+i.<\/p>\n<p>Rodrigo Carmona, director del proyecto present\u00f3 las principales conclusiones del informe as\u00ed como la cartograf\u00eda interactiva realizada en articulaci\u00f3n con el LABSIG, la cual se nutri\u00f3 de datos in\u00e9ditos provistos por organismos p\u00fablicos y datos del Observatorio del Conurbano. Carmona se\u00f1al\u00f3 que la utilidad del mapa de la producci\u00f3n y el empleo radica en tener informaci\u00f3n actualizada y desagregada a nivel\u00a0 municipal, sobre las principales variables: NBI, PBG per c\u00e1pita, empleo industrial, densidad del mercado de trabajo, actores de la econom\u00eda social, parques industriales y empresas beneficiarias de FONTAR y FONSOFT.<\/p>\n<p>B\u00e1rbara Couto, Coordinadora del Observatorio e investigadora integrante del proyecto, coment\u00f3 sobre la importancia de sostener la producci\u00f3n de estas cartograf\u00edas interactivas producidas por equipos multidisciplinarios en colaboraci\u00f3n con el Observatorio, en tanto son claves para que los actores del territorio cuenten con herramientas intuitivas y con datos actualizados.<\/p>\n<p>Con la participaci\u00f3n de diversos referentes del \u00e1mbito de la producci\u00f3n y el empleo, la jornada busc\u00f3 dar cuenta del impacto de la pandemia en el \u00e1rea metropolitana en torno a\u00a0 estos ejes, adem\u00e1s de debatir sobre los desaf\u00edos actuales y futuros que presenta la coyuntura.<\/p>\n<p>\u201cLas pymes que participan en c\u00e1maras, enfrentaron mejor la adaptaci\u00f3n a las nuevas condiciones de producci\u00f3n&#8230;, hay muchas c\u00e1maras pero pocas pymes agremiadas y para esas fue m\u00e1s complejo el proceso\u201d afirm\u00f3 Daniel Mill\u00e1n, Gerente de Millanel Cosm\u00e9tica SRL. En esta l\u00ednea Gustavo Luis Rodr\u00edguez, Director de Producci\u00f3n del municipio de Tres de Febrero, se\u00f1al\u00f3 que \u201cLas empresas que tienen redes de vinculaci\u00f3n enfrentaron mejor el contexto de la crisis\u201d y sostuvo \u201cque hay una ventana de oportunidades para dar grandes pasos, atendiendo a la sensibilizaci\u00f3n que el contexto trajo entre los actores del territorio.<\/p>\n<p>Respecto de los desaf\u00edos, Debora Spinola, Secretaria de Relaciones Intersindicales de la Bancaria seccional Buenos Aires, remarc\u00f3 que es necesario un rol estatal activo, presente en la regulaci\u00f3n y la planificaci\u00f3n de la actividad econ\u00f3mica y orientado a mejorar la distribuci\u00f3n de los ingresos.<\/p>\n<p>Borello y Battistini, investigadores que coordinaron los informes n\u00famero 3 y 4 de esta serie financiada por la AGENCIA, analizaron la complejidad y heterogeneidad de las condiciones preexistentes y la profundizaci\u00f3n de las problem\u00e1ticas a partir del COVID y el ASPO. Comentaron que en los pr\u00f3ximos meses el equipo se abocar\u00e1 al monitoreo de cambios acontecidos luego de seis meses de iniciado el ASPO y aspiran a construir tipolog\u00edas de empresas seg\u00fan niveles y formas en que fueron afectadas.<\/p>\n<p>El evento se realiz\u00f3 el mi\u00e9rcoles 7 de octubre y fue transmitido por el <a href=\"https:\/\/www.youtube.com\/watch?v=7Dhi8Uds0Ys&amp;feature=youtu.be\" target=\"_blank\" rel=\"noopener noreferrer\">canal de Youtube del Instituto del conurbano<\/a>.<\/p>\n<\/div><div class=\"fusion-clearfix\"><\/div><\/div><\/div><\/div><\/div>\n","protected":false},"excerpt":{"rendered":"","protected":false},"author":2,"featured_media":14014,"comment_status":"closed","ping_status":"closed","sticky":false,"template":"","format":"standard","meta":{"_exactmetrics_skip_tracking":false,"_exactmetrics_sitenote_active":false,"_exactmetrics_sitenote_note":"","_exactmetrics_sitenote_category":0,"footnotes":""},"categories":[249,202,516],"tags":[489,488],"class_list":["post-14011","post","type-post","status-publish","format-standard","has-post-thumbnail","hentry","category-actividades","category-agenda","category-covid-19-noticias","tag-observatorios-ambientales","tag-unlam"],"_links":{"self":[{"href":"https:\/\/observatorioconurbano.ungs.edu.ar\/index.php?rest_route=\/wp\/v2\/posts\/14011","targetHints":{"allow":["GET"]}}],"collection":[{"href":"https:\/\/observatorioconurbano.ungs.edu.ar\/index.php?rest_route=\/wp\/v2\/posts"}],"about":[{"href":"https:\/\/observatorioconurbano.ungs.edu.ar\/index.php?rest_route=\/wp\/v2\/types\/post"}],"author":[{"embeddable":true,"href":"https:\/\/observatorioconurbano.ungs.edu.ar\/index.php?rest_route=\/wp\/v2\/users\/2"}],"replies":[{"embeddable":true,"href":"https:\/\/observatorioconurbano.ungs.edu.ar\/index.php?rest_route=%2Fwp%2Fv2%2Fcomments&post=14011"}],"version-history":[{"count":6,"href":"https:\/\/observatorioconurbano.ungs.edu.ar\/index.php?rest_route=\/wp\/v2\/posts\/14011\/revisions"}],"predecessor-version":[{"id":14021,"href":"https:\/\/observatorioconurbano.ungs.edu.ar\/index.php?rest_route=\/wp\/v2\/posts\/14011\/revisions\/14021"}],"wp:featuredmedia":[{"embeddable":true,"href":"https:\/\/observatorioconurbano.ungs.edu.ar\/index.php?rest_route=\/wp\/v2\/media\/14014"}],"wp:attachment":[{"href":"https:\/\/observatorioconurbano.ungs.edu.ar\/index.php?rest_route=%2Fwp%2Fv2%2Fmedia&parent=14011"}],"wp:term":[{"taxonomy":"category","embeddable":true,"href":"https:\/\/observatorioconurbano.ungs.edu.ar\/index.php?rest_route=%2Fwp%2Fv2%2Fcategories&post=14011"},{"taxonomy":"post_tag","embeddable":true,"href":"https:\/\/observatorioconurbano.ungs.edu.ar\/index.php?rest_route=%2Fwp%2Fv2%2Ftags&post=14011"}],"curies":[{"name":"wp","href":"https:\/\/api.w.org\/{rel}","templated":true}]}}