{"id":13891,"date":"2020-09-11T21:17:03","date_gmt":"2020-09-12T00:17:03","guid":{"rendered":"http:\/\/observatorioconurbano.ungs.edu.ar\/?p=13891"},"modified":"2020-09-11T21:27:28","modified_gmt":"2020-09-12T00:27:28","slug":"mas-30-experiencias-se-reunieron-seminario-taller-observatorios-socio-territoriales-america-latina-2-2-3-3-4-2-2-2-2-3-2-2-2-2-2","status":"publish","type":"post","link":"https:\/\/observatorioconurbano.ungs.edu.ar\/?p=13891","title":{"rendered":"El Conurbano en la Cuarentena III. Resultados del relevamiento ICO-UNGS"},"content":{"rendered":"<div class=\"fusion-fullwidth fullwidth-box fusion-builder-row-1 nonhundred-percent-fullwidth non-hundred-percent-height-scrolling\" style=\"--awb-background-position:left top;--awb-border-sizes-top:0px;--awb-border-sizes-bottom:0px;--awb-border-sizes-left:0px;--awb-border-sizes-right:0px;--awb-border-radius-top-left:0px;--awb-border-radius-top-right:0px;--awb-border-radius-bottom-right:0px;--awb-border-radius-bottom-left:0px;--awb-padding-top:20px;--awb-padding-bottom:20px;--awb-flex-wrap:wrap;\" ><div class=\"fusion-builder-row fusion-row\"><div class=\"fusion-layout-column fusion_builder_column fusion-builder-column-0 fusion_builder_column_1_2 1_2 fusion-one-half fusion-column-first\" style=\"--awb-bg-size:cover;width:48%; margin-right: 4%;\"><div class=\"fusion-column-wrapper fusion-flex-column-wrapper-legacy\"><div class=\"fusion-image-element in-legacy-container\" style=\"--awb-caption-title-font-family:var(--h2_typography-font-family);--awb-caption-title-font-weight:var(--h2_typography-font-weight);--awb-caption-title-font-style:var(--h2_typography-font-style);--awb-caption-title-size:var(--h2_typography-font-size);--awb-caption-title-transform:var(--h2_typography-text-transform);--awb-caption-title-line-height:var(--h2_typography-line-height);--awb-caption-title-letter-spacing:var(--h2_typography-letter-spacing);\"><span class=\" fusion-imageframe imageframe-none imageframe-1 hover-type-none\"><a href=\"http:\/\/observatorioconurbano.ungs.edu.ar\/wp-content\/uploads\/Informe-768x729-1.jpg\" class=\"fusion-lightbox\" data-rel=\"iLightbox[f3ae8b91834ccc1fce0]\" data-title=\"Informe-768&#215;729\" title=\"Informe-768&#215;729\"><img decoding=\"async\" width=\"768\" height=\"729\" alt=\"informe\" src=\"http:\/\/observatorioconurbano.ungs.edu.ar\/wp-content\/uploads\/Informe-768x729-1.jpg\" class=\"img-responsive wp-image-13892\"\/><\/a><\/span><\/div><div class=\"fusion-clearfix\"><\/div><\/div><\/div><div class=\"fusion-layout-column fusion_builder_column fusion-builder-column-1 fusion_builder_column_1_2 1_2 fusion-one-half fusion-column-last\" style=\"--awb-bg-size:cover;width:48%;\"><div class=\"fusion-column-wrapper fusion-flex-column-wrapper-legacy\"><div class=\"fusion-text fusion-text-1\"><p style=\"text-align: left;\">11.09.20<\/p>\n<p>Se trata del tercer relevamiento realizado por el Instituto del Conurbano a referentes territoriales de la regi\u00f3n. Su objetivo es conocer en qu\u00e9 condiciones se desarrolla el aislamiento y distanciamiento social obligatorio ante la pandemia COVID-19 en los barrios populares y cu\u00e1l es su impacto en las condiciones de vida de los hogares del Conurbano.<\/p>\n<p>Realizado en el mes de julio 2020 de forma remota, el relevamiento logr\u00f3 una cobertura en todo el conurbano, incorporando adem\u00e1s, entrevistas en municipios del resto de la Regi\u00f3n Metropolitana, especialmente en la zona norte y noroeste.<\/p>\n<p>Con un 91% de barrios con casos confirmados de COVID-19, el relevamiento coincide con la disposici\u00f3n del regreso a Fase 1 en toda el AMBA.<\/p>\n<p>Acceder al informe completo: El Conurbano en la Cuarentena III<\/p>\n<\/div><div class=\"fusion-sep-clear\"><\/div><div class=\"fusion-separator fusion-full-width-sep\" style=\"margin-left: auto;margin-right: auto;margin-top:20px;width:100%;\"><\/div><div class=\"fusion-sep-clear\"><\/div><div class=\"fusion-text fusion-text-2\"><p><a href=\"http:\/\/observatorioconurbano.ungs.edu.ar\/Publicaciones\/El-Conurbano-en-la-Cuarentena-III.-Tercer-informe-de-relevamiento.-Final.pdf\" target=\"_blank\" rel=\"noopener noreferrer\">Ver el PDF<\/a><\/p>\n<\/div><div class=\"fusion-clearfix\"><\/div><\/div><\/div><\/div><\/div>\n","protected":false},"excerpt":{"rendered":"","protected":false},"author":2,"featured_media":13897,"comment_status":"closed","ping_status":"closed","sticky":false,"template":"","format":"standard","meta":{"_exactmetrics_skip_tracking":false,"_exactmetrics_sitenote_active":false,"_exactmetrics_sitenote_note":"","_exactmetrics_sitenote_category":0,"footnotes":""},"categories":[249,202],"tags":[489,488],"class_list":["post-13891","post","type-post","status-publish","format-standard","has-post-thumbnail","hentry","category-actividades","category-agenda","tag-observatorios-ambientales","tag-unlam"],"_links":{"self":[{"href":"https:\/\/observatorioconurbano.ungs.edu.ar\/index.php?rest_route=\/wp\/v2\/posts\/13891","targetHints":{"allow":["GET"]}}],"collection":[{"href":"https:\/\/observatorioconurbano.ungs.edu.ar\/index.php?rest_route=\/wp\/v2\/posts"}],"about":[{"href":"https:\/\/observatorioconurbano.ungs.edu.ar\/index.php?rest_route=\/wp\/v2\/types\/post"}],"author":[{"embeddable":true,"href":"https:\/\/observatorioconurbano.ungs.edu.ar\/index.php?rest_route=\/wp\/v2\/users\/2"}],"replies":[{"embeddable":true,"href":"https:\/\/observatorioconurbano.ungs.edu.ar\/index.php?rest_route=%2Fwp%2Fv2%2Fcomments&post=13891"}],"version-history":[{"count":4,"href":"https:\/\/observatorioconurbano.ungs.edu.ar\/index.php?rest_route=\/wp\/v2\/posts\/13891\/revisions"}],"predecessor-version":[{"id":13896,"href":"https:\/\/observatorioconurbano.ungs.edu.ar\/index.php?rest_route=\/wp\/v2\/posts\/13891\/revisions\/13896"}],"wp:featuredmedia":[{"embeddable":true,"href":"https:\/\/observatorioconurbano.ungs.edu.ar\/index.php?rest_route=\/wp\/v2\/media\/13897"}],"wp:attachment":[{"href":"https:\/\/observatorioconurbano.ungs.edu.ar\/index.php?rest_route=%2Fwp%2Fv2%2Fmedia&parent=13891"}],"wp:term":[{"taxonomy":"category","embeddable":true,"href":"https:\/\/observatorioconurbano.ungs.edu.ar\/index.php?rest_route=%2Fwp%2Fv2%2Fcategories&post=13891"},{"taxonomy":"post_tag","embeddable":true,"href":"https:\/\/observatorioconurbano.ungs.edu.ar\/index.php?rest_route=%2Fwp%2Fv2%2Ftags&post=13891"}],"curies":[{"name":"wp","href":"https:\/\/api.w.org\/{rel}","templated":true}]}}