{"id":13570,"date":"2020-07-27T20:07:19","date_gmt":"2020-07-27T23:07:19","guid":{"rendered":"http:\/\/observatorioconurbano.ungs.edu.ar\/?p=13570"},"modified":"2020-07-29T19:02:47","modified_gmt":"2020-07-29T22:02:47","slug":"mas-30-experiencias-se-reunieron-seminario-taller-observatorios-socio-territoriales-america-latina-2-2-3-3-4-2-2-2-2-3-2-2-2-2","status":"publish","type":"post","link":"https:\/\/observatorioconurbano.ungs.edu.ar\/?p=13570","title":{"rendered":"Foro virtual COVID-19 \u201cIntendentes del AMBA\u201d"},"content":{"rendered":"<div class=\"fusion-fullwidth fullwidth-box fusion-builder-row-1 nonhundred-percent-fullwidth non-hundred-percent-height-scrolling\" style=\"--awb-background-position:left top;--awb-border-radius-top-left:0px;--awb-border-radius-top-right:0px;--awb-border-radius-bottom-right:0px;--awb-border-radius-bottom-left:0px;--awb-padding-top:20px;--awb-padding-bottom:20px;--awb-border-sizes-top:0px;--awb-border-sizes-bottom:0px;--awb-flex-wrap:wrap;\" ><div class=\"fusion-builder-row fusion-row\"><div class=\"fusion-layout-column fusion_builder_column fusion-builder-column-0 fusion_builder_column_1_2 1_2 fusion-one-half fusion-column-first\" style=\"--awb-bg-size:cover;width:48%; margin-right: 4%;\"><div class=\"fusion-column-wrapper fusion-flex-column-wrapper-legacy\"><div class=\"fusion-image-element in-legacy-container\" style=\"--awb-caption-title-font-family:var(--h2_typography-font-family);--awb-caption-title-font-weight:var(--h2_typography-font-weight);--awb-caption-title-font-style:var(--h2_typography-font-style);--awb-caption-title-size:var(--h2_typography-font-size);--awb-caption-title-transform:var(--h2_typography-text-transform);--awb-caption-title-line-height:var(--h2_typography-line-height);--awb-caption-title-letter-spacing:var(--h2_typography-letter-spacing);\"><span class=\" fusion-imageframe imageframe-none imageframe-1 hover-type-none\"><a href=\"http:\/\/observatorioconurbano.ungs.edu.ar\/wp-content\/uploads\/2020-07-23-700-1.jpg\" class=\"fusion-lightbox\" data-rel=\"iLightbox[6cd763a94d05c7eb993]\" data-title=\"2020-07-23-700\" title=\"2020-07-23-700\"><img decoding=\"async\" width=\"700\" height=\"700\" src=\"http:\/\/observatorioconurbano.ungs.edu.ar\/wp-content\/uploads\/2020-07-23-700-1.jpg\" alt class=\"img-responsive wp-image-13625\"\/><\/a><\/span><\/div><div class=\"fusion-clearfix\"><\/div><\/div><\/div><div class=\"fusion-layout-column fusion_builder_column fusion-builder-column-1 fusion_builder_column_1_2 1_2 fusion-one-half fusion-column-last\" style=\"--awb-bg-size:cover;width:48%;\"><div class=\"fusion-column-wrapper fusion-flex-column-wrapper-legacy\"><div class=\"fusion-text fusion-text-1\"><p style=\"text-align: left;\">27.07.20<\/p>\n<p>El lunes 03 de agosto a las 11:30 hs se realizar\u00e1 el Foro virtual COVID-19 \u201cIntendentes del AMBA\u201d, en el marco de un ciclo de di\u00e1logos organizados por la Fundaci\u00f3n Metropolitana en torno a los desaf\u00edos que plantea la pandemia a la gesti\u00f3n local y a la articulaci\u00f3n metropolitana. En esta oportunidad, la conversaci\u00f3n se centrar\u00e1 en la participaci\u00f3n de las organizaciones sociales, y la innovaci\u00f3n y digitalizaci\u00f3n de la vinculaci\u00f3n de la figura del municipio con la ciudadan\u00eda.<\/p>\n<p>Participar\u00e1n del encuentro los intendentes Lucas Ghi (Mor\u00f3n), Jorge Macri (Vicente L\u00f3pez) y Ricardo Curutchet (Marcos Paz) junto a Adriana Rofman, coordinadora de Observatorio del Conurbano UNGS y Gast\u00f3n Urquiza, Director Ejecutivo Fundaci\u00f3n Metropolitana.<\/p>\n<p><strong>Inscripciones: <\/strong>a trav\u00e9s del mail <a href=\"mailto:bam.21@metropolitana.org.ar\" target=\"_blank\" rel=\"noopener noreferrer\">bam.21@metropolitana.org.ar<\/a> \u00f3 completando <a href=\"https:\/\/docs.google.com\/forms\/d\/e\/1FAIpQLSdYPBvAozsD1l9MWmlXK3YuXFeQjVut7PeZLwhRVQ2pbBxS0Q\/viewform\" target=\"_blank\" rel=\"noopener noreferrer\">este formulario<\/a><\/p>\n<\/div><div class=\"fusion-clearfix\"><\/div><\/div><\/div><\/div><\/div>\n","protected":false},"excerpt":{"rendered":"","protected":false},"author":2,"featured_media":13626,"comment_status":"closed","ping_status":"closed","sticky":false,"template":"","format":"standard","meta":{"_exactmetrics_skip_tracking":false,"_exactmetrics_sitenote_active":false,"_exactmetrics_sitenote_note":"","_exactmetrics_sitenote_category":0,"footnotes":""},"categories":[249,202],"tags":[489,488],"class_list":["post-13570","post","type-post","status-publish","format-standard","has-post-thumbnail","hentry","category-actividades","category-agenda","tag-observatorios-ambientales","tag-unlam"],"_links":{"self":[{"href":"https:\/\/observatorioconurbano.ungs.edu.ar\/index.php?rest_route=\/wp\/v2\/posts\/13570","targetHints":{"allow":["GET"]}}],"collection":[{"href":"https:\/\/observatorioconurbano.ungs.edu.ar\/index.php?rest_route=\/wp\/v2\/posts"}],"about":[{"href":"https:\/\/observatorioconurbano.ungs.edu.ar\/index.php?rest_route=\/wp\/v2\/types\/post"}],"author":[{"embeddable":true,"href":"https:\/\/observatorioconurbano.ungs.edu.ar\/index.php?rest_route=\/wp\/v2\/users\/2"}],"replies":[{"embeddable":true,"href":"https:\/\/observatorioconurbano.ungs.edu.ar\/index.php?rest_route=%2Fwp%2Fv2%2Fcomments&post=13570"}],"version-history":[{"count":6,"href":"https:\/\/observatorioconurbano.ungs.edu.ar\/index.php?rest_route=\/wp\/v2\/posts\/13570\/revisions"}],"predecessor-version":[{"id":13627,"href":"https:\/\/observatorioconurbano.ungs.edu.ar\/index.php?rest_route=\/wp\/v2\/posts\/13570\/revisions\/13627"}],"wp:featuredmedia":[{"embeddable":true,"href":"https:\/\/observatorioconurbano.ungs.edu.ar\/index.php?rest_route=\/wp\/v2\/media\/13626"}],"wp:attachment":[{"href":"https:\/\/observatorioconurbano.ungs.edu.ar\/index.php?rest_route=%2Fwp%2Fv2%2Fmedia&parent=13570"}],"wp:term":[{"taxonomy":"category","embeddable":true,"href":"https:\/\/observatorioconurbano.ungs.edu.ar\/index.php?rest_route=%2Fwp%2Fv2%2Fcategories&post=13570"},{"taxonomy":"post_tag","embeddable":true,"href":"https:\/\/observatorioconurbano.ungs.edu.ar\/index.php?rest_route=%2Fwp%2Fv2%2Ftags&post=13570"}],"curies":[{"name":"wp","href":"https:\/\/api.w.org\/{rel}","templated":true}]}}