{"id":12631,"date":"2020-04-01T13:21:19","date_gmt":"2020-04-01T16:21:19","guid":{"rendered":"http:\/\/observatorioconurbano.ungs.edu.ar\/?p=12631"},"modified":"2020-04-01T13:25:20","modified_gmt":"2020-04-01T16:25:20","slug":"mas-30-experiencias-se-reunieron-seminario-taller-observatorios-socio-territoriales-america-latina-2-2-3-3-4-2-2-2-2-3","status":"publish","type":"post","link":"https:\/\/observatorioconurbano.ungs.edu.ar\/?p=12631","title":{"rendered":"Informe sobre el Conurbano en la cuarentena"},"content":{"rendered":"<div class=\"fusion-fullwidth fullwidth-box fusion-builder-row-1 nonhundred-percent-fullwidth non-hundred-percent-height-scrolling\" style=\"--awb-background-position:left top;--awb-border-radius-top-left:0px;--awb-border-radius-top-right:0px;--awb-border-radius-bottom-right:0px;--awb-border-radius-bottom-left:0px;--awb-padding-top:20px;--awb-padding-bottom:20px;--awb-border-sizes-top:0px;--awb-border-sizes-bottom:0px;--awb-flex-wrap:wrap;\" ><div class=\"fusion-builder-row fusion-row\"><div class=\"fusion-layout-column fusion_builder_column fusion-builder-column-0 fusion_builder_column_1_2 1_2 fusion-one-half fusion-column-first\" style=\"--awb-bg-size:cover;width:48%; margin-right: 4%;\"><div class=\"fusion-column-wrapper fusion-flex-column-wrapper-legacy\"><div class=\"fusion-image-element in-legacy-container\" style=\"--awb-caption-title-font-family:var(--h2_typography-font-family);--awb-caption-title-font-weight:var(--h2_typography-font-weight);--awb-caption-title-font-style:var(--h2_typography-font-style);--awb-caption-title-size:var(--h2_typography-font-size);--awb-caption-title-transform:var(--h2_typography-text-transform);--awb-caption-title-line-height:var(--h2_typography-line-height);--awb-caption-title-letter-spacing:var(--h2_typography-letter-spacing);\"><span class=\" fusion-imageframe imageframe-none imageframe-1 hover-type-none\"><a href=\"http:\/\/observatorioconurbano.ungs.edu.ar\/wp-content\/uploads\/imagensola1000.jpg\" class=\"fusion-lightbox\" data-rel=\"iLightbox[d494eef9301c1a25683]\" data-title=\"imagensola1000\" title=\"imagensola1000\"><img decoding=\"async\" width=\"1000\" height=\"563\" alt=\"imagen del conurbano\" src=\"http:\/\/observatorioconurbano.ungs.edu.ar\/wp-content\/uploads\/imagensola1000.jpg\" class=\"img-responsive wp-image-12632\"\/><\/a><\/span><\/div><div class=\"fusion-clearfix\"><\/div><\/div><\/div><div class=\"fusion-layout-column fusion_builder_column fusion-builder-column-1 fusion_builder_column_1_2 1_2 fusion-one-half fusion-column-last\" style=\"--awb-bg-size:cover;width:48%;\"><div class=\"fusion-column-wrapper fusion-flex-column-wrapper-legacy\"><div class=\"fusion-text fusion-text-1\"><p style=\"text-align: left;\">1.04.20<\/p>\n<p>En el marco de una iniciativa nacional impulsada por el Ministerio de Ciencia y Tecnolog\u00eda de la Naci\u00f3n, un equipo de investigadores docentes, graduadxs y estudiantes del Instituto del Conurbano de la UNGS realiz\u00f3 un relevamiento en barrios del conurbano bonarense, para indagar sobre algunos aspectos del \u201caislamiento social preventivo obligatorio\u201d establecido por el Gobierno Nacional con motivo de la pandemia producida por el virus COVID-19.<\/p>\n<p>Los resultados se encuentran <a href=\"http:\/\/observatorioconurbano.ungs.edu.ar\/Publicaciones\/Informe-ICO-Cuarentena-PDF.pdf\" target=\"_blank\" rel=\"noopener noreferrer\">en este informe<\/a> que da cuenta del nivel de acatamiento, de los principales condicionantes sociourbanos al cumplimiento de las medidas, los modos en que la ciudadan\u00eda se comunica e informa sobre las medidas de cuidado y prevenci\u00f3n, y de los problemas que genera o agrava la cuarentena en su vida cotidiana, ligados a cuestiones de salud, higiene, trabajo y g\u00e9nero principalmente.<\/p>\n<p>El relevamiento, se enmarca en un operativo nacional impulsado por el Ministerio de Ciencia y Tecnolog\u00eda de la Naci\u00f3n. Para llevarlo a cabo, se entrevistaron de forma remota a casi 80 referentes de organizaciones barriales y comunitarias: m\u00e1s de la mitad a referentes de Moreno y las restantes en Jos\u00e9 C. Paz, San Miguel y La Matanza. Tambi\u00e9n se realizaron consultas puntuales en Malvinas, Mor\u00f3n, Hurlingham, Ituzaing\u00f3, Tigre, General San Mart\u00edn, Quilmes, Lomas de Zamora, Z\u00e1rate y General Rodr\u00edguez.<\/p>\n<p>Para acceder al informe, <a href=\"http:\/\/observatorioconurbano.ungs.edu.ar\/Publicaciones\/Informe-ICO-Cuarentena-PDF.pdf\" target=\"_blank\" rel=\"noopener noreferrer\">clickear aqu\u00ed<\/a><\/p>\n<\/div><div class=\"fusion-clearfix\"><\/div><\/div><\/div><\/div><\/div>\n","protected":false},"excerpt":{"rendered":"","protected":false},"author":2,"featured_media":12633,"comment_status":"closed","ping_status":"closed","sticky":false,"template":"","format":"standard","meta":{"_exactmetrics_skip_tracking":false,"_exactmetrics_sitenote_active":false,"_exactmetrics_sitenote_note":"","_exactmetrics_sitenote_category":0,"footnotes":""},"categories":[249,202],"tags":[489,488],"class_list":["post-12631","post","type-post","status-publish","format-standard","has-post-thumbnail","hentry","category-actividades","category-agenda","tag-observatorios-ambientales","tag-unlam"],"_links":{"self":[{"href":"https:\/\/observatorioconurbano.ungs.edu.ar\/index.php?rest_route=\/wp\/v2\/posts\/12631","targetHints":{"allow":["GET"]}}],"collection":[{"href":"https:\/\/observatorioconurbano.ungs.edu.ar\/index.php?rest_route=\/wp\/v2\/posts"}],"about":[{"href":"https:\/\/observatorioconurbano.ungs.edu.ar\/index.php?rest_route=\/wp\/v2\/types\/post"}],"author":[{"embeddable":true,"href":"https:\/\/observatorioconurbano.ungs.edu.ar\/index.php?rest_route=\/wp\/v2\/users\/2"}],"replies":[{"embeddable":true,"href":"https:\/\/observatorioconurbano.ungs.edu.ar\/index.php?rest_route=%2Fwp%2Fv2%2Fcomments&post=12631"}],"version-history":[{"count":4,"href":"https:\/\/observatorioconurbano.ungs.edu.ar\/index.php?rest_route=\/wp\/v2\/posts\/12631\/revisions"}],"predecessor-version":[{"id":12637,"href":"https:\/\/observatorioconurbano.ungs.edu.ar\/index.php?rest_route=\/wp\/v2\/posts\/12631\/revisions\/12637"}],"wp:featuredmedia":[{"embeddable":true,"href":"https:\/\/observatorioconurbano.ungs.edu.ar\/index.php?rest_route=\/wp\/v2\/media\/12633"}],"wp:attachment":[{"href":"https:\/\/observatorioconurbano.ungs.edu.ar\/index.php?rest_route=%2Fwp%2Fv2%2Fmedia&parent=12631"}],"wp:term":[{"taxonomy":"category","embeddable":true,"href":"https:\/\/observatorioconurbano.ungs.edu.ar\/index.php?rest_route=%2Fwp%2Fv2%2Fcategories&post=12631"},{"taxonomy":"post_tag","embeddable":true,"href":"https:\/\/observatorioconurbano.ungs.edu.ar\/index.php?rest_route=%2Fwp%2Fv2%2Ftags&post=12631"}],"curies":[{"name":"wp","href":"https:\/\/api.w.org\/{rel}","templated":true}]}}