{"id":11782,"date":"2019-10-23T15:29:49","date_gmt":"2019-10-23T18:29:49","guid":{"rendered":"http:\/\/observatorioconurbano.ungs.edu.ar\/?p=11782"},"modified":"2019-10-23T15:29:49","modified_gmt":"2019-10-23T18:29:49","slug":"mas-30-experiencias-se-reunieron-seminario-taller-observatorios-socio-territoriales-america-latina-2-2-3-3-4-2-2-2-2-2-2","status":"publish","type":"post","link":"https:\/\/observatorioconurbano.ungs.edu.ar\/?p=11782","title":{"rendered":"El Observatorio en la Jornada de Vinculaci\u00f3n entre las Pol\u00edticas P\u00fablicas y la Investigaci\u00f3n Cient\u00edfica"},"content":{"rendered":"<div class=\"fusion-fullwidth fullwidth-box fusion-builder-row-1 nonhundred-percent-fullwidth non-hundred-percent-height-scrolling\" style=\"--awb-background-position:left top;--awb-border-radius-top-left:0px;--awb-border-radius-top-right:0px;--awb-border-radius-bottom-right:0px;--awb-border-radius-bottom-left:0px;--awb-padding-top:20px;--awb-padding-bottom:20px;--awb-border-sizes-top:0px;--awb-border-sizes-bottom:0px;--awb-flex-wrap:wrap;\" ><div class=\"fusion-builder-row fusion-row\"><div class=\"fusion-layout-column fusion_builder_column fusion-builder-column-0 fusion_builder_column_1_2 1_2 fusion-one-half fusion-column-first\" style=\"--awb-bg-size:cover;width:48%; margin-right: 4%;\"><div class=\"fusion-column-wrapper fusion-flex-column-wrapper-legacy\"><div class=\"fusion-image-carousel fusion-image-carousel-auto fusion-image-carousel-1 lightbox-enabled fusion-carousel-border\"><div class=\"awb-carousel awb-swiper awb-swiper-carousel awb-carousel--carousel awb-swiper-dots-position-bottom\" data-layout=\"carousel\" data-autoplay=\"yes\" data-autoplayspeed=\"2500\" data-autoplaypause=\"no\" data-loop=\"yes\" data-columns=\"1\" data-columnsmedium=\"1\" data-columnssmall=\"1\" data-itemmargin=\"10\" data-itemwidth=\"180\" data-touchscroll=\"no\" data-freemode=\"no\" data-imagesize=\"auto\" data-scrollitems=\"0\" data-centeredslides=\"no\" data-rotationangle=\"50\" data-depth=\"100\" data-speed=\"500\" data-shadow=\"no\" data-pagination=\"bullets\" style=\"--awb-columns:1;--awb-column-spacing:10px;--awb-border-width:1px;--awb-border-color:#e9eaee;\"><div class=\"swiper-wrapper awb-image-carousel-wrapper fusion-flex-align-items-center\"><div class=\"swiper-slide\"><div class=\"fusion-carousel-item-wrapper\"><div class=\"fusion-image-wrapper hover-type-none\"><a data-rel=\"iLightbox[image_carousel_1]\" data-title=\"Jornada-Mesa-de-apertura-1-800\" aria-label=\"Jornada-Mesa-de-apertura-1-800\" href=\"http:\/\/observatorioconurbano.ungs.edu.ar\/wp-content\/uploads\/Jornada-Mesa-de-apertura-1-800.jpg\" target=\"_self\"><img decoding=\"async\" width=\"800\" height=\"479\" src=\"https:\/\/observatorioconurbano.ungs.edu.ar\/wp-content\/uploads\/Jornada-Mesa-de-apertura-1-800.jpg\" class=\"attachment-full size-full\" alt=\"\" \/><\/a><\/div><\/div><\/div><div class=\"swiper-slide\"><div class=\"fusion-carousel-item-wrapper\"><div class=\"fusion-image-wrapper hover-type-none\"><a data-rel=\"iLightbox[image_carousel_1]\" data-title=\"Jornada-Mesa-de-apertura-2-800\" aria-label=\"Jornada-Mesa-de-apertura-2-800\" href=\"http:\/\/observatorioconurbano.ungs.edu.ar\/wp-content\/uploads\/Jornada-Mesa-de-apertura-2-800.jpg\" target=\"_self\"><img decoding=\"async\" width=\"800\" height=\"403\" src=\"https:\/\/observatorioconurbano.ungs.edu.ar\/wp-content\/uploads\/Jornada-Mesa-de-apertura-2-800.jpg\" class=\"attachment-full size-full\" alt=\"\" \/><\/a><\/div><\/div><\/div><div class=\"swiper-slide\"><div class=\"fusion-carousel-item-wrapper\"><div class=\"fusion-image-wrapper hover-type-none\"><a data-rel=\"iLightbox[image_carousel_1]\" data-title=\"Jornada-Mesa-de-apertura-3-800\" aria-label=\"Jornada-Mesa-de-apertura-3-800\" href=\"http:\/\/observatorioconurbano.ungs.edu.ar\/wp-content\/uploads\/Jornada-Mesa-de-apertura-3-800.jpg\" target=\"_self\"><img decoding=\"async\" width=\"800\" height=\"504\" src=\"https:\/\/observatorioconurbano.ungs.edu.ar\/wp-content\/uploads\/Jornada-Mesa-de-apertura-3-800.jpg\" class=\"attachment-full size-full\" alt=\"Mesa de apertura\" \/><\/a><\/div><\/div><\/div><div class=\"swiper-slide\"><div class=\"fusion-carousel-item-wrapper\"><div class=\"fusion-image-wrapper hover-type-none\"><a data-rel=\"iLightbox[image_carousel_1]\" data-title=\"Jornada-Mesa-de-apertura-4-800\" aria-label=\"Jornada-Mesa-de-apertura-4-800\" href=\"http:\/\/observatorioconurbano.ungs.edu.ar\/wp-content\/uploads\/Jornada-Mesa-de-apertura-4-800.jpg\" target=\"_self\"><img decoding=\"async\" width=\"800\" height=\"622\" src=\"https:\/\/observatorioconurbano.ungs.edu.ar\/wp-content\/uploads\/Jornada-Mesa-de-apertura-4-800.jpg\" class=\"attachment-full size-full\" alt=\"Mesa de apertura\" \/><\/a><\/div><\/div><\/div><div class=\"swiper-slide\"><div class=\"fusion-carousel-item-wrapper\"><div class=\"fusion-image-wrapper hover-type-none\"><a data-rel=\"iLightbox[image_carousel_1]\" data-title=\"Jornada-Mesa-de-apertura-5-800\" aria-label=\"Jornada-Mesa-de-apertura-5-800\" href=\"http:\/\/observatorioconurbano.ungs.edu.ar\/wp-content\/uploads\/Jornada-Mesa-de-apertura-5-800.jpg\" target=\"_self\"><img decoding=\"async\" width=\"800\" height=\"630\" src=\"https:\/\/observatorioconurbano.ungs.edu.ar\/wp-content\/uploads\/Jornada-Mesa-de-apertura-5-800.jpg\" class=\"attachment-full size-full\" alt=\"Mesa de apertura\" \/><\/a><\/div><\/div><\/div><div class=\"swiper-slide\"><div class=\"fusion-carousel-item-wrapper\"><div class=\"fusion-image-wrapper hover-type-none\"><a data-rel=\"iLightbox[image_carousel_1]\" data-title=\"Jornada-Mesa-Universidad-y-sociedadestrategias-de-vinculaci\u00f3n-1-800\" aria-label=\"Jornada-Mesa-Universidad-y-sociedadestrategias-de-vinculaci\u00f3n-1-800\" href=\"http:\/\/observatorioconurbano.ungs.edu.ar\/wp-content\/uploads\/Jornada-Mesa-Universidad-y-sociedadestrategias-de-vinculaci\u00f3n-1-800.jpg\" target=\"_self\"><img decoding=\"async\" width=\"800\" height=\"1097\" src=\"https:\/\/observatorioconurbano.ungs.edu.ar\/wp-content\/uploads\/Jornada-Mesa-Universidad-y-sociedadestrategias-de-vinculaci\u00f3n-1-800.jpg\" class=\"attachment-full size-full\" alt=\"Mesa Universidad y sociedad: estrategias de vinculaci\u00f3n\" \/><\/a><\/div><\/div><\/div><div class=\"swiper-slide\"><div class=\"fusion-carousel-item-wrapper\"><div class=\"fusion-image-wrapper hover-type-none\"><a data-rel=\"iLightbox[image_carousel_1]\" data-title=\"Jornada-Mesa-Universidad-y-sociedadestrategias-de-vinculaci\u00f3n-2-800\" aria-label=\"Jornada-Mesa-Universidad-y-sociedadestrategias-de-vinculaci\u00f3n-2-800\" href=\"http:\/\/observatorioconurbano.ungs.edu.ar\/wp-content\/uploads\/Jornada-Mesa-Universidad-y-sociedadestrategias-de-vinculaci\u00f3n-2-800.jpg\" target=\"_self\"><img decoding=\"async\" width=\"800\" height=\"630\" src=\"https:\/\/observatorioconurbano.ungs.edu.ar\/wp-content\/uploads\/Jornada-Mesa-Universidad-y-sociedadestrategias-de-vinculaci\u00f3n-2-800.jpg\" class=\"attachment-full size-full\" alt=\"Mesa Universidad y sociedad: estrategias de vinculaci\u00f3n\" \/><\/a><\/div><\/div><\/div><div class=\"swiper-slide\"><div class=\"fusion-carousel-item-wrapper\"><div class=\"fusion-image-wrapper hover-type-none\"><a data-rel=\"iLightbox[image_carousel_1]\" data-title=\"Jornada-Mesa-Universidad-y-sociedadestrategias-de-vinculaci\u00f3n-3-800\" aria-label=\"Jornada-Mesa-Universidad-y-sociedadestrategias-de-vinculaci\u00f3n-3-800\" href=\"http:\/\/observatorioconurbano.ungs.edu.ar\/wp-content\/uploads\/Jornada-Mesa-Universidad-y-sociedadestrategias-de-vinculaci\u00f3n-3-800.jpg\" target=\"_self\"><img decoding=\"async\" width=\"800\" height=\"630\" src=\"https:\/\/observatorioconurbano.ungs.edu.ar\/wp-content\/uploads\/Jornada-Mesa-Universidad-y-sociedadestrategias-de-vinculaci\u00f3n-3-800.jpg\" class=\"attachment-full size-full\" alt=\"Mesa Universidad y sociedad: estrategias de vinculaci\u00f3n\" \/><\/a><\/div><\/div><\/div><div class=\"swiper-slide\"><div class=\"fusion-carousel-item-wrapper\"><div class=\"fusion-image-wrapper hover-type-none\"><a data-rel=\"iLightbox[image_carousel_1]\" data-title=\"Jornada-Mesa-Universidad-y-sociedadestrategias-de-vinculaci\u00f3n-4-800\" aria-label=\"Jornada-Mesa-Universidad-y-sociedadestrategias-de-vinculaci\u00f3n-4-800\" href=\"http:\/\/observatorioconurbano.ungs.edu.ar\/wp-content\/uploads\/Jornada-Mesa-Universidad-y-sociedadestrategias-de-vinculaci\u00f3n-4-800.jpg\" target=\"_self\"><img decoding=\"async\" width=\"800\" height=\"630\" src=\"https:\/\/observatorioconurbano.ungs.edu.ar\/wp-content\/uploads\/Jornada-Mesa-Universidad-y-sociedadestrategias-de-vinculaci\u00f3n-4-800.jpg\" class=\"attachment-full size-full\" alt=\"Mesa Universidad y sociedad: estrategias de vinculaci\u00f3n\" \/><\/a><\/div><\/div><\/div><div class=\"swiper-slide\"><div class=\"fusion-carousel-item-wrapper\"><div class=\"fusion-image-wrapper hover-type-none\"><a data-rel=\"iLightbox[image_carousel_1]\" data-title=\"Jornada-Mesa-Universidad-y-sociedadestrategias-de-vinculaci\u00f3n-5-800\" aria-label=\"Jornada-Mesa-Universidad-y-sociedadestrategias-de-vinculaci\u00f3n-5-800\" href=\"http:\/\/observatorioconurbano.ungs.edu.ar\/wp-content\/uploads\/Jornada-Mesa-Universidad-y-sociedadestrategias-de-vinculaci\u00f3n-5-800.jpg\" target=\"_self\"><img decoding=\"async\" width=\"800\" height=\"630\" src=\"https:\/\/observatorioconurbano.ungs.edu.ar\/wp-content\/uploads\/Jornada-Mesa-Universidad-y-sociedadestrategias-de-vinculaci\u00f3n-5-800.jpg\" class=\"attachment-full size-full\" alt=\"Mesa Universidad y sociedad: estrategias de vinculaci\u00f3n\" \/><\/a><\/div><\/div><\/div><\/div><div class=\"awb-swiper-button awb-swiper-button-prev\"><i class=\"awb-icon-angle-left\" aria-hidden=\"true\"><\/i><\/div><div class=\"awb-swiper-button awb-swiper-button-next\"><i class=\"awb-icon-angle-right\" aria-hidden=\"true\"><\/i><\/div><\/div><\/div><div class=\"fusion-clearfix\"><\/div><\/div><\/div><div class=\"fusion-layout-column fusion_builder_column fusion-builder-column-1 fusion_builder_column_1_2 1_2 fusion-one-half fusion-column-last\" style=\"--awb-bg-size:cover;width:48%;\"><div class=\"fusion-column-wrapper fusion-flex-column-wrapper-legacy\"><div class=\"fusion-text fusion-text-1\"><p style=\"text-align: left;\">23.10.19<\/p>\n<p>El jueves 10 de octubre, el Observatorio del Conurbano particip\u00f3 en la Biblioteca del Congreso de la Naci\u00f3n de la <strong>Jornada de Vinculaci\u00f3n entre las Pol\u00edticas P\u00fablicas y la Investigaci\u00f3n Cient\u00edfica<\/strong><strong>, destinada a promover<\/strong> la vinculaci\u00f3n entre la producci\u00f3n de conocimiento y el \u00e1mbito de la gesti\u00f3n y planificaci\u00f3n de pol\u00edticas p\u00fablicas. La Jornada estuvo organizada por el Instituto de Investigaci\u00f3n sobre Conocimiento y Pol\u00edticas P\u00fablicas y la Biblioteca del Congreso de la Naci\u00f3n.<\/p>\n<p>Adriana Rofman, Coordinadora del Observatorio, particip\u00f3 de la mesa de apertura junto a Guillermo Tamarit (UNNOBA), Vilma Paura (UNTREF), Silvia Fern\u00e1ndez Soto (UNICEN) Mateo Niro (CIC), Gustavo Blutman (UBA) y Alejandro Santa (Biblioteca del Congreso de la Naci\u00f3n).<\/p>\n<p>La jornada cont\u00f3 con mesas de exposici\u00f3n y di\u00e1logo acerca de comunicaci\u00f3n y experiencias de gesti\u00f3n p\u00fablica; ni\u00f1ez, juventud y educaci\u00f3n; pol\u00edticas de desarrollo social; saberes desde y sobre el Estado; estrategias de vinculaci\u00f3n entre la universidad y la sociedad; desarrollo territorial; e integraci\u00f3n y equidad social en contextos de encierro.<\/p>\n<p>Integrantes del Observatorio del Conurbano participaron con dos ponencias en la Mesa \u201cUniversidad y sociedad: estrategias de vinculaci\u00f3n\u201d. All\u00ed expusieron sus trabajos: \u201cVinculando conocimiento y pol\u00edticas p\u00fablicas desde la universidad: el caso del Observatorio del Conurbano Bonaerense\u201d (Daniela Natale y Emanuel L\u00f3pez M\u00e9ndez). Y \u201cObservatorio del Conurbano, vinculaci\u00f3n y generaci\u00f3n de conocimiento\u201d (Santiago Fern\u00e1ndez Ceci, Liliana Puntano y Leandro Rodr\u00edguez).<\/p>\n<\/div><div class=\"fusion-clearfix\"><\/div><\/div><\/div><\/div><\/div>\n","protected":false},"excerpt":{"rendered":"","protected":false},"author":2,"featured_media":11784,"comment_status":"closed","ping_status":"closed","sticky":false,"template":"","format":"standard","meta":{"_exactmetrics_skip_tracking":false,"_exactmetrics_sitenote_active":false,"_exactmetrics_sitenote_note":"","_exactmetrics_sitenote_category":0,"footnotes":""},"categories":[249,202],"tags":[489,488],"class_list":["post-11782","post","type-post","status-publish","format-standard","has-post-thumbnail","hentry","category-actividades","category-agenda","tag-observatorios-ambientales","tag-unlam"],"_links":{"self":[{"href":"https:\/\/observatorioconurbano.ungs.edu.ar\/index.php?rest_route=\/wp\/v2\/posts\/11782","targetHints":{"allow":["GET"]}}],"collection":[{"href":"https:\/\/observatorioconurbano.ungs.edu.ar\/index.php?rest_route=\/wp\/v2\/posts"}],"about":[{"href":"https:\/\/observatorioconurbano.ungs.edu.ar\/index.php?rest_route=\/wp\/v2\/types\/post"}],"author":[{"embeddable":true,"href":"https:\/\/observatorioconurbano.ungs.edu.ar\/index.php?rest_route=\/wp\/v2\/users\/2"}],"replies":[{"embeddable":true,"href":"https:\/\/observatorioconurbano.ungs.edu.ar\/index.php?rest_route=%2Fwp%2Fv2%2Fcomments&post=11782"}],"version-history":[{"count":5,"href":"https:\/\/observatorioconurbano.ungs.edu.ar\/index.php?rest_route=\/wp\/v2\/posts\/11782\/revisions"}],"predecessor-version":[{"id":11799,"href":"https:\/\/observatorioconurbano.ungs.edu.ar\/index.php?rest_route=\/wp\/v2\/posts\/11782\/revisions\/11799"}],"wp:featuredmedia":[{"embeddable":true,"href":"https:\/\/observatorioconurbano.ungs.edu.ar\/index.php?rest_route=\/wp\/v2\/media\/11784"}],"wp:attachment":[{"href":"https:\/\/observatorioconurbano.ungs.edu.ar\/index.php?rest_route=%2Fwp%2Fv2%2Fmedia&parent=11782"}],"wp:term":[{"taxonomy":"category","embeddable":true,"href":"https:\/\/observatorioconurbano.ungs.edu.ar\/index.php?rest_route=%2Fwp%2Fv2%2Fcategories&post=11782"},{"taxonomy":"post_tag","embeddable":true,"href":"https:\/\/observatorioconurbano.ungs.edu.ar\/index.php?rest_route=%2Fwp%2Fv2%2Ftags&post=11782"}],"curies":[{"name":"wp","href":"https:\/\/api.w.org\/{rel}","templated":true}]}}